{"id":112794,"date":"2024-01-04T11:18:58","date_gmt":"2024-01-04T14:18:58","guid":{"rendered":"https:\/\/www.actualidadadiario.com\/?p=112794"},"modified":"2024-01-04T11:18:58","modified_gmt":"2024-01-04T14:18:58","slug":"aerolineas-argentinas-recupero-la-ruta-resistencia-puerto-iguazu-despues-de-13-anos","status":"publish","type":"post","link":"https:\/\/www.actualidadadiario.com\/index.php\/2024\/01\/04\/aerolineas-argentinas-recupero-la-ruta-resistencia-puerto-iguazu-despues-de-13-anos\/","title":{"rendered":"Aerol\u00edneas Argentinas recuper\u00f3 la ruta Resistencia-Puerto Iguaz\u00fa despu\u00e9s de 13 a\u00f1os"},"content":{"rendered":"<p style=\"text-align: center;\"><em><strong>El servicio ser\u00e1 cubierto por una aeronave Embraer 190 con capacidad para 96 pasajeros. La \u00faltima vez que ambas ciudades tuvieron vuelos directos fue en 2008-2009 a trav\u00e9s de Aerochaco<\/strong><\/em><\/p>\n<p>&nbsp;<\/p>\n<p>&nbsp;<\/p>\n<p>Aerol\u00edneas Argentinas comenz\u00f3 ayer a volar regularmente entre la capital chaque\u00f1a, Resistencia, y la ciudad misionera de Puerto Iguaz\u00fa, despu\u00e9s de 13 a\u00f1os de inactividad en esa ruta a\u00e9rea.<\/p>\n<p>El vuelo parti\u00f3 al mediod\u00eda, marcando el comienzo de un servicio semanal que permitir\u00e1 reducir significativamente el tiempo de viaje entre estas dos ciudades, de ocho horas en auto u \u00f3mnibus a una hora y 15 minutos en avi\u00f3n, y que tambi\u00e9n podr\u00e1 ser aprovechado por aquellos viajeros que deseen dirigirse a Brasil a trav\u00e9s de Foz do Iguaz\u00fa.<\/p>\n<p>La nueva ruta sin escala estar\u00e1 disponible los mi\u00e9rcoles (de Chaco a Misiones), a las 13.05, con regreso los domingos (de Misiones a Chaco), a las 19.30 y se podr\u00e1 acceder a este vuelo de manera estacional hasta el 3 de marzo, en coincidencia con la temporada de verano.<\/p>\n<p>Durante la presentaci\u00f3n del vuelo en el Aeropuerto de Resistencia, el gobernador de Chaco, Leandro Zdero expres\u00f3 su entusiasmo por este hito en la conectividad regional y se espera que esta ruta no s\u00f3lo beneficie al turismo, sino que tambi\u00e9n fortalezca la conexi\u00f3n en toda la regi\u00f3n.<\/p>\n<p>Los vuelos ser\u00e1n operados con aeronaves Embraer 190, con capacidad para 96 pasajeros, lo que significan 1.728 asientos durante la temporada estival.<\/p>\n<p>La \u00faltima vez que ambas ciudades tuvieron vuelos directos fue en 2008-2009 a trav\u00e9s de Aerochaco, que utilizaba aeronaves Jetstream 32 con capacidad para 19 pasajeros con dos vuelos semanales.<\/p>\n<p>En la d\u00e9cada de los 90, la empresa ALTA oper\u00f3 vuelos entre Resistencia e Iguaz\u00fa con aeronaves Beechcraft 1900D.<\/p>\n<p>Con este vuelo, Resistencia contar\u00e1 con 21 vuelos semanales hacia y desde Aeroparque de la Ciudad de Buenos Aires, cuatro vuelos semanales hacia y desde C\u00f3rdoba, dos vuelos semanales hacia y desde Salta y ahora uno por semana a Puerto Iguaz\u00fa.<\/p>\n","protected":false},"excerpt":{"rendered":"<p>El servicio ser\u00e1 cubierto por una aeronave Embraer 190 con capacidad para 96 pasajeros. La \u00faltima vez que ambas ciudades tuvieron vuelos directos fue en 2008-2009 a trav\u00e9s de Aerochaco &nbsp; &nbsp; Aerol\u00edneas Argentinas comenz\u00f3 ayer a volar regularmente entre la capital chaque\u00f1a, Resistencia, y la ciudad misionera de Puerto Iguaz\u00fa, despu\u00e9s de 13 a\u00f1os de inactividad en esa ruta a\u00e9rea. El vuelo parti\u00f3 al mediod\u00eda, marcando el comienzo de un servicio semanal que permitir\u00e1 reducir significativamente el tiempo de viaje entre estas dos ciudades, de ocho horas en auto&#8230;<\/p>\n","protected":false},"author":3,"featured_media":108043,"comment_status":"closed","ping_status":"closed","sticky":false,"template":"","format":"standard","meta":[],"categories":[2],"tags":[],"_links":{"self":[{"href":"https:\/\/www.actualidadadiario.com\/index.php\/wp-json\/wp\/v2\/posts\/112794"}],"collection":[{"href":"https:\/\/www.actualidadadiario.com\/index.php\/wp-json\/wp\/v2\/posts"}],"about":[{"href":"https:\/\/www.actualidadadiario.com\/index.php\/wp-json\/wp\/v2\/types\/post"}],"author":[{"embeddable":true,"href":"https:\/\/www.actualidadadiario.com\/index.php\/wp-json\/wp\/v2\/users\/3"}],"replies":[{"embeddable":true,"href":"https:\/\/www.actualidadadiario.com\/index.php\/wp-json\/wp\/v2\/comments?post=112794"}],"version-history":[{"count":1,"href":"https:\/\/www.actualidadadiario.com\/index.php\/wp-json\/wp\/v2\/posts\/112794\/revisions"}],"predecessor-version":[{"id":112795,"href":"https:\/\/www.actualidadadiario.com\/index.php\/wp-json\/wp\/v2\/posts\/112794\/revisions\/112795"}],"wp:featuredmedia":[{"embeddable":true,"href":"https:\/\/www.actualidadadiario.com\/index.php\/wp-json\/wp\/v2\/media\/108043"}],"wp:attachment":[{"href":"https:\/\/www.actualidadadiario.com\/index.php\/wp-json\/wp\/v2\/media?parent=112794"}],"wp:term":[{"taxonomy":"category","embeddable":true,"href":"https:\/\/www.actualidadadiario.com\/index.php\/wp-json\/wp\/v2\/categories?post=112794"},{"taxonomy":"post_tag","embeddable":true,"href":"https:\/\/www.actualidadadiario.com\/index.php\/wp-json\/wp\/v2\/tags?post=112794"}],"curies":[{"name":"wp","href":"https:\/\/api.w.org\/{rel}","templated":true}]}}