{"id":112741,"date":"2023-12-29T15:27:01","date_gmt":"2023-12-29T18:27:01","guid":{"rendered":"https:\/\/www.actualidadadiario.com\/?p=112741"},"modified":"2023-12-29T15:27:11","modified_gmt":"2023-12-29T18:27:11","slug":"menem-sobre-el-respaldo-a-la-ley-omnibus-en-el-congreso-el-numero-esta","status":"publish","type":"post","link":"https:\/\/www.actualidadadiario.com\/index.php\/2023\/12\/29\/menem-sobre-el-respaldo-a-la-ley-omnibus-en-el-congreso-el-numero-esta\/","title":{"rendered":"Menem sobre el respaldo a la Ley \u00d3mnibus en el Congreso: &#8220;El n\u00famero est\u00e1&#8221;"},"content":{"rendered":"<p style=\"text-align: center;\"><em><strong>Si bien reconoci\u00f3 que &#8220;hay ruido&#8221; a nivel parlamentario por el &#8220;tama\u00f1o de las reformas que se plantean&#8221;, el presidente de la C\u00e1mara de Diputados se\u00f1al\u00f3 que &#8220;cuando se empieza a porotear&#8221; hay n\u00famero para tratarlo, y remarc\u00f3 que necesitan que &#8220;salga completo&#8221;<\/strong><\/em><\/p>\n<p>&nbsp;<\/p>\n<p>&nbsp;<\/p>\n<p>El presidente de la C\u00e1mara de Diputados, Mart\u00edn Menem, afirm\u00f3 este viernes que en el Congreso &#8220;el n\u00famero est\u00e1&#8221; para aprobar el proyecto de ley del Ejecutivo, denominado &#8220;Ley de Bases y Puntos de Partida para La Libertad de los Argentinos&#8221;, y puso de relieve que se necesita que &#8220;salga completo&#8221;.<\/p>\n<p>&#8220;Cuando se empieza a porotear, creo que tenemos el n\u00famero: tenemos 38 (diputados) nosotros; 37 del PRO; 33 del radicalismo, y ah\u00ed un importante sector del radicalismo va a apoyar las medidas; y al bloque de (Miguel \u00c1ngel) Pichetto lo veo acompa\u00f1ando&#8221;, analiz\u00f3 Mart\u00edn Menem en declaraciones formuladas al canal Am\u00e9rica 24, donde destac\u00f3 la importancia de que el Congreso apruebe &#8220;el paquete completo&#8221;, en referencia a la &#8220;Ley \u00f3mnibus&#8221; impulsado por el gobierno de Javier Milei.<\/p>\n<p>Aunque que a nivel parlamentario &#8220;hay ruido&#8221; e &#8220;impresiona el tama\u00f1o de las reformas que se plantean&#8221;, Menem asegur\u00f3 los temas se van &#8220;a discutir&#8221;. &#8220;Todos tienen observaciones y, para eso, est\u00e1 el parlamento; lo vamos a discutir y vamos a hacer todo lo que tengamos que hacer para que la libertad vuelva a estar en el norte de cada uno de nosotros, pero el n\u00famero est\u00e1&#8221;, sostuvo el titular de la C\u00e1mara baja.<\/p>\n<p>En ese sentido, afirm\u00f3 que Milei gan\u00f3 las elecciones &#8220;diciendo que iba a hacer esto&#8221;, insisti\u00f3 en que &#8220;hay voluntad de acompa\u00f1amiento&#8221; en el Congreso y se\u00f1al\u00f3 que &#8220;los que atacan&#8221; las medidas del Gobierno &#8220;fueron los que perdieron&#8221; los comicios.<\/p>\n<p>Adem\u00e1s, consider\u00f3 que la Argentina &#8220;no va a salir si gasta m\u00e1s de lo que recauda&#8221; y dijo que &#8220;lleg\u00f3 la hora de decir basta&#8221; al contraponer &#8220;la continuidad de los \u00faltimos 100 a\u00f1os o el gran cambio que propone Milei, que es lo que dijo siempre&#8221;.<\/p>\n<p>El legislador oficialista dijo tener &#8220;muchas expectativas de poder ir adelante con el proyecto&#8221; de &#8220;Ley \u00f3mnibus&#8221; y puso \u00e9nfasis en que el texto de esa norma contiene &#8220;los principios y las bases para la libertad de los argentinos&#8221;.<\/p>\n<p>&#8220;Es grande, es muy importante pero es lo que se vino transmitiendo en toda la carrera pol\u00edtica Milei&#8221;, dijo y a\u00f1adi\u00f3: &#8220;Pocas veces un candidato dijo voy a hacer esto, y llega y lo hace&#8221;.<\/p>\n<p>Menem indic\u00f3 que en el Congreso &#8220;hay una base parlamentaria muy fragmentada, que no representa lo que ocurri\u00f3 el 19 de noviembre&#8221; en el marco del balotaje que defini\u00f3 la Presidencia, en el que -se\u00f1al\u00f3- &#8220;casi el 56 por ciento de los argentinos decidieron el cambio&#8221;.<\/p>\n<p>No obstante, insisti\u00f3 en remarcar que la Argentina &#8220;est\u00e1 tomando conciencia de que hay que ir por el cambio&#8221; y expres\u00f3 su convicci\u00f3n de que &#8220;Milei va a ser el presidente que va a terminar con la inflaci\u00f3n, que es lo peor que nos ha pasado, lo m\u00e1s caro que afecta a los argentinos&#8221;.<\/p>\n","protected":false},"excerpt":{"rendered":"<p>Si bien reconoci\u00f3 que &#8220;hay ruido&#8221; a nivel parlamentario por el &#8220;tama\u00f1o de las reformas que se plantean&#8221;, el presidente de la C\u00e1mara de Diputados se\u00f1al\u00f3 que &#8220;cuando se empieza a porotear&#8221; hay n\u00famero para tratarlo, y remarc\u00f3 que necesitan que &#8220;salga completo&#8221; &nbsp; &nbsp; El presidente de la C\u00e1mara de Diputados, Mart\u00edn Menem, afirm\u00f3 este viernes que en el Congreso &#8220;el n\u00famero est\u00e1&#8221; para aprobar el proyecto de ley del Ejecutivo, denominado &#8220;Ley de Bases y Puntos de Partida para La Libertad de los Argentinos&#8221;, y puso de relieve&#8230;<\/p>\n","protected":false},"author":3,"featured_media":112742,"comment_status":"closed","ping_status":"closed","sticky":false,"template":"","format":"standard","meta":[],"categories":[18],"tags":[],"_links":{"self":[{"href":"https:\/\/www.actualidadadiario.com\/index.php\/wp-json\/wp\/v2\/posts\/112741"}],"collection":[{"href":"https:\/\/www.actualidadadiario.com\/index.php\/wp-json\/wp\/v2\/posts"}],"about":[{"href":"https:\/\/www.actualidadadiario.com\/index.php\/wp-json\/wp\/v2\/types\/post"}],"author":[{"embeddable":true,"href":"https:\/\/www.actualidadadiario.com\/index.php\/wp-json\/wp\/v2\/users\/3"}],"replies":[{"embeddable":true,"href":"https:\/\/www.actualidadadiario.com\/index.php\/wp-json\/wp\/v2\/comments?post=112741"}],"version-history":[{"count":2,"href":"https:\/\/www.actualidadadiario.com\/index.php\/wp-json\/wp\/v2\/posts\/112741\/revisions"}],"predecessor-version":[{"id":112744,"href":"https:\/\/www.actualidadadiario.com\/index.php\/wp-json\/wp\/v2\/posts\/112741\/revisions\/112744"}],"wp:featuredmedia":[{"embeddable":true,"href":"https:\/\/www.actualidadadiario.com\/index.php\/wp-json\/wp\/v2\/media\/112742"}],"wp:attachment":[{"href":"https:\/\/www.actualidadadiario.com\/index.php\/wp-json\/wp\/v2\/media?parent=112741"}],"wp:term":[{"taxonomy":"category","embeddable":true,"href":"https:\/\/www.actualidadadiario.com\/index.php\/wp-json\/wp\/v2\/categories?post=112741"},{"taxonomy":"post_tag","embeddable":true,"href":"https:\/\/www.actualidadadiario.com\/index.php\/wp-json\/wp\/v2\/tags?post=112741"}],"curies":[{"name":"wp","href":"https:\/\/api.w.org\/{rel}","templated":true}]}}