{"id":112738,"date":"2023-12-29T15:25:08","date_gmt":"2023-12-29T18:25:08","guid":{"rendered":"https:\/\/www.actualidadadiario.com\/?p=112738"},"modified":"2023-12-29T15:25:08","modified_gmt":"2023-12-29T18:25:08","slug":"uxp-solicito-la-conformacion-urgente-de-la-comision-bicameral-para-el-tratamiento-del-dnu","status":"publish","type":"post","link":"https:\/\/www.actualidadadiario.com\/index.php\/2023\/12\/29\/uxp-solicito-la-conformacion-urgente-de-la-comision-bicameral-para-el-tratamiento-del-dnu\/","title":{"rendered":"UxP solicit\u00f3 la conformaci\u00f3n &#8220;urgente&#8221; de la Comisi\u00f3n Bicameral para el tratamiento del DNU"},"content":{"rendered":"<p style=\"text-align: center;\"><em><strong>El jefe de bloque de diputados, Germ\u00e1n Mart\u00ednez, present\u00f3 la solicitud al presidente de la C\u00e1mara baja, Mart\u00edn Menem, donde se cuestion\u00f3 la composici\u00f3n que busca establecer el oficialismo<\/strong><\/em><\/p>\n<p>&nbsp;<\/p>\n<p>&nbsp;<\/p>\n<p>El bloque de Diputados de Uni\u00f3n por la Patria le solicit\u00f3 este jueves al presidente de la C\u00e1mara de Diputados, Mart\u00edn Menem, la conformaci\u00f3n &#8220;urgente&#8221; de la Comisi\u00f3n Bicameral de Tr\u00e1mite Legislativo para el tratamiento del Decreto de Necesidad y Urgencia (DNU) presentado por el presidente Javier Milei la semana pasada.<\/p>\n<p>&#8220;Requerimos la urgente conformaci\u00f3n de la Comisi\u00f3n Bicameral para dar tratamiento al DNU 70\/2023, tal como establece la Constituci\u00f3n Nacional, la ley N\u00b026.122 y las resoluciones del cuerpo en la Sesi\u00f3n Preparatoria&#8221;, anunci\u00f3 a trav\u00e9s de la cuenta oficial de la red social X. Adem\u00e1s, confirm\u00f3 que ya se realiz\u00f3 el &#8220;pedido formal al Presidente de la C\u00e1mara de Diputados&#8221;.<\/p>\n<p>La solicitud lleva la firma de Germ\u00e1n Mart\u00ednez, presidente del bloque, quien argument\u00f3 que, de acuerdo al art\u00edculo 99 inciso 3 de la Constituci\u00f3n Nacional, &#8220;la composici\u00f3n de la referida comisi\u00f3n &#8216;deber\u00e1 respetar la proporci\u00f3n de las representaciones pol\u00edticas de cada C\u00e1mara'&#8221;.<\/p>\n<p>Adem\u00e1s, agreg\u00f3 que, cumpliendo el mandato constitucional, &#8220;la ley 26.122 en su art\u00edculo 3 expresa que la comisi\u00f3n debe integrarse &#8216;respetando la proporci\u00f3n de las representaciones pol\u00edticas'&#8221;. A la vez, record\u00f3 que &#8220;el plenario de esta c\u00e1mara resolvi\u00f3 en la sesi\u00f3n preparatoria del 7 de diciembre de 2023 que las comisiones se integren aplicando el sistema D&#8217;Hont por bloque&#8221;.<\/p>\n<p>De esta manera, el diputado nacional sostuvo que al considerar la cantidad de integrantes de cada uno de los bloques de este cuerpo &#8220;corresponde que la Comisi\u00f3n Permanente de Tr\u00e1mite Legislativo se integre con cuatro diputados de Uni\u00f3n por la Patria, un diputado de La Libertad Avanza (LLA), un diputado del PRO, un diputado de la UCR-Uni\u00f3n C\u00edvica Radical y un diputado por Hacemos Coalici\u00f3n Federal&#8221;.<\/p>\n<p>&#8220;Cualquier otra interpretaci\u00f3n en la conformaci\u00f3n de la Comisi\u00f3n Permanente de Tr\u00e1mite Legislativo constituir\u00e1 una arbitrariedad insalvable por contrariar a la Constituci\u00f3n Nacional, a la ley 26.122 y al acuerdo alcanzado por este cuerpo en el recinto el d\u00eda 7 de diciembre de 2023&#8221;, concluy\u00f3 Mart\u00ednez.<\/p>\n","protected":false},"excerpt":{"rendered":"<p>El jefe de bloque de diputados, Germ\u00e1n Mart\u00ednez, present\u00f3 la solicitud al presidente de la C\u00e1mara baja, Mart\u00edn Menem, donde se cuestion\u00f3 la composici\u00f3n que busca establecer el oficialismo &nbsp; &nbsp; El bloque de Diputados de Uni\u00f3n por la Patria le solicit\u00f3 este jueves al presidente de la C\u00e1mara de Diputados, Mart\u00edn Menem, la conformaci\u00f3n &#8220;urgente&#8221; de la Comisi\u00f3n Bicameral de Tr\u00e1mite Legislativo para el tratamiento del Decreto de Necesidad y Urgencia (DNU) presentado por el presidente Javier Milei la semana pasada. &#8220;Requerimos la urgente conformaci\u00f3n de la Comisi\u00f3n Bicameral&#8230;<\/p>\n","protected":false},"author":3,"featured_media":112739,"comment_status":"closed","ping_status":"closed","sticky":false,"template":"","format":"standard","meta":[],"categories":[18],"tags":[],"_links":{"self":[{"href":"https:\/\/www.actualidadadiario.com\/index.php\/wp-json\/wp\/v2\/posts\/112738"}],"collection":[{"href":"https:\/\/www.actualidadadiario.com\/index.php\/wp-json\/wp\/v2\/posts"}],"about":[{"href":"https:\/\/www.actualidadadiario.com\/index.php\/wp-json\/wp\/v2\/types\/post"}],"author":[{"embeddable":true,"href":"https:\/\/www.actualidadadiario.com\/index.php\/wp-json\/wp\/v2\/users\/3"}],"replies":[{"embeddable":true,"href":"https:\/\/www.actualidadadiario.com\/index.php\/wp-json\/wp\/v2\/comments?post=112738"}],"version-history":[{"count":1,"href":"https:\/\/www.actualidadadiario.com\/index.php\/wp-json\/wp\/v2\/posts\/112738\/revisions"}],"predecessor-version":[{"id":112740,"href":"https:\/\/www.actualidadadiario.com\/index.php\/wp-json\/wp\/v2\/posts\/112738\/revisions\/112740"}],"wp:featuredmedia":[{"embeddable":true,"href":"https:\/\/www.actualidadadiario.com\/index.php\/wp-json\/wp\/v2\/media\/112739"}],"wp:attachment":[{"href":"https:\/\/www.actualidadadiario.com\/index.php\/wp-json\/wp\/v2\/media?parent=112738"}],"wp:term":[{"taxonomy":"category","embeddable":true,"href":"https:\/\/www.actualidadadiario.com\/index.php\/wp-json\/wp\/v2\/categories?post=112738"},{"taxonomy":"post_tag","embeddable":true,"href":"https:\/\/www.actualidadadiario.com\/index.php\/wp-json\/wp\/v2\/tags?post=112738"}],"curies":[{"name":"wp","href":"https:\/\/api.w.org\/{rel}","templated":true}]}}