{"id":112735,"date":"2023-12-29T15:23:54","date_gmt":"2023-12-29T18:23:54","guid":{"rendered":"https:\/\/www.actualidadadiario.com\/?p=112735"},"modified":"2023-12-29T15:23:54","modified_gmt":"2023-12-29T18:23:54","slug":"milei-formalizo-la-renuncia-de-argentina-a-ingresar-a-los-brics","status":"publish","type":"post","link":"https:\/\/www.actualidadadiario.com\/index.php\/2023\/12\/29\/milei-formalizo-la-renuncia-de-argentina-a-ingresar-a-los-brics\/","title":{"rendered":"Milei formaliz\u00f3 la renuncia de Argentina a ingresar a los BRICS"},"content":{"rendered":"<p style=\"text-align: center;\"><em><strong>El presidente le inform\u00f3 al presidente de Brasil Lula Da Silva que nuestro pa\u00eds declinaba la invitaci\u00f3n de sumarse al bloque de naciones emergentes. Ya hab\u00eda sido adelantado por la Canciller Diana Mondino<\/strong><\/em><\/p>\n<p>&nbsp;<\/p>\n<p>&nbsp;<\/p>\n<p>El Presidente Javier Milei formaliz\u00f3 la renuncia de Argentina a ingresar a los BRICS tras enviarle una carta a su par de Brasil, Lula da Silva. Diana Mondino, a pocos d\u00edas de que La Libertad Avanza ganara el balotaje, ya hab\u00eda anticipado que declinar\u00edan la invitaci\u00f3n. &#8220;No vamos a dar marcha atr\u00e1s porque nunca se aprob\u00f3&#8221;, hab\u00eda dicho en aquel entonces la futura ministra, consultada sobre la concreci\u00f3n de la entrada del pa\u00eds al bloque de pa\u00edses emergentes liderado por Brasil, Rusia, India, China y Sud\u00e1frica.<\/p>\n<p>En la previa de la 29\u00b0 Conferencia Industrial de la Uni\u00f3n Industrial Argentina (UIA), Mondino se hab\u00eda mostrado a favor del tratado Mercosur &#8211; Uni\u00f3n Europea. &#8220;Tiene altas posibilidades de que se firme el 7 de diciembre. Como La Libertad Avanza hemos manifestado que no tenemos ninguna objeci\u00f3n en que se firme, al contrario, nos parece excelente. Ojal\u00e1 Alberto Fern\u00e1ndez pueda concretarlo y termine su mandato con este logro&#8221;, sostuvo.<\/p>\n<p>En la carta enviada a Lula Da Silva, Milei argument\u00f3 que &#8220;la impronta en materia de pol\u00edtica exterior del Gobierno que presido desde hace d\u00edas difiere en muchos aspectos del Gobierno precedente&#8221;. Puntualmente, sobre los BRICS, escribi\u00f3: &#8220;Al respecto, quisiera informarle que en esta instancia no se considera oportuna la incorporaci\u00f3n de la Rep\u00fablica Argentina al bloque de los BRICS como miembro pleno a partir del 1 de enero de 2024&#8221;.<\/p>\n<p>Sin embargo, a pesar del rechazo, el Presidente enfatiz\u00f3 en el hecho de &#8220;la intensificaci\u00f3n de los lazos bilaterales con su pa\u00eds, en particular el aumento de los flujos de comercio e inversi\u00f3n&#8221;. Como cierre, reiter\u00f3 su deseo de reunirse con \u00e9l.<\/p>\n","protected":false},"excerpt":{"rendered":"<p>El presidente le inform\u00f3 al presidente de Brasil Lula Da Silva que nuestro pa\u00eds declinaba la invitaci\u00f3n de sumarse al bloque de naciones emergentes. Ya hab\u00eda sido adelantado por la Canciller Diana Mondino &nbsp; &nbsp; El Presidente Javier Milei formaliz\u00f3 la renuncia de Argentina a ingresar a los BRICS tras enviarle una carta a su par de Brasil, Lula da Silva. Diana Mondino, a pocos d\u00edas de que La Libertad Avanza ganara el balotaje, ya hab\u00eda anticipado que declinar\u00edan la invitaci\u00f3n. &#8220;No vamos a dar marcha atr\u00e1s porque nunca se&#8230;<\/p>\n","protected":false},"author":3,"featured_media":112736,"comment_status":"closed","ping_status":"closed","sticky":false,"template":"","format":"standard","meta":[],"categories":[9],"tags":[],"_links":{"self":[{"href":"https:\/\/www.actualidadadiario.com\/index.php\/wp-json\/wp\/v2\/posts\/112735"}],"collection":[{"href":"https:\/\/www.actualidadadiario.com\/index.php\/wp-json\/wp\/v2\/posts"}],"about":[{"href":"https:\/\/www.actualidadadiario.com\/index.php\/wp-json\/wp\/v2\/types\/post"}],"author":[{"embeddable":true,"href":"https:\/\/www.actualidadadiario.com\/index.php\/wp-json\/wp\/v2\/users\/3"}],"replies":[{"embeddable":true,"href":"https:\/\/www.actualidadadiario.com\/index.php\/wp-json\/wp\/v2\/comments?post=112735"}],"version-history":[{"count":1,"href":"https:\/\/www.actualidadadiario.com\/index.php\/wp-json\/wp\/v2\/posts\/112735\/revisions"}],"predecessor-version":[{"id":112737,"href":"https:\/\/www.actualidadadiario.com\/index.php\/wp-json\/wp\/v2\/posts\/112735\/revisions\/112737"}],"wp:featuredmedia":[{"embeddable":true,"href":"https:\/\/www.actualidadadiario.com\/index.php\/wp-json\/wp\/v2\/media\/112736"}],"wp:attachment":[{"href":"https:\/\/www.actualidadadiario.com\/index.php\/wp-json\/wp\/v2\/media?parent=112735"}],"wp:term":[{"taxonomy":"category","embeddable":true,"href":"https:\/\/www.actualidadadiario.com\/index.php\/wp-json\/wp\/v2\/categories?post=112735"},{"taxonomy":"post_tag","embeddable":true,"href":"https:\/\/www.actualidadadiario.com\/index.php\/wp-json\/wp\/v2\/tags?post=112735"}],"curies":[{"name":"wp","href":"https:\/\/api.w.org\/{rel}","templated":true}]}}