{"id":112729,"date":"2023-12-29T14:41:46","date_gmt":"2023-12-29T17:41:46","guid":{"rendered":"https:\/\/www.actualidadadiario.com\/?p=112729"},"modified":"2023-12-29T14:41:46","modified_gmt":"2023-12-29T17:41:46","slug":"verano-2024-crece-la-preocupacion-en-la-costa-atlantica-por-el-bajo-nivel-de-reservas","status":"publish","type":"post","link":"https:\/\/www.actualidadadiario.com\/index.php\/2023\/12\/29\/verano-2024-crece-la-preocupacion-en-la-costa-atlantica-por-el-bajo-nivel-de-reservas\/","title":{"rendered":"Verano 2024: crece la preocupaci\u00f3n en la Costa Atl\u00e1ntica por el bajo nivel de reservas"},"content":{"rendered":"<p style=\"text-align: center;\"><em><strong>La temporada de verano comenz\u00f3 y los diversos destinos ya reciben turistas nacionales e internacionales. Comparado con otros a\u00f1os, la situaci\u00f3n es adversa. Incertidumbre, inflaci\u00f3n y menor demanda<\/strong><\/em><\/p>\n<p>&nbsp;<\/p>\n<p>&nbsp;<\/p>\n<p>&#8220;Pararon de sonar un poco los tel\u00e9fonos&#8221;, aseguraron desde la Secretar\u00eda de Turismo de La Costa. La temporada de verano 2023-2024 fue inaugurada oficialmente, aunque fue recibida con un clima distinto al usual, ya que -a nivel reservas- los valores registrados son menores al del a\u00f1o pasado. La incertidumbre econ\u00f3mica, el Decreto de Necesidad y Urgencia (DNU) de Javier Milei y la inflaci\u00f3n, entre las principales causas de estos n\u00fameros.<\/p>\n<p>El a\u00f1o pasado, La Costa contaba con un nivel de reservas de &#8220;casi el 100%&#8221;, asegur\u00f3 en exclusiva a \u00c1mbito Gustavo Sosa, Sec. de Turismo de La Costa. Comparado con ese per\u00edodo, las reservas de la temporada actual &#8220;est\u00e1n muy bajas&#8221;, al punto de tener 60% para el mes de enero. &#8220;Podr\u00edamos decir que pararon de sonar un poco los tel\u00e9fonos&#8221;, afirm\u00f3.<\/p>\n<p>Esa baja tambi\u00e9n se observa en los hoteles 4 y 5 estrellas ubicado a los largo del pa\u00eds. En ese sentido, M. Gabriela Ferrucci, presidenta de la Asociaci\u00f3n de Hoteles de Turismo de Argentina (AHT), afirm\u00f3 que -comparado con los \u00faltimos dos a\u00f1os- &#8220;los hoteles que trabajan mayoritariamente con p\u00fablico nacional registran a la fecha menor demanda proyectada para los meses de enero y febrero 2024&#8221;.<\/p>\n<p>Ambos especialistas relacionaron la paralizaci\u00f3n de las reservas con &#8220;la incertidumbre que provocan las medidas del Gobierno entre los consumidores&#8221;, apuntaron. &#8220;De todas maneras ven\u00edan bajas, pero esto los agudiz\u00f3&#8221;, agreg\u00f3 Sosa.<\/p>\n<p>Cabe mencionar que, si bien aument\u00f3 la llegada de extranjeros, estos no fueron suficientes para compensar las p\u00e9rdidas de los turistas argentinos.<\/p>\n<p>Por ejemplo, la localidad bonaerense de Mar de las Pampas, un destino de playa con poca oferta hotelera (comparado con otros destinos de la Costa Atl\u00e1ntica), llega a enero con reservas cercanas al 70% de demanda y para febrero en un 30 \/ 35%. En tanto, Pinamar y Caril\u00f3 est\u00e1n en una situaci\u00f3n similar: enero est\u00e1 algo arriba del 70%, mientras que en otros a\u00f1os para esta \u00e9poca ya estaban arriba del 90%. Y Mar del Plata registr\u00f3 un 85% de demanda, un valor menor al del 2022, 98%, seg\u00fan NA.<\/p>\n<p>Virginia Jouanny, directora de Producto y Marketing de Atr\u00e1palo Argentina, not\u00f3 un estancamiento en el nivel de reservas durante los primeros 15 d\u00edas de diciembre, una situaci\u00f3n que finalmente se revirti\u00f3 a partir de la segunda semana, cuando &#8220;comenzaron a reforzarse las consultas y reservas con elecciones prioritariamente de destinos nacionales&#8221;, afirm\u00f3.<\/p>\n<p>De cara a la temporada de fiestas, enero y febrero, Jouanny destac\u00f3 que octubre y noviembre fueron los meses durante los cuales se incrementaron las ventas, al punto de que se registr\u00f3 un &#8220;alto nivel de reservas nacionales e internacionales&#8221;. &#8220;Seguramente anticipando posibles cambios econ\u00f3micos&#8221;, apunt\u00f3.<\/p>\n<p>Verano 2024 en la Argentina: qu\u00e9 ocurre con el nivel de reservas a nivel nacional<\/p>\n<p>A nivel nacional, Ferrucci hizo hincapi\u00e9 en la provincia de C\u00f3rdoba, otro destino fuertemente demandado por argentinos, pero con un panorama desalentador. &#8220;Tambi\u00e9n viene muy atrasado en demanda, y esperando que se recomponga m\u00e1s sobre la fecha&#8221;, expres\u00f3.<\/p>\n<p>San Carlos de Bariloche, R\u00edo Negro, registr\u00f3 este a\u00f1o una ocupaci\u00f3n del 85%, mientras que el a\u00f1o pasado fue del 97%. Por su parte, Las Grutas, R\u00edo Negro, cuenta con el 50% de las reservas hoteleras y de viviendas en alquiler para enero. En tanto, febrero tiene un 20% de ocupaci\u00f3n. Los valores disminuyeron notablemente en comparaci\u00f3n con el 90% habitual en estas fechas.<\/p>\n<p>Por \u00faltimo, la presidenta de AHT sum\u00f3 que &#8220;Chubut, el norte argentino (Salta, Jujuy, Tucum\u00e1n), Iguaz\u00fa, el interior de la Provincia de Buenos Aires y Mendoza tambi\u00e9n se encuentran con demanda baja&#8221;.<\/p>\n","protected":false},"excerpt":{"rendered":"<p>La temporada de verano comenz\u00f3 y los diversos destinos ya reciben turistas nacionales e internacionales. Comparado con otros a\u00f1os, la situaci\u00f3n es adversa. Incertidumbre, inflaci\u00f3n y menor demanda &nbsp; &nbsp; &#8220;Pararon de sonar un poco los tel\u00e9fonos&#8221;, aseguraron desde la Secretar\u00eda de Turismo de La Costa. La temporada de verano 2023-2024 fue inaugurada oficialmente, aunque fue recibida con un clima distinto al usual, ya que -a nivel reservas- los valores registrados son menores al del a\u00f1o pasado. La incertidumbre econ\u00f3mica, el Decreto de Necesidad y Urgencia (DNU) de Javier Milei&#8230;<\/p>\n","protected":false},"author":3,"featured_media":96635,"comment_status":"closed","ping_status":"closed","sticky":false,"template":"","format":"standard","meta":[],"categories":[2],"tags":[],"_links":{"self":[{"href":"https:\/\/www.actualidadadiario.com\/index.php\/wp-json\/wp\/v2\/posts\/112729"}],"collection":[{"href":"https:\/\/www.actualidadadiario.com\/index.php\/wp-json\/wp\/v2\/posts"}],"about":[{"href":"https:\/\/www.actualidadadiario.com\/index.php\/wp-json\/wp\/v2\/types\/post"}],"author":[{"embeddable":true,"href":"https:\/\/www.actualidadadiario.com\/index.php\/wp-json\/wp\/v2\/users\/3"}],"replies":[{"embeddable":true,"href":"https:\/\/www.actualidadadiario.com\/index.php\/wp-json\/wp\/v2\/comments?post=112729"}],"version-history":[{"count":1,"href":"https:\/\/www.actualidadadiario.com\/index.php\/wp-json\/wp\/v2\/posts\/112729\/revisions"}],"predecessor-version":[{"id":112730,"href":"https:\/\/www.actualidadadiario.com\/index.php\/wp-json\/wp\/v2\/posts\/112729\/revisions\/112730"}],"wp:featuredmedia":[{"embeddable":true,"href":"https:\/\/www.actualidadadiario.com\/index.php\/wp-json\/wp\/v2\/media\/96635"}],"wp:attachment":[{"href":"https:\/\/www.actualidadadiario.com\/index.php\/wp-json\/wp\/v2\/media?parent=112729"}],"wp:term":[{"taxonomy":"category","embeddable":true,"href":"https:\/\/www.actualidadadiario.com\/index.php\/wp-json\/wp\/v2\/categories?post=112729"},{"taxonomy":"post_tag","embeddable":true,"href":"https:\/\/www.actualidadadiario.com\/index.php\/wp-json\/wp\/v2\/tags?post=112729"}],"curies":[{"name":"wp","href":"https:\/\/api.w.org\/{rel}","templated":true}]}}