{"id":112726,"date":"2023-12-29T14:41:06","date_gmt":"2023-12-29T17:41:06","guid":{"rendered":"https:\/\/www.actualidadadiario.com\/?p=112726"},"modified":"2023-12-29T14:41:06","modified_gmt":"2023-12-29T17:41:06","slug":"oficializaron-el-calendario-de-feriados-con-fines-turisticos-para-2024","status":"publish","type":"post","link":"https:\/\/www.actualidadadiario.com\/index.php\/2023\/12\/29\/oficializaron-el-calendario-de-feriados-con-fines-turisticos-para-2024\/","title":{"rendered":"Oficializaron el calendario de feriados con fines tur\u00edsticos para 2024"},"content":{"rendered":"<p style=\"text-align: center;\"><em><strong>Ser\u00e1n el lunes 1 de abril (puente con el viernes 29 de marzo, Viernes Santo), el viernes 21 de junio (puente con el jueves 20 de junio, Paso a la Inmortalidad del General Manuel Belgrano) y el viernes 11 de octubre (puente con el s\u00e1bado 12 de octubre, D\u00eda del Respeto a la Diversidad Cultural)<\/strong><\/em><\/p>\n<p>&nbsp;<\/p>\n<p>&nbsp;<\/p>\n<p>El Gobierno nacional oficializ\u00f3 el calendario de feriados con fines tur\u00edsticos del pr\u00f3ximo a\u00f1o, que ser\u00e1n en abril, junio y octubre y de esta manera qued\u00f3 conformado el calendario oficial de feriados nacionales.<\/p>\n<p>As\u00ed lo estableci\u00f3 a trav\u00e9s del Decreto 106\/2023 publicado este viernes en el Bolet\u00edn Oficial con las firmas del presidente Javier Milei; el Jefe de Gabinete, Nicol\u00e1s Posse y el ministro de Interior, Guillermo Francos.<\/p>\n<p>Los feriados con fines tur\u00edsticos ser\u00e1n el lunes 1 de abril (puente con el viernes 29 de marzo, Viernes Santo); el viernes 21 de junio (puente con el jueves 20 de junio, Paso a la Inmortalidad del General Manuel Belgrano) y el viernes 11 de octubre (puente con el s\u00e1bado 12 de octubre, D\u00eda del Respeto a la Diversidad Cultural).<\/p>\n<p>En los considerandos se argumenta que la disposici\u00f3n de estos feriados &#8220;est\u00e1n relacionados con coadyuvar a disminuir los efectos negativos de la estacionalidad del sector tur\u00edstico&#8221;.<\/p>\n<p>De esta manera, qued\u00f3 conformado el calendario oficial de feriados nacionales, que en 2024 ser\u00e1n 19 entre inamovibles, trasladables y tur\u00edsticos.<\/p>\n<p>&nbsp;<\/p>\n<p><strong>Todos los feriados <\/strong><\/p>\n<p><strong>Los feriados inamovibles ser\u00e1n<\/strong> el 1\u00b0 de enero (A\u00f1o Nuevo), 12 y 13 de febrero (Feriados de Carnaval), el 24 de marzo (D\u00eda Nacional de la Memoria por la Verdad y la Justicia), el 29 de marzo (Viernes Santo), el 2 de abril (D\u00eda del Veterano y de los Ca\u00eddos en la Guerra de Malvinas), el 7 de abril (Viernes Santo), el 1\u00b0 de mayo (D\u00eda del Trabajo), el 25 de mayo (D\u00eda de la Revoluci\u00f3n de Mayo), el 20 de junio (Paso a la Inmortalidad del General Manuel Belgrano), el 9 de julio (D\u00eda de la Independencia), el 8 de diciembre (D\u00eda de la Inmaculada Concepci\u00f3n de Mar\u00eda) y el 25 de diciembre (Navidad).<\/p>\n<p>&nbsp;<\/p>\n<p>En tanto, <strong>los feriados trasladables ser\u00e1n<\/strong> el 17 de junio (Paso a la Inmortalidad del General Don Mart\u00edn Miguel de G\u00fcemes), el 17 de agosto (Paso a la Inmortalidad del General Don Jos\u00e9 de San Mart\u00edn), el 12 de octubre (D\u00eda del Respeto a la Diversidad Cultural) y el 20 de noviembre (Dia de la Soberan\u00eda Nacional).<\/p>\n<p>&nbsp;<\/p>\n<p><strong>Los feriados con fines tur\u00edsticos ser\u00e1n<\/strong> el lunes 1 de abril (puente con el viernes 29 de marzo, Viernes Santo); el viernes 21 de junio (puente con el jueves 20 de junio, Paso a la Inmortalidad del General Manuel Belgrano) y el viernes 11 de octubre (puente con el s\u00e1bado 12 de octubre, D\u00eda del Respeto a la Diversidad Cultural).<\/p>\n","protected":false},"excerpt":{"rendered":"<p>Ser\u00e1n el lunes 1 de abril (puente con el viernes 29 de marzo, Viernes Santo), el viernes 21 de junio (puente con el jueves 20 de junio, Paso a la Inmortalidad del General Manuel Belgrano) y el viernes 11 de octubre (puente con el s\u00e1bado 12 de octubre, D\u00eda del Respeto a la Diversidad Cultural) &nbsp; &nbsp; El Gobierno nacional oficializ\u00f3 el calendario de feriados con fines tur\u00edsticos del pr\u00f3ximo a\u00f1o, que ser\u00e1n en abril, junio y octubre y de esta manera qued\u00f3 conformado el calendario oficial de feriados nacionales&#8230;.<\/p>\n","protected":false},"author":3,"featured_media":112727,"comment_status":"closed","ping_status":"closed","sticky":false,"template":"","format":"standard","meta":[],"categories":[2],"tags":[],"_links":{"self":[{"href":"https:\/\/www.actualidadadiario.com\/index.php\/wp-json\/wp\/v2\/posts\/112726"}],"collection":[{"href":"https:\/\/www.actualidadadiario.com\/index.php\/wp-json\/wp\/v2\/posts"}],"about":[{"href":"https:\/\/www.actualidadadiario.com\/index.php\/wp-json\/wp\/v2\/types\/post"}],"author":[{"embeddable":true,"href":"https:\/\/www.actualidadadiario.com\/index.php\/wp-json\/wp\/v2\/users\/3"}],"replies":[{"embeddable":true,"href":"https:\/\/www.actualidadadiario.com\/index.php\/wp-json\/wp\/v2\/comments?post=112726"}],"version-history":[{"count":1,"href":"https:\/\/www.actualidadadiario.com\/index.php\/wp-json\/wp\/v2\/posts\/112726\/revisions"}],"predecessor-version":[{"id":112728,"href":"https:\/\/www.actualidadadiario.com\/index.php\/wp-json\/wp\/v2\/posts\/112726\/revisions\/112728"}],"wp:featuredmedia":[{"embeddable":true,"href":"https:\/\/www.actualidadadiario.com\/index.php\/wp-json\/wp\/v2\/media\/112727"}],"wp:attachment":[{"href":"https:\/\/www.actualidadadiario.com\/index.php\/wp-json\/wp\/v2\/media?parent=112726"}],"wp:term":[{"taxonomy":"category","embeddable":true,"href":"https:\/\/www.actualidadadiario.com\/index.php\/wp-json\/wp\/v2\/categories?post=112726"},{"taxonomy":"post_tag","embeddable":true,"href":"https:\/\/www.actualidadadiario.com\/index.php\/wp-json\/wp\/v2\/tags?post=112726"}],"curies":[{"name":"wp","href":"https:\/\/api.w.org\/{rel}","templated":true}]}}