{"id":110294,"date":"2023-11-01T12:37:15","date_gmt":"2023-11-01T15:37:15","guid":{"rendered":"https:\/\/www.actualidadadiario.com\/?p=110294"},"modified":"2023-11-01T12:37:15","modified_gmt":"2023-11-01T15:37:15","slug":"once-legisladores-electos-rompen-con-milei-por-el-acuerdo-con-macri","status":"publish","type":"post","link":"https:\/\/www.actualidadadiario.com\/index.php\/2023\/11\/01\/once-legisladores-electos-rompen-con-milei-por-el-acuerdo-con-macri\/","title":{"rendered":"Once legisladores electos rompen con Milei por el acuerdo con Macri"},"content":{"rendered":"<p style=\"text-align: center;\"><em><strong>El libertario pierde a una senadora y tres diputados nacionales, que advirtieron que Macri es &#8220;el l\u00edmite moral e ideol\u00f3gico&#8221;<\/strong><\/em><\/p>\n<p>&nbsp;<\/p>\n<p><span style=\"font-weight: 400;\">Once legisladores electos por La Libertad Avanza rompieron con Javier Milei por el acuerdo con Mauricio Macri, que est\u00e1 causando un quiebre entre los libertarios.<\/span><\/p>\n<p><span style=\"font-weight: 400;\">Entre los que abandonan el barco libertario hay una senadora y tres diputados nacionales, con lo que Milei pierde poder de fuego en el Congreso.<\/span><\/p>\n<p><span style=\"font-weight: 400;\">&#8220;Moral e ideol\u00f3gicamente (Macri) es nuestro l\u00edmite&#8221;, advirtieron los renunciantes en un comunicado. Tambi\u00e9n se van de LLA tres parlamentarios del Mercosur y tres legisladores provinciales.<\/span><\/p>\n<p><span style=\"font-weight: 400;\">El comunicado lleva la firma de la senadora nacional por San Luis Ivana Arrascaeta, con lo que el bloque de LLA en la C\u00e1mara baja ahora tendr\u00e1 seis integrantes. Milei ya hab\u00eda perdido una banca en el escrutinio definitivo de San Juan.<\/span><\/p>\n<p><span style=\"font-weight: 400;\">Adem\u00e1s, no integrar\u00e1n el bloque de LLA los diputados nacionales Lisandro Almir\u00f3n (Corrientes), Pablo Ansaloni (Buenos Aires) y Gerardo Gonz\u00e1lez (Formosa).\u00a0<\/span><\/p>\n<p><span style=\"font-weight: 400;\">El m\u00e1s conocido de los tres es Ansaloni, que fue jefe de la Uatre y ya fue diputado por Juntos por el Cambio en 2017, aunque dos a\u00f1os despu\u00e9s termin\u00f3 rompiendo y ayudando al Frente de Todos.<\/span><\/p>\n<p><span style=\"font-weight: 400;\">La lista de los que se van la completan los parlamentarios del Mercosur, Fabiana Martin(Corrientes), Fabricio Cascino (Neuqu\u00e9n), Mario Nallar (Jujuy) y David Oca\u00f1a (San Luis), y los legisladores provinciales Gladys Liliana Salinas (Entre R\u00edos), Carlos Alberto Damasco (Entre R\u00edos) y Julia Esther Calleros Arrecous (Entre R\u00edos).<\/span><\/p>\n<p><span style=\"font-weight: 400;\">&#8220;Respetamos la decisi\u00f3n de nuestro candidato a Presidente a firmar un acuerdo con Juntos por el Cambio, pero NO podemos acompa\u00f1ar este cambio de rumbo solo con fines electorales&#8221;, advierten.<\/span><\/p>\n<p><span style=\"font-weight: 400;\">Sobre su comportamiento a futuro, sostienen que conforman bloques con el objetivo de &#8220;defender la bandera de la Libertad&#8221; que los llev\u00f3 a sumarse al espacio de Milei.<\/span><\/p>\n<p><span style=\"font-weight: 400;\">La posibilidad de la ruptura de un grupo de legisladores electos se ven\u00eda mencionando desde la semana pasada, cuando Patricia Bullrich confirm\u00f3 el apoyo a Milei. Pero los rumores hab\u00edan sido desmentidos por el entorno del libertario.<\/span><\/p>\n","protected":false},"excerpt":{"rendered":"<p>El libertario pierde a una senadora y tres diputados nacionales, que advirtieron que Macri es &#8220;el l\u00edmite moral e ideol\u00f3gico&#8221; &nbsp; Once legisladores electos por La Libertad Avanza rompieron con Javier Milei por el acuerdo con Mauricio Macri, que est\u00e1 causando un quiebre entre los libertarios. Entre los que abandonan el barco libertario hay una senadora y tres diputados nacionales, con lo que Milei pierde poder de fuego en el Congreso. &#8220;Moral e ideol\u00f3gicamente (Macri) es nuestro l\u00edmite&#8221;, advirtieron los renunciantes en un comunicado. Tambi\u00e9n se van de LLA tres&#8230;<\/p>\n","protected":false},"author":3,"featured_media":110295,"comment_status":"closed","ping_status":"closed","sticky":false,"template":"","format":"standard","meta":[],"categories":[18],"tags":[],"_links":{"self":[{"href":"https:\/\/www.actualidadadiario.com\/index.php\/wp-json\/wp\/v2\/posts\/110294"}],"collection":[{"href":"https:\/\/www.actualidadadiario.com\/index.php\/wp-json\/wp\/v2\/posts"}],"about":[{"href":"https:\/\/www.actualidadadiario.com\/index.php\/wp-json\/wp\/v2\/types\/post"}],"author":[{"embeddable":true,"href":"https:\/\/www.actualidadadiario.com\/index.php\/wp-json\/wp\/v2\/users\/3"}],"replies":[{"embeddable":true,"href":"https:\/\/www.actualidadadiario.com\/index.php\/wp-json\/wp\/v2\/comments?post=110294"}],"version-history":[{"count":1,"href":"https:\/\/www.actualidadadiario.com\/index.php\/wp-json\/wp\/v2\/posts\/110294\/revisions"}],"predecessor-version":[{"id":110296,"href":"https:\/\/www.actualidadadiario.com\/index.php\/wp-json\/wp\/v2\/posts\/110294\/revisions\/110296"}],"wp:featuredmedia":[{"embeddable":true,"href":"https:\/\/www.actualidadadiario.com\/index.php\/wp-json\/wp\/v2\/media\/110295"}],"wp:attachment":[{"href":"https:\/\/www.actualidadadiario.com\/index.php\/wp-json\/wp\/v2\/media?parent=110294"}],"wp:term":[{"taxonomy":"category","embeddable":true,"href":"https:\/\/www.actualidadadiario.com\/index.php\/wp-json\/wp\/v2\/categories?post=110294"},{"taxonomy":"post_tag","embeddable":true,"href":"https:\/\/www.actualidadadiario.com\/index.php\/wp-json\/wp\/v2\/tags?post=110294"}],"curies":[{"name":"wp","href":"https:\/\/api.w.org\/{rel}","templated":true}]}}