{"id":110292,"date":"2023-11-01T12:36:17","date_gmt":"2023-11-01T15:36:17","guid":{"rendered":"https:\/\/www.actualidadadiario.com\/?p=110292"},"modified":"2023-11-01T12:36:17","modified_gmt":"2023-11-01T15:36:17","slug":"el-pro-presento-un-proyecto-para-mover-el-feriado-al-27-de-noviembre-porque-cree-que-asi-ayuda-a-milei","status":"publish","type":"post","link":"https:\/\/www.actualidadadiario.com\/index.php\/2023\/11\/01\/el-pro-presento-un-proyecto-para-mover-el-feriado-al-27-de-noviembre-porque-cree-que-asi-ayuda-a-milei\/","title":{"rendered":"El PRO present\u00f3 un proyecto para mover el feriado al 27 de noviembre porque cree que as\u00ed ayuda a Milei"},"content":{"rendered":"<p style=\"text-align: center;\"><em><strong>Con poca expectativas, Ritondo y Lombari, dos diputados del PRO que ya adelantaron su voto al candidato libertario buscan que el fin de semana largo no coincida con el balotaje y acusan al Gobierno de &#8220;buscar su conveniencia por encima de la participaci\u00f3n\u201d<\/strong><\/em><\/p>\n<p>&nbsp;<\/p>\n<p><span style=\"font-weight: 400;\">Los legisladores del PRO, Hern\u00e1n Lombardi y Cristian Ritondo, presentaron un proyecto en el Congreso que busca cambiar la fecha del feriado del fin de semana largo al 27 para que no coincida con el balotaje. Desde el lado m\u00e1s mileista de Juntos por el Cambio creen que si por lo menos el lunes 20 no es feriados se favorecer\u00edan los comicios para Javier Milei.\u00a0<\/span><\/p>\n<p><span style=\"font-weight: 400;\">La discusi\u00f3n por el feriado comenz\u00f3 apenas termin\u00f3 la primera vuelta, al punto de que esa semana la vocera presidencial Gabriela Cerruti debi\u00f3 desmentir los rumores de que el presidente Alberto Fern\u00e1ndez estuviera estudiando la cuesti\u00f3n. Luego vino una carta de la C\u00e1mara Nacional Electoral que reclam\u00f3 mover ese feriado para &#8221; favorecer y garantizar la concurrencia de la ciudadan\u00eda a ejercer el sufragio en dichos comicios, que se ver\u00eda indudablemente afectada si se mantuviera el fin de semana extendido con el referido feriado\u201d.<\/span><\/p>\n<p><span style=\"font-weight: 400;\">A trav\u00e9s de una carta, el secretario general de la Presidencia, Julio Vitobello, descart\u00f3 la opci\u00f3n de mover el feriado y le aclar\u00f3 a los camaristas que &#8220;el 20 de noviembre pr\u00f3ximo no es un feriado puente de los que puede determinar el Poder Ejecutivo, sino que se trata de un feriado m\u00f3vil cuya definici\u00f3n est\u00e1 prevista en la ley&#8221;.<\/span><\/p>\n<p><span style=\"font-weight: 400;\">&#8220;Es decir, hace un tiempo m\u00e1s que considerable que se encuentran establecidas estas fechas y en pleno conocimiento de nuestra ciudadan\u00eda. En funci\u00f3n de ellas, se han adoptado decisiones, planificado desplazamientos, programado actividades culturales, educativas, comerciales, deportivas y tur\u00edsticas. Habi\u00e9ndose analizado el conjunto de circunstancias mencionadas, se estima que no resulta apropiado dictar un decreto de necesidad y urgencia para alterar las disposiciones legislativas vigentes referidas al feriado que nos ocupa&#8221;, remarc\u00f3 Vitobello cerrando la cuesti\u00f3n.\u00a0<\/span><\/p>\n<p><span style=\"font-weight: 400;\">Sin aceptarlo, el dirigente cercano a Mauricio Macri, Hern\u00e1n Lombardi, y el jefe de la bancada del PRO, Cristian Ritondo, presentaron sin muchas expectativas un proyecto para trasladar el feriado al 27. Se trata de dos dirigentes del PRO que ya adelantaron que votar\u00e1n a Milei en el balotaje. A su vez, una fundaci\u00f3n vinculada a dirigentes de Milei hizo un reclamo administrativo para mover el feriado. Desde la oposici\u00f3n consideran que sus votantes son aquellos que ya tienen planificadas unas mini vacaciones para ese fin de semana largo y que, por lo tanto, muchos ciudadanos no cumplir\u00e1n con la obligaci\u00f3n de ir a votar.<\/span><\/p>\n<p><span style=\"font-weight: 400;\">\u201cEl gobierno reiter\u00f3 que no quiere trasladar el feriado que coincide con las elecciones. Quieren que vote poca gente. Buscan su conveniencia por encima de la participaci\u00f3n\u201d, acus\u00f3 Lombardi. \u201cPor eso, a fin de garantizar una normal concurrencia a los comicios del domingo 19, junto con Cristian Ritondo presentamos un proyecto de declaraci\u00f3n para obligarlos a trasladar el feriado del 20 de noviembre a la semana siguiente\u201d, indic\u00f3.<\/span><\/p>\n<p><span style=\"font-weight: 400;\">En verdad, el proyecto que presentaron no es una declaraci\u00f3n para obligar al Gobierno, sino que es una ley que modifica la actual y cambia el feriado desde el Congreso.<\/span><\/p>\n<p><span style=\"font-weight: 400;\">\u201cDebemos garantizar a la ciudadan\u00eda el pleno derecho a que todos puedan expresarse libremente. Massa dice que no es posible pero ya lo hicieron en 2015\u2033, cit\u00f3 Lombardi. Y as\u00ed es, en el ballotage entre Mauricio Macri y Daniel Scioli el entonces gobierno de Cristina Fern\u00e1ndez de Kirchner movi\u00f3 un feriado.<\/span><\/p>\n<p><span style=\"font-weight: 400;\">Por su parte, Massa aclar\u00f3:\u201cEs una decisi\u00f3n del Congreso, lo debe resolver el parlamento&#8221;. &#8220;La gente va a ir a votar igual, haya o no feriado\u201d, asegur\u00f3 el ministro de Econom\u00eda y candidato presidencial. De hecho, hipotetiz\u00f3 que incluso quienes ya hayan sacado paquetes tur\u00edsticos lo pueden cambiar:\u00a0 \u201dSi quieren votar, cambiar\u00e1n el paquete, ir\u00e1n en diciembre, que tambi\u00e9n pueden usar el Pre-viaje\u201d.<\/span><\/p>\n","protected":false},"excerpt":{"rendered":"<p>Con poca expectativas, Ritondo y Lombari, dos diputados del PRO que ya adelantaron su voto al candidato libertario buscan que el fin de semana largo no coincida con el balotaje y acusan al Gobierno de &#8220;buscar su conveniencia por encima de la participaci\u00f3n\u201d &nbsp; Los legisladores del PRO, Hern\u00e1n Lombardi y Cristian Ritondo, presentaron un proyecto en el Congreso que busca cambiar la fecha del feriado del fin de semana largo al 27 para que no coincida con el balotaje. Desde el lado m\u00e1s mileista de Juntos por el Cambio&#8230;<\/p>\n","protected":false},"author":3,"featured_media":80331,"comment_status":"closed","ping_status":"closed","sticky":false,"template":"","format":"standard","meta":[],"categories":[18],"tags":[],"_links":{"self":[{"href":"https:\/\/www.actualidadadiario.com\/index.php\/wp-json\/wp\/v2\/posts\/110292"}],"collection":[{"href":"https:\/\/www.actualidadadiario.com\/index.php\/wp-json\/wp\/v2\/posts"}],"about":[{"href":"https:\/\/www.actualidadadiario.com\/index.php\/wp-json\/wp\/v2\/types\/post"}],"author":[{"embeddable":true,"href":"https:\/\/www.actualidadadiario.com\/index.php\/wp-json\/wp\/v2\/users\/3"}],"replies":[{"embeddable":true,"href":"https:\/\/www.actualidadadiario.com\/index.php\/wp-json\/wp\/v2\/comments?post=110292"}],"version-history":[{"count":1,"href":"https:\/\/www.actualidadadiario.com\/index.php\/wp-json\/wp\/v2\/posts\/110292\/revisions"}],"predecessor-version":[{"id":110293,"href":"https:\/\/www.actualidadadiario.com\/index.php\/wp-json\/wp\/v2\/posts\/110292\/revisions\/110293"}],"wp:featuredmedia":[{"embeddable":true,"href":"https:\/\/www.actualidadadiario.com\/index.php\/wp-json\/wp\/v2\/media\/80331"}],"wp:attachment":[{"href":"https:\/\/www.actualidadadiario.com\/index.php\/wp-json\/wp\/v2\/media?parent=110292"}],"wp:term":[{"taxonomy":"category","embeddable":true,"href":"https:\/\/www.actualidadadiario.com\/index.php\/wp-json\/wp\/v2\/categories?post=110292"},{"taxonomy":"post_tag","embeddable":true,"href":"https:\/\/www.actualidadadiario.com\/index.php\/wp-json\/wp\/v2\/tags?post=110292"}],"curies":[{"name":"wp","href":"https:\/\/api.w.org\/{rel}","templated":true}]}}