{"id":110285,"date":"2023-11-01T12:34:01","date_gmt":"2023-11-01T15:34:01","guid":{"rendered":"https:\/\/www.actualidadadiario.com\/?p=110285"},"modified":"2023-11-01T12:34:01","modified_gmt":"2023-11-01T15:34:01","slug":"debate-presidencial-para-el-balotaje-dos-bloques-seis-ejes-tematicos-y-derecho-a-replica-libre","status":"publish","type":"post","link":"https:\/\/www.actualidadadiario.com\/index.php\/2023\/11\/01\/debate-presidencial-para-el-balotaje-dos-bloques-seis-ejes-tematicos-y-derecho-a-replica-libre\/","title":{"rendered":"Debate presidencial para el balotaje: dos bloques, seis ejes tem\u00e1ticos y derecho a r\u00e9plica libre"},"content":{"rendered":"<p style=\"text-align: center;\"><em><strong>La C\u00e1mara Nacional Electoral defini\u00f3 todos los detalles el debate presidencial de cara al balotaje del 19 de diciembre<\/strong><\/em><\/p>\n<p>&nbsp;<\/p>\n<p><span style=\"font-weight: 400;\">La C\u00e1mara Nacional Electoral (CNE) defini\u00f3 este mi\u00e9rcoles todos los detalles del tercer debate presidencial de cara al balotaje del 19 de noviembre. Se definieron temas, ubicaciones de los candidatos -Sergio Massa y Javier Milei- y finalmente se confirm\u00f3 que no podr\u00e1n tener apuntes escritos a la hora de la contienda discursiva.<\/span><\/p>\n<p><span style=\"font-weight: 400;\">El presidente del organismo electoral, el Doctor Alberto Dalla V\u00eda, present\u00f3 la nueva modalidad del evento presidencial y destac\u00f3 la realizaci\u00f3n de los primeros dos debates: &#8220;Estamos muy satisfechos con los resultados de los dos debates anteriores, con altos puntos de rating y en una oportunidad para que la ciudadan\u00eda se informe. Esperamos que tambi\u00e9n ocurra en esta oportunidad&#8221;.<\/span><\/p>\n<p><span style=\"font-weight: 400;\">Los candidatos presidenciales competir\u00e1n discursivamente el pr\u00f3ximo 12 de noviembre &#8211; una semana antes de los comicios- en un debate sin precedentes desde que se dispuso la obligatoriedad por ley de este tipo de actos en 2016: el libertario y el ministro de Econom\u00eda podr\u00e1n interrumpirse y hablar\u00e1n sin un orden espec\u00edfico.<\/span><\/p>\n<p>&nbsp;<\/p>\n<p><b>Balotaje 2023: un debate presidencial sin precedentes<\/b><\/p>\n<p><span style=\"font-weight: 400;\">Los candidatos van a poder moverse en un espacio limitado por fuera del atril. La izquierda ser\u00e1 el espacio reservado para el libertario, y la derecha, para el ministro. En tanto, el primero en hablar ser\u00e1 Massa con su minuto de apertura, mientras que Milei va a ser el \u00faltimo que exponga en el debate.<\/span><\/p>\n<p><span style=\"font-weight: 400;\">El bolillero defini\u00f3 que Milei de La Libertad Avanza estar\u00e1 en la ubicaci\u00f3n A y Massa de Uni\u00f3n por la Patria, en la B; mientras que en el rol A estar\u00e1 el tigrense, mientras que al libertario le toc\u00f3 el B.<\/span><\/p>\n<p><span style=\"font-weight: 400;\">Seg\u00fan se inform\u00f3, al inicio ambos tendr\u00e1n un minuto para presentarse y luego habr\u00e1 seis ejes tem\u00e1ticos de 12 minutos: cada candidato contar\u00e1 con seis minutos para administrar a su elecci\u00f3n.<\/span><\/p>\n<p><span style=\"font-weight: 400;\">Los moderadores s\u00f3lo intervendr\u00e1n si alguno de los candidatos hablan m\u00e1s de dos minutos. En el \u00faltimo bloque cada postulante tendr\u00e1 dos minutos para finalizar su participaci\u00f3n.<\/span><\/p>\n<p><span style=\"font-weight: 400;\">&#8220;Estamos muy satisfechos con el resultado de los debates anteriores, que tuvieron un alto rating. Fue una oportunidad para que la ciudadan\u00eda se informe&#8221;, destac\u00f3 el presidente de la C\u00e1mara Nacional Electoral, Alberto Dalla V\u00eda. Y agreg\u00f3: &#8220;Esperamos tener un buen debate el 12 de noviembre&#8221;.<\/span><\/p>\n<p><span style=\"font-weight: 400;\">En representaci\u00f3n de Uni\u00f3n por la Patria asistieron Juan Manuel Olmos y Santiago Garc\u00eda V\u00e1zquez, mientras que por La Libertad Avanza estuvo Karina Milei.<\/span><\/p>\n","protected":false},"excerpt":{"rendered":"<p>La C\u00e1mara Nacional Electoral defini\u00f3 todos los detalles el debate presidencial de cara al balotaje del 19 de diciembre &nbsp; La C\u00e1mara Nacional Electoral (CNE) defini\u00f3 este mi\u00e9rcoles todos los detalles del tercer debate presidencial de cara al balotaje del 19 de noviembre. Se definieron temas, ubicaciones de los candidatos -Sergio Massa y Javier Milei- y finalmente se confirm\u00f3 que no podr\u00e1n tener apuntes escritos a la hora de la contienda discursiva. El presidente del organismo electoral, el Doctor Alberto Dalla V\u00eda, present\u00f3 la nueva modalidad del evento presidencial y&#8230;<\/p>\n","protected":false},"author":3,"featured_media":110162,"comment_status":"closed","ping_status":"closed","sticky":false,"template":"","format":"standard","meta":[],"categories":[9],"tags":[],"_links":{"self":[{"href":"https:\/\/www.actualidadadiario.com\/index.php\/wp-json\/wp\/v2\/posts\/110285"}],"collection":[{"href":"https:\/\/www.actualidadadiario.com\/index.php\/wp-json\/wp\/v2\/posts"}],"about":[{"href":"https:\/\/www.actualidadadiario.com\/index.php\/wp-json\/wp\/v2\/types\/post"}],"author":[{"embeddable":true,"href":"https:\/\/www.actualidadadiario.com\/index.php\/wp-json\/wp\/v2\/users\/3"}],"replies":[{"embeddable":true,"href":"https:\/\/www.actualidadadiario.com\/index.php\/wp-json\/wp\/v2\/comments?post=110285"}],"version-history":[{"count":1,"href":"https:\/\/www.actualidadadiario.com\/index.php\/wp-json\/wp\/v2\/posts\/110285\/revisions"}],"predecessor-version":[{"id":110286,"href":"https:\/\/www.actualidadadiario.com\/index.php\/wp-json\/wp\/v2\/posts\/110285\/revisions\/110286"}],"wp:featuredmedia":[{"embeddable":true,"href":"https:\/\/www.actualidadadiario.com\/index.php\/wp-json\/wp\/v2\/media\/110162"}],"wp:attachment":[{"href":"https:\/\/www.actualidadadiario.com\/index.php\/wp-json\/wp\/v2\/media?parent=110285"}],"wp:term":[{"taxonomy":"category","embeddable":true,"href":"https:\/\/www.actualidadadiario.com\/index.php\/wp-json\/wp\/v2\/categories?post=110285"},{"taxonomy":"post_tag","embeddable":true,"href":"https:\/\/www.actualidadadiario.com\/index.php\/wp-json\/wp\/v2\/tags?post=110285"}],"curies":[{"name":"wp","href":"https:\/\/api.w.org\/{rel}","templated":true}]}}