{"id":110283,"date":"2023-11-01T12:33:24","date_gmt":"2023-11-01T15:33:24","guid":{"rendered":"https:\/\/www.actualidadadiario.com\/?p=110283"},"modified":"2023-11-01T12:33:24","modified_gmt":"2023-11-01T15:33:24","slug":"la-comision-de-derechos-humanos-tratara-diversos-proyectos-para-penar-el-negacionismo","status":"publish","type":"post","link":"https:\/\/www.actualidadadiario.com\/index.php\/2023\/11\/01\/la-comision-de-derechos-humanos-tratara-diversos-proyectos-para-penar-el-negacionismo\/","title":{"rendered":"La Comisi\u00f3n de Derechos Humanos tratar\u00e1 diversos proyectos para penar el negacionismo"},"content":{"rendered":"<p style=\"text-align: center;\"><em><strong>La comisi\u00f3n que preside Hugo Yasky debatir\u00e1 este mi\u00e9rcoles la incorporaci\u00f3n del antisemitismo como causal en la ley antidiscriminatoria, y el aumento de penas por manifestaciones y actitudes negacionistas de genocidio y de cr\u00edmenes de lesa humanidad<\/strong><\/em><\/p>\n<p>&nbsp;<\/p>\n<p><span style=\"font-weight: 400;\">La comisi\u00f3n de Derechos Humanos de la C\u00e1mara de Diputados comenzar\u00e1 a debatir este mi\u00e9rcoles los proyectos de ley que proponen la incorporaci\u00f3n del antisemitismo como causal en la ley antidiscriminatoria, y el aumento de las penas por manifestaciones y actitudes negacionistas de genocidio y de cr\u00edmenes de lesa humanidad.<\/span><\/p>\n<p><span style=\"font-weight: 400;\">La comisi\u00f3n que preside Hugo Yasky se reunir\u00e1 desde las 14 en el edificio anexo y tambi\u00e9n abordar\u00e1 el proyecto que establece la creaci\u00f3n del Observatorio para la Convivencia Democr\u00e1tica con la modificaci\u00f3n del art\u00edculo 213 del C\u00f3digo Penal, sobre sanci\u00f3n para actitudes negacionistas y\/o apologistas de genocidio y cr\u00edmenes de lesa humanidad.<\/span><\/p>\n<p><span style=\"font-weight: 400;\">Entre los proyectos referidos a la penalidad del negacionismo se buscar\u00e1 aunar criterios en torno a iniciativas de Marina Stilman (Coalici\u00f3n C\u00edvica) y de los oficialistas Estela Hern\u00e1ndez, Eduardo Fern\u00e1ndez, Gisela Marziotta y Carolina Mois\u00e9s, a partir de un borrador de consenso elaborado por el propio Yasky.<\/span><\/p>\n<p><span style=\"font-weight: 400;\">Uno de los proyectos, el del cordob\u00e9s Fern\u00e1ndez, establece la modificaci\u00f3n del art\u00edculo 213 para estipular que &#8220;ser\u00e1 reprimido con prisi\u00f3n de tres meses a dos a\u00f1os quien p\u00fablicamente niegue, apologice o reivindique la comisi\u00f3n de delitos respecto a genocidio y cr\u00edmenes de lesa humanidad previstos por el Estatuto de Roma de la Corte Penal Internacional y dem\u00e1s tratados internacionales de derechos humanos con jerarqu\u00eda constitucional a los que nuestro pa\u00eds adhiere&#8221;.<\/span><\/p>\n<p><span style=\"font-weight: 400;\">En otro de los art\u00edculos, el proyecto se\u00f1ala que &#8220;ser\u00e1 reprimido con multa econ\u00f3mica de 10.000 a 100.000 pesos quien hiciere manifestaciones p\u00fablicas por las que niegue, apologice o reivindique la comisi\u00f3n de los delitos respecto a genocidio y cr\u00edmenes de lesa humanidad previstos \u00e9stos por el Estatuto de Roma de la Corte Penal Internacional y dem\u00e1s tratados internacionales de derechos humanos con jerarqu\u00eda constitucional a los que nuestro pa\u00eds adhiere&#8221;.<\/span><\/p>\n<p><span style=\"font-weight: 400;\">En cuanto a los agravantes, prev\u00e9: &#8220;Ser\u00e1 sancionado con la destituci\u00f3n definitiva de su cargo e inhabilitaci\u00f3n especial para ocupar cargos p\u00fablicos por el t\u00e9rmino de diez a\u00f1os, el funcionario p\u00fablico de cualquier Poder del Estado, jerarqu\u00eda y jurisdicci\u00f3n, que durante el ejercicio de su funci\u00f3n hubiere realizado manifestaciones p\u00fablicas por las que niegue, apologice y\/o reivindique la comisi\u00f3n de delitos respecto a genocidio y cr\u00edmenes de lesa humanidad&#8221;.<\/span><\/p>\n<p><span style=\"font-weight: 400;\">Y agrega: &#8220;Ser\u00e1 reprimida con multa econ\u00f3mica del doble de la fijada de acuerdo con lo dispuesto por el Art. 213 ter de la presente Ley, el funcionario o la funcionaria que durante el ejercicio de su funci\u00f3n hubiere realizado manifestaciones p\u00fablicas por las que niegue, apologice o reivindique la comisi\u00f3n de delitos respecto a genocidio y cr\u00edmenes de lesa humanidad&#8221;.<\/span><\/p>\n<p><span style=\"font-weight: 400;\">En cuanto al proyecto de Mois\u00e9s, tambi\u00e9n propone modificar el art\u00edculo 213 creando un tipo penal agravado para los funcionarios o funcionarias p\u00fablicas al disponer &#8220;sanciones como la destituci\u00f3n de su cargo e inhabilitaci\u00f3n especial para ocupar cargos p\u00fablicos por el doble de tiempo de la condena&#8221;.<\/span><\/p>\n<p><span style=\"font-weight: 400;\">Adem\u00e1s, establece que el funcionario o funcionaria p\u00fablica que haya sido apartado del cargo &#8220;deber\u00e1 acreditar capacitaci\u00f3n en materia de derechos humanos previo a una nueva y futura designaci\u00f3n, una vez cumplida la pena de inhabilitaci\u00f3n&#8221;.<\/span><\/p>\n<p><span style=\"font-weight: 400;\">Entre otros aspectos distintivos, el proyecto dedica un apartado para establecer capacitaci\u00f3n en la tem\u00e1tica de derechos humanos, genocidio y delitos de lesa humanidad para todos los agentes de la funci\u00f3n p\u00fablica en todos sus niveles y jerarqu\u00edas en los poderes Ejecutivo, Legislativo y Judicial de la Naci\u00f3n.<\/span><\/p>\n<p><span style=\"font-weight: 400;\">Y establece que dicha instrucci\u00f3n ser\u00e1 obligatoria para las m\u00e1ximas autoridades de los poderes Ejecutivo, Legislativo y Judicial de la Naci\u00f3n y estar\u00e1 a cargo del Ministerio de Justicia y Derechos Humanos de la Naci\u00f3n.<\/span><\/p>\n<p><span style=\"font-weight: 400;\">El tema que se debatir\u00e1 este mi\u00e9rcoles volvi\u00f3 al centro del debate en medio de la campa\u00f1a electoral que se desarrolla desde junio, como consecuencia de los dichos de dirigentes de La Libertad Avanza (LLA) en relaci\u00f3n a la negaci\u00f3n del Terrorismo de Estado de la d\u00e9cada del &#8217;70 y a los cr\u00edmenes de lesa humanidad perpetrados por la dictadura c\u00edvico-militar (1976-1983).<\/span><\/p>\n<p><span style=\"font-weight: 400;\">En cuanto al proyecto sobre el Observatorio para la Convivencia Democr\u00e1tica, elaborado por la massista M\u00f3nica Litza, se\u00f1ala que el mismo &#8220;tendr\u00e1 entre sus funciones dise\u00f1ar acciones acad\u00e9micas contra los discursos de odio y violencia; describir las TIC en el sistema pol\u00edtico con \u00e9nfasis en el negacionismo; y organizar actividades de formaci\u00f3n y difusi\u00f3n de conocimiento&#8221;.<\/span><\/p>\n<p><span style=\"font-weight: 400;\">Otra de las iniciativas que estar\u00e1 sobre la mesa ser\u00e1 la de la modificaci\u00f3n de la ley marco de regulaci\u00f3n del empleo p\u00fablico para prohibir acciones discriminatorias por raz\u00f3n de raza, religi\u00f3n, nacionalidad, opini\u00f3n, sexo, cualquier otra condici\u00f3n o circunstancia personal o social.<\/span><\/p>\n<p><span style=\"font-weight: 400;\">La autora es la peronista entrerriana Blanca Osuna.<\/span><\/p>\n","protected":false},"excerpt":{"rendered":"<p>La comisi\u00f3n que preside Hugo Yasky debatir\u00e1 este mi\u00e9rcoles la incorporaci\u00f3n del antisemitismo como causal en la ley antidiscriminatoria, y el aumento de penas por manifestaciones y actitudes negacionistas de genocidio y de cr\u00edmenes de lesa humanidad &nbsp; La comisi\u00f3n de Derechos Humanos de la C\u00e1mara de Diputados comenzar\u00e1 a debatir este mi\u00e9rcoles los proyectos de ley que proponen la incorporaci\u00f3n del antisemitismo como causal en la ley antidiscriminatoria, y el aumento de las penas por manifestaciones y actitudes negacionistas de genocidio y de cr\u00edmenes de lesa humanidad. La comisi\u00f3n&#8230;<\/p>\n","protected":false},"author":3,"featured_media":110219,"comment_status":"closed","ping_status":"closed","sticky":false,"template":"","format":"standard","meta":[],"categories":[9],"tags":[],"_links":{"self":[{"href":"https:\/\/www.actualidadadiario.com\/index.php\/wp-json\/wp\/v2\/posts\/110283"}],"collection":[{"href":"https:\/\/www.actualidadadiario.com\/index.php\/wp-json\/wp\/v2\/posts"}],"about":[{"href":"https:\/\/www.actualidadadiario.com\/index.php\/wp-json\/wp\/v2\/types\/post"}],"author":[{"embeddable":true,"href":"https:\/\/www.actualidadadiario.com\/index.php\/wp-json\/wp\/v2\/users\/3"}],"replies":[{"embeddable":true,"href":"https:\/\/www.actualidadadiario.com\/index.php\/wp-json\/wp\/v2\/comments?post=110283"}],"version-history":[{"count":1,"href":"https:\/\/www.actualidadadiario.com\/index.php\/wp-json\/wp\/v2\/posts\/110283\/revisions"}],"predecessor-version":[{"id":110284,"href":"https:\/\/www.actualidadadiario.com\/index.php\/wp-json\/wp\/v2\/posts\/110283\/revisions\/110284"}],"wp:featuredmedia":[{"embeddable":true,"href":"https:\/\/www.actualidadadiario.com\/index.php\/wp-json\/wp\/v2\/media\/110219"}],"wp:attachment":[{"href":"https:\/\/www.actualidadadiario.com\/index.php\/wp-json\/wp\/v2\/media?parent=110283"}],"wp:term":[{"taxonomy":"category","embeddable":true,"href":"https:\/\/www.actualidadadiario.com\/index.php\/wp-json\/wp\/v2\/categories?post=110283"},{"taxonomy":"post_tag","embeddable":true,"href":"https:\/\/www.actualidadadiario.com\/index.php\/wp-json\/wp\/v2\/tags?post=110283"}],"curies":[{"name":"wp","href":"https:\/\/api.w.org\/{rel}","templated":true}]}}