{"id":110251,"date":"2023-10-31T13:29:50","date_gmt":"2023-10-31T16:29:50","guid":{"rendered":"https:\/\/www.actualidadadiario.com\/?p=110251"},"modified":"2023-10-31T13:29:50","modified_gmt":"2023-10-31T16:29:50","slug":"para-unicef-gaza-se-convirtio-en-un-cementerio-de-ninos-y-ninas","status":"publish","type":"post","link":"https:\/\/www.actualidadadiario.com\/index.php\/2023\/10\/31\/para-unicef-gaza-se-convirtio-en-un-cementerio-de-ninos-y-ninas\/","title":{"rendered":"Para Unicef, Gaza se convirti\u00f3 en un &#8220;cementerio de ni\u00f1os y ni\u00f1as&#8221;"},"content":{"rendered":"<p style=\"text-align: center;\"><em><strong>El organismo inform\u00f3 que unos 3.500 chicos palestinos murieron en m\u00e1s de tres semanas y pidieron &#8220;que se ponga fin a la matanza&#8221;, al tiempo que llamaron a un cese &#8220;inmediato&#8221; del fuego<\/strong><\/em><\/p>\n<p>&nbsp;<\/p>\n<p><span style=\"font-weight: 400;\">El Fondo de la ONU para la Infancia (Unicef) dijo este martes unos 3.500 chicos palestinos murieron en m\u00e1s de tres semanas de bombardeos israel\u00edes en la Franja de Gaza desde los ataques de Hamas en Israel y que el enclave se ha convertido &#8220;en un cementerio para miles de ni\u00f1os y ni\u00f1as&#8221;.<\/span><\/p>\n<p><span style=\"font-weight: 400;\">La Franja de Gaza es ya &#8220;un infierno para cualquier persona&#8221; pero, de forma particular, &#8220;se ha convertido en un cementerio para miles de ni\u00f1os y ni\u00f1as&#8221; desde el comienzo de los bombardeos israel\u00edes, dijo Unicef en un comunicado.<\/span><\/p>\n<p><span style=\"font-weight: 400;\">La nota del organismo de la ONU volvi\u00f3 a &#8220;suplicar&#8221;, a trav\u00e9s de un portavoz, James Elder, &#8220;que se ponga fin a la matanza&#8221;, lo que pasa tambi\u00e9n por la necesidad de que haya &#8220;un alto el fuego humanitario inmediato&#8221;.<\/span><\/p>\n<p><span style=\"font-weight: 400;\">Las cifras ya son &#8220;escalofriantes&#8221; y crecen &#8220;significativamente&#8221; cada d\u00eda, dijo Elder, inform\u00f3 la agencia de noticias Europa Press.<\/span><\/p>\n<p><span style=\"font-weight: 400;\">Agreg\u00f3 que, para los ni\u00f1os, las amenazas &#8220;van m\u00e1s all\u00e1 de las bombas y los morteros&#8221;, ya que sufren por ejemplo la falta de agua.<\/span><\/p>\n<p><span style=\"font-weight: 400;\">Hamas dijo este martes que al menos 3.554 chicos y chicas figuran entre al menos 8.525 palestinos muertos en Gaza en bombardeos lanzados por el Ej\u00e9rcito israel\u00ed desde que milicianos del grupo islamista mataron a m\u00e1s de 1.400 personas y tomaron unos 240 rehenes en Israel el 7 de octubre.<\/span><\/p>\n<p><span style=\"font-weight: 400;\">&#8220;La muerte de ni\u00f1os y ni\u00f1as -especialmente lactantes- por deshidrataci\u00f3n es una amenaza creciente&#8221;, dijo el vocero Elder, poniendo como ejemplo el caso de los hijos de una compa\u00f1era de la propia agencia, Nesma.<\/span><\/p>\n<p><span style=\"font-weight: 400;\">Sus dos hijos, de cuatro y siete a\u00f1os, piden &#8220;agua normal&#8221;, como contraposici\u00f3n al agua salada, que &#8220;es la \u00fanica opci\u00f3n ahora mismo&#8221;, cont\u00f3.<\/span><\/p>\n<p><span style=\"font-weight: 400;\">&#8220;Me rompe el coraz\u00f3n ver a los ni\u00f1os a mi alrededor esforzarse por conseguir un vaso de agua limpia y no encontrarla&#8221;, dijo Nesma en el comunicado de Unicef.<\/span><\/p>\n<p><span style=\"font-weight: 400;\">Adem\u00e1s, un conflicto como el actual &#8220;se dejar\u00e1 sentir durante generaciones&#8221; e implicar\u00e1 traumas de por vida, dijo Elder.<\/span><\/p>\n<p><span style=\"font-weight: 400;\">&#8220;Antes de esta \u00faltima pesadilla&#8221;, ya hab\u00eda m\u00e1s de 800.000 ni\u00f1os, tres cuartas partes de la poblaci\u00f3n infantil gazat\u00ed, necesitados de apoyo psicosocial y de salud mental, se\u00f1al\u00f3.<\/span><\/p>\n<p><span style=\"font-weight: 400;\">La hija de Nesma se autolesiona y se arranca el pelo, pero ahora mismo ella siente que no puede permitirse el &#8220;lujo&#8221; de pensar en la salud mental de mis hijos.<\/span><\/p>\n<p><span style=\"font-weight: 400;\">&#8220;Me repito a m\u00ed misma: Nesma, mantenlos vivos. Y cuando todo esto termine, les proporcionar\u00e9 apoyo mental y atenci\u00f3n m\u00e9dica'&#8221;, dijo la mujer en el comunicado de Unicef.<\/span><\/p>\n","protected":false},"excerpt":{"rendered":"<p>El organismo inform\u00f3 que unos 3.500 chicos palestinos murieron en m\u00e1s de tres semanas y pidieron &#8220;que se ponga fin a la matanza&#8221;, al tiempo que llamaron a un cese &#8220;inmediato&#8221; del fuego &nbsp; El Fondo de la ONU para la Infancia (Unicef) dijo este martes unos 3.500 chicos palestinos murieron en m\u00e1s de tres semanas de bombardeos israel\u00edes en la Franja de Gaza desde los ataques de Hamas en Israel y que el enclave se ha convertido &#8220;en un cementerio para miles de ni\u00f1os y ni\u00f1as&#8221;. La Franja de&#8230;<\/p>\n","protected":false},"author":3,"featured_media":110252,"comment_status":"closed","ping_status":"closed","sticky":false,"template":"","format":"standard","meta":[],"categories":[4],"tags":[],"_links":{"self":[{"href":"https:\/\/www.actualidadadiario.com\/index.php\/wp-json\/wp\/v2\/posts\/110251"}],"collection":[{"href":"https:\/\/www.actualidadadiario.com\/index.php\/wp-json\/wp\/v2\/posts"}],"about":[{"href":"https:\/\/www.actualidadadiario.com\/index.php\/wp-json\/wp\/v2\/types\/post"}],"author":[{"embeddable":true,"href":"https:\/\/www.actualidadadiario.com\/index.php\/wp-json\/wp\/v2\/users\/3"}],"replies":[{"embeddable":true,"href":"https:\/\/www.actualidadadiario.com\/index.php\/wp-json\/wp\/v2\/comments?post=110251"}],"version-history":[{"count":1,"href":"https:\/\/www.actualidadadiario.com\/index.php\/wp-json\/wp\/v2\/posts\/110251\/revisions"}],"predecessor-version":[{"id":110253,"href":"https:\/\/www.actualidadadiario.com\/index.php\/wp-json\/wp\/v2\/posts\/110251\/revisions\/110253"}],"wp:featuredmedia":[{"embeddable":true,"href":"https:\/\/www.actualidadadiario.com\/index.php\/wp-json\/wp\/v2\/media\/110252"}],"wp:attachment":[{"href":"https:\/\/www.actualidadadiario.com\/index.php\/wp-json\/wp\/v2\/media?parent=110251"}],"wp:term":[{"taxonomy":"category","embeddable":true,"href":"https:\/\/www.actualidadadiario.com\/index.php\/wp-json\/wp\/v2\/categories?post=110251"},{"taxonomy":"post_tag","embeddable":true,"href":"https:\/\/www.actualidadadiario.com\/index.php\/wp-json\/wp\/v2\/tags?post=110251"}],"curies":[{"name":"wp","href":"https:\/\/api.w.org\/{rel}","templated":true}]}}