{"id":110234,"date":"2023-10-31T12:30:52","date_gmt":"2023-10-31T15:30:52","guid":{"rendered":"https:\/\/www.actualidadadiario.com\/?p=110234"},"modified":"2023-10-31T12:30:52","modified_gmt":"2023-10-31T15:30:52","slug":"tanto-massa-como-milei-presentan-sus-propuestas-ante-la-union-industrial-argentina","status":"publish","type":"post","link":"https:\/\/www.actualidadadiario.com\/index.php\/2023\/10\/31\/tanto-massa-como-milei-presentan-sus-propuestas-ante-la-union-industrial-argentina\/","title":{"rendered":"Tanto Massa como Milei presentan sus propuestas ante la Uni\u00f3n Industrial Argentina"},"content":{"rendered":"<p style=\"text-align: center;\"><em><strong>Los dos candidatos presidenciales, que competir\u00e1n el 19 de noviembre en el balotaje, expondr\u00e1n sus plataformas econ\u00f3micas frente a los dirigentes de la organizaci\u00f3n empresarial<\/strong><\/em><\/p>\n<p>&nbsp;<\/p>\n<p><span style=\"font-weight: 400;\">El ministro de Econom\u00eda y candidato a presidente de Uni\u00f3n por la Patria (UxP), Sergio Massa, presentar\u00e1 este martes sus propuestas econ\u00f3micas durante un encuentro organizado por la Uni\u00f3n Industrial Argentina (UIA), mientras que el postulante por La Libertad Avanza (LLA), Javier Milei, har\u00e1 lo propio en los pr\u00f3ximos d\u00edas.<\/span><\/p>\n<p><span style=\"font-weight: 400;\">La entidad empresaria explic\u00f3 que el titular del Palacio de Hacienda tiene previsto presentarse a las 11.30, en la sede de la UIA, ubicada en Avenida de Mayo al 1000 de la Ciudad de Buenos Aires, en el marco de un encuentro que se realizar\u00e1 &#8220;a puertas cerradas&#8221;.<\/span><\/p>\n<p><span style=\"font-weight: 400;\">&#8220;Se abordar\u00e1n las propuestas de la UIA para construir una agenda productiva que incluya estrategias de largo plazo para que la econom\u00eda crezca y se genere m\u00e1s empleo, y los problemas de coyuntura que dificultan el acceso a insumos y divisas para la producci\u00f3n&#8221;, se\u00f1alaron desde la organizaci\u00f3n fabril.<\/span><\/p>\n<p><span style=\"font-weight: 400;\">Por su parte, para los pr\u00f3ximos d\u00edas, las autoridades de la UIA conf\u00edan en confirmar la presencia del candidato presidencial libertario, quien seg\u00fan fuente partidarias est\u00e1 arreglando &#8220;temas de agenda&#8221;<\/span><\/p>\n","protected":false},"excerpt":{"rendered":"<p>Los dos candidatos presidenciales, que competir\u00e1n el 19 de noviembre en el balotaje, expondr\u00e1n sus plataformas econ\u00f3micas frente a los dirigentes de la organizaci\u00f3n empresarial &nbsp; El ministro de Econom\u00eda y candidato a presidente de Uni\u00f3n por la Patria (UxP), Sergio Massa, presentar\u00e1 este martes sus propuestas econ\u00f3micas durante un encuentro organizado por la Uni\u00f3n Industrial Argentina (UIA), mientras que el postulante por La Libertad Avanza (LLA), Javier Milei, har\u00e1 lo propio en los pr\u00f3ximos d\u00edas. La entidad empresaria explic\u00f3 que el titular del Palacio de Hacienda tiene previsto presentarse&#8230;<\/p>\n","protected":false},"author":3,"featured_media":108417,"comment_status":"closed","ping_status":"closed","sticky":false,"template":"","format":"standard","meta":[],"categories":[18],"tags":[],"_links":{"self":[{"href":"https:\/\/www.actualidadadiario.com\/index.php\/wp-json\/wp\/v2\/posts\/110234"}],"collection":[{"href":"https:\/\/www.actualidadadiario.com\/index.php\/wp-json\/wp\/v2\/posts"}],"about":[{"href":"https:\/\/www.actualidadadiario.com\/index.php\/wp-json\/wp\/v2\/types\/post"}],"author":[{"embeddable":true,"href":"https:\/\/www.actualidadadiario.com\/index.php\/wp-json\/wp\/v2\/users\/3"}],"replies":[{"embeddable":true,"href":"https:\/\/www.actualidadadiario.com\/index.php\/wp-json\/wp\/v2\/comments?post=110234"}],"version-history":[{"count":1,"href":"https:\/\/www.actualidadadiario.com\/index.php\/wp-json\/wp\/v2\/posts\/110234\/revisions"}],"predecessor-version":[{"id":110235,"href":"https:\/\/www.actualidadadiario.com\/index.php\/wp-json\/wp\/v2\/posts\/110234\/revisions\/110235"}],"wp:featuredmedia":[{"embeddable":true,"href":"https:\/\/www.actualidadadiario.com\/index.php\/wp-json\/wp\/v2\/media\/108417"}],"wp:attachment":[{"href":"https:\/\/www.actualidadadiario.com\/index.php\/wp-json\/wp\/v2\/media?parent=110234"}],"wp:term":[{"taxonomy":"category","embeddable":true,"href":"https:\/\/www.actualidadadiario.com\/index.php\/wp-json\/wp\/v2\/categories?post=110234"},{"taxonomy":"post_tag","embeddable":true,"href":"https:\/\/www.actualidadadiario.com\/index.php\/wp-json\/wp\/v2\/tags?post=110234"}],"curies":[{"name":"wp","href":"https:\/\/api.w.org\/{rel}","templated":true}]}}