{"id":110230,"date":"2023-10-31T12:29:35","date_gmt":"2023-10-31T15:29:35","guid":{"rendered":"https:\/\/www.actualidadadiario.com\/?p=110230"},"modified":"2023-10-31T12:29:35","modified_gmt":"2023-10-31T15:29:35","slug":"elisa-carrio-en-rechazo-a-milei-yo-a-la-locura-no-voy","status":"publish","type":"post","link":"https:\/\/www.actualidadadiario.com\/index.php\/2023\/10\/31\/elisa-carrio-en-rechazo-a-milei-yo-a-la-locura-no-voy\/","title":{"rendered":"Elisa Carri\u00f3 en rechazo a Milei: &#8220;Yo a la locura no voy&#8221;"},"content":{"rendered":"<p style=\"text-align: center;\"><em><strong>De cara al balotaje 2023, Carri\u00f3 anticip\u00f3 que no apoyar\u00e1 a ninguno de los candidatos. Por su parte, un sector del radicalismo porte\u00f1o manifest\u00f3 su apoyo a Massa<\/strong><\/em><\/p>\n<p>&nbsp;<\/p>\n<p><span style=\"font-weight: 400;\">La fundadora de la Coalici\u00f3n C\u00edvica (CC), Elisa Carri\u00f3, asegur\u00f3 que \u201ca la locura\u201d no va, en rechazo al candidato de La Libertad Avanza (LLA), Javier Milei, en el balotaje del pr\u00f3ximo 19 de noviembre. Por su parte, un sector del radicalismo porte\u00f1o manifest\u00f3 su apoyo al candidato de Uni\u00f3n por la Patria (UxP), Sergio Massa.\u00a0<\/span><\/p>\n<p><span style=\"font-weight: 400;\">En el \u00faltimo tramo de la contienda electoral, donde se definen posiciones, los candidatos buscan sumar adhesiones de diferentes sectores. En ese escenario, Carri\u00f3 asegur\u00f3: \u201cNo voy a ir a votar, me cans\u00f3 moralmente la sociedad&#8221;.\u00a0\u00a0<\/span><\/p>\n<p><span style=\"font-weight: 400;\">&#8220;A m\u00ed no me van a venir con que estoy con Massa porque la Coalici\u00f3n C\u00edvica denunci\u00f3 todos los negociados\u201d, sostuvo Carri\u00f3 y agreg\u00f3: \u201cYo a la locura no voy, porque estudi\u00e9 mucho &#8216;Los or\u00edgenes del totalitarismo&#8217;, de Hannah Arendt. No voy a ir a votar&#8221;.\u00a0<\/span><\/p>\n<p><span style=\"font-weight: 400;\">En el marco de la celebraci\u00f3n de los 40 a\u00f1os de la victoria de Ra\u00fal Alfonsin, Carri\u00f3 colabor\u00f3 con el proyecto de la artista Dolores de Argentina. Se trat\u00f3 de una intervenci\u00f3n art\u00edstica sobre el monumento al general Jos\u00e9 de San Mart\u00edn en la plaza del mismo nombre, en el barrio porte\u00f1o de Retiro.\u00a0<\/span><\/p>\n<p>&nbsp;<\/p>\n<p><b>Balotaje 2023: radicalismo con Massa<\/b><\/p>\n<p><span style=\"font-weight: 400;\">A su vez, por la celebraci\u00f3n de los 40 a\u00f1os de la democracia, un sector del radicalismo porte\u00f1o, encabezado por el exsenador Nito Artaza, expres\u00f3 su apoyo a Massa en una cena en el restaurante Lal\u00edn, un cl\u00e1sico punto de reuni\u00f3n de la dirigencia de la UCR, en el barrio de Balvanera.<\/span><\/p>\n<p><span style=\"font-weight: 400;\">En la cena, Massa afirm\u00f3 que &#8220;el 19 de noviembre hay que apostar para construir esa nueva mayor\u00eda que nos ayude a transitar los pr\u00f3ximos 20 a\u00f1os en paz y con democracia&#8221;. Mientras que los invitados cantaron:\u00a0 &#8220;Siga, siga, siga el baile, al comp\u00e1s del tambor\u00edn, Sergio Massa presidente, de la mano de Alfons\u00edn&#8221;.<\/span><\/p>\n<p><span style=\"font-weight: 400;\">Estuvieron presentes el excandidato a jefe de Gobierno porte\u00f1o de UxP, Leandro Santoro; la titular de la C\u00e1mara de Diputados, Cecilia Moreau; el diputado Leopoldo Moreau; y el vicepresidente de Enacom y presidente de FORJA, Gustavo L\u00f3pez; y el titular de La Bancaria, Sergio Palazzo.<\/span><\/p>\n<p><span style=\"font-weight: 400;\">&#8220;Se trat\u00f3 de un acto emotivo en recuerdo de Alfons\u00edn y de su legado, que consiste en la defensa de los derechos humanos, de la justicia social, de la democracia con poder, y adem\u00e1s fue una convocatoria a la unidad nacional que es la que expresa Massa, por eso el apoyo a su candidatura&#8221;, afirm\u00f3 L\u00f3pez en di\u00e1logo con T\u00e9lam.\u00a0<\/span><\/p>\n<p><span style=\"font-weight: 400;\">L\u00f3pez expres\u00f3 que Milei &#8220;pone en riesgo la convivencia democr\u00e1tica porque no reconoce&#8221; a ese sistema de gobierno, y propone &#8220;hacer estallar todo porque no le importa la justicia social, la equidad y lo que le puede pasar al otro&#8221;.<\/span><\/p>\n<p><span style=\"font-weight: 400;\">Adem\u00e1s, sostuvo que el expresidente Mauricio Macri \u201coficia como titiritero\u201d en referencia a la alianza que este tiene con Milei.\u00a0<\/span><\/p>\n<p><span style=\"font-weight: 400;\">&#8220;La UCR tiene hoy la gran oportunidad de volver a ser lo que fue y adem\u00e1s hay una necesidad en el esquema pol\u00edtico de que esto ocurra porque si no hay un corrimiento hacia la derecha de todas las fuerzas&#8221;, analiz\u00f3.<\/span><\/p>\n<p><span style=\"font-weight: 400;\">Y remarc\u00f3 que &#8220;se necesita un equilibrio de una fuerza popular que recupere el rol de defensa de la democracia, algo que no tiene Macri, y que la UCR diluy\u00f3 en su gobierno al formar parte de Juntos por el Cambio&#8221;.<\/span><\/p>\n","protected":false},"excerpt":{"rendered":"<p>De cara al balotaje 2023, Carri\u00f3 anticip\u00f3 que no apoyar\u00e1 a ninguno de los candidatos. Por su parte, un sector del radicalismo porte\u00f1o manifest\u00f3 su apoyo a Massa &nbsp; La fundadora de la Coalici\u00f3n C\u00edvica (CC), Elisa Carri\u00f3, asegur\u00f3 que \u201ca la locura\u201d no va, en rechazo al candidato de La Libertad Avanza (LLA), Javier Milei, en el balotaje del pr\u00f3ximo 19 de noviembre. Por su parte, un sector del radicalismo porte\u00f1o manifest\u00f3 su apoyo al candidato de Uni\u00f3n por la Patria (UxP), Sergio Massa.\u00a0 En el \u00faltimo tramo de&#8230;<\/p>\n","protected":false},"author":3,"featured_media":39115,"comment_status":"closed","ping_status":"closed","sticky":false,"template":"","format":"standard","meta":[],"categories":[18],"tags":[],"_links":{"self":[{"href":"https:\/\/www.actualidadadiario.com\/index.php\/wp-json\/wp\/v2\/posts\/110230"}],"collection":[{"href":"https:\/\/www.actualidadadiario.com\/index.php\/wp-json\/wp\/v2\/posts"}],"about":[{"href":"https:\/\/www.actualidadadiario.com\/index.php\/wp-json\/wp\/v2\/types\/post"}],"author":[{"embeddable":true,"href":"https:\/\/www.actualidadadiario.com\/index.php\/wp-json\/wp\/v2\/users\/3"}],"replies":[{"embeddable":true,"href":"https:\/\/www.actualidadadiario.com\/index.php\/wp-json\/wp\/v2\/comments?post=110230"}],"version-history":[{"count":1,"href":"https:\/\/www.actualidadadiario.com\/index.php\/wp-json\/wp\/v2\/posts\/110230\/revisions"}],"predecessor-version":[{"id":110231,"href":"https:\/\/www.actualidadadiario.com\/index.php\/wp-json\/wp\/v2\/posts\/110230\/revisions\/110231"}],"wp:featuredmedia":[{"embeddable":true,"href":"https:\/\/www.actualidadadiario.com\/index.php\/wp-json\/wp\/v2\/media\/39115"}],"wp:attachment":[{"href":"https:\/\/www.actualidadadiario.com\/index.php\/wp-json\/wp\/v2\/media?parent=110230"}],"wp:term":[{"taxonomy":"category","embeddable":true,"href":"https:\/\/www.actualidadadiario.com\/index.php\/wp-json\/wp\/v2\/categories?post=110230"},{"taxonomy":"post_tag","embeddable":true,"href":"https:\/\/www.actualidadadiario.com\/index.php\/wp-json\/wp\/v2\/tags?post=110230"}],"curies":[{"name":"wp","href":"https:\/\/api.w.org\/{rel}","templated":true}]}}