{"id":110227,"date":"2023-10-31T12:29:03","date_gmt":"2023-10-31T15:29:03","guid":{"rendered":"https:\/\/www.actualidadadiario.com\/?p=110227"},"modified":"2023-10-31T12:29:03","modified_gmt":"2023-10-31T15:29:03","slug":"artistas-e-intelectuales-llamaron-a-votar-por-sergio-massa-en-el-balotaje","status":"publish","type":"post","link":"https:\/\/www.actualidadadiario.com\/index.php\/2023\/10\/31\/artistas-e-intelectuales-llamaron-a-votar-por-sergio-massa-en-el-balotaje\/","title":{"rendered":"Artistas e intelectuales llamaron a votar por Sergio Massa en el balotaje"},"content":{"rendered":"<p style=\"text-align: center;\"><em><strong>Actores, escritores, m\u00fasicos, entre otros, firmaron una carta en la que expresaron su rotundo apoyo al candidato de Uni\u00f3n por la Patria. Cr\u00edticas a Javier Milei por la &#8220;preocupaci\u00f3n por el futuro de la democracia argentina&#8221;<\/strong><\/em><\/p>\n<p>&nbsp;<\/p>\n<p><span style=\"font-weight: 400;\">Una carta publicada esta semana, en la que firman varios escritores, dibujantes, artistas, fot\u00f3grafos, cineastas, m\u00fasicos e intelectuales de un amplio arco de la cultura nacional, llam\u00f3 a &#8220;votar a Sergio Massa\u201d en el balotaje presidencial del pr\u00f3ximo 19 de noviembre. El pedido lleva como consigna general garantizar el \u201cfuturo de la democracia\u201d, con cr\u00edticas a Javier Milei. Ya se puede consultar d\u00f3nde voto.<\/span><\/p>\n<p><span style=\"font-weight: 400;\">Entre los firmantes figuran Cecilia Roth, Marta y Juan Minuj\u00edn, Leonardo Sbaraglia, Rita Segato, Rita Cortese, Mariana Enr\u00edquez, Samanta Scweblin, Tute, Rep, Luis Felipe No\u00e9, Selva Almada, Vera Spinetta y Luisa Kuliok, entre otros.<\/span><\/p>\n<p>&nbsp;<\/p>\n<p><b>Elecciones 2023: intelectuales y artistas llamaron a votar por Massa<\/b><\/p>\n<p><span style=\"font-weight: 400;\">\u201cEn honor a estas cuatro d\u00e9cadas de encuentros y desencuentros bajo el amparo de la Constituci\u00f3n, vemos con enorme desasosiego la posible llegada al poder de una propuesta que reivindica el Terrorismo de Estado y amenaza con quitar y deslegitimar todo lo adquirido para la vida com\u00fan del pueblo argentino\u201d, expresa la carta abierta, que se dio a conocer este lunes.<\/span><\/p>\n<p><span style=\"font-weight: 400;\">Se sumaron voces como las de Juan Sasturain, Eduardo Stup\u00eda, Mar\u00eda Moreno y Liliana Heker, la espa\u00f1ola Rosa Montero y el mexicano Juan Villoro se unieron en la solicitada, donde expresan su <\/span><i><span style=\"font-weight: 400;\">\u201cpreocupaci\u00f3n por el futuro de la democracia argentina\u201d<\/span><\/i><span style=\"font-weight: 400;\">, en el marco de la celebraci\u00f3n del 40\u00b0 aniversario de su recuperaci\u00f3n en el pa\u00eds y de cara a <\/span><i><span style=\"font-weight: 400;\">\u201clas pr\u00f3ximas elecciones del 19 de noviembre\u201d<\/span><\/i><span style=\"font-weight: 400;\">.<\/span><\/p>\n<p><i><span style=\"font-weight: 400;\">\u201cNinguna crisis de ninguna \u00edndole, a pesar de la enorme cantidad de compatriotas que viven momentos muy dif\u00edciles por los desaciertos de nuestra dirigencia y la falta de concordia entre las fuerzas pol\u00edticas mayoritarias, puede confundir al electorado e instar a apoyar propuestas fundadas en la idea del exterminio del oponente y en la negaci\u00f3n de todo lo que, de manera muchas veces ardua y hasta amarga, conseguimos en el terreno de la legislaci\u00f3n que ampara a los y las trabajadores, al conjunto del pueblo y la sociedad argentinos\u201d<\/span><\/i><span style=\"font-weight: 400;\">, advierte la misiva firmada por figuras tan populares de la escena art\u00edstica como Nancy Dupl\u00e1a, Pablo Echarri, Cristina Banegas y Andrea Rinc\u00f3n.<\/span><\/p>\n<p><i><span style=\"font-weight: 400;\">\u201cEn virtud de todo esto, porque como dec\u00eda el presidente Ra\u00fal Alfons\u00edn: \u2018La democracia se cura con m\u00e1s democracia\u2019, y en este momento crucial para la patria, llamamos a votar a Sergio Massa\u201d<\/span><\/i><span style=\"font-weight: 400;\">, concluye el texto al que se suman las r\u00fabricas de Carlos Ulanovsky, Mar\u00eda Sonia Cristoff, Juan Jos\u00e9 Cambre, Max Aguirre, M\u00f3nica Tarducci, Ana Gallardo, Gabriela Massuh, Pablo Ramos y Florencia Canale.<\/span><\/p>\n<p><span style=\"font-weight: 400;\">El documento incluye firmas como las de Dar\u00edo Sztajnszrajber, Pedro Saborido, Sergio Olgu\u00edn, Ignacio Iraola, Patricio Pron, Hinde Pomeraniec, Diego Frenkel, Carlos Rozanski, Lita Stantic, \u00c1ngela Torres, Anal\u00eda Couceyro, Griselda Siciliani, Valeria Lois, Juan Palomino, Lorena Vega, Victoria Carreras, Ana Celentano, Marco Antonio Caponi, Antonella Costa y Alejandra Flechner.<\/span><\/p>\n","protected":false},"excerpt":{"rendered":"<p>Actores, escritores, m\u00fasicos, entre otros, firmaron una carta en la que expresaron su rotundo apoyo al candidato de Uni\u00f3n por la Patria. Cr\u00edticas a Javier Milei por la &#8220;preocupaci\u00f3n por el futuro de la democracia argentina&#8221; &nbsp; Una carta publicada esta semana, en la que firman varios escritores, dibujantes, artistas, fot\u00f3grafos, cineastas, m\u00fasicos e intelectuales de un amplio arco de la cultura nacional, llam\u00f3 a &#8220;votar a Sergio Massa\u201d en el balotaje presidencial del pr\u00f3ximo 19 de noviembre. El pedido lleva como consigna general garantizar el \u201cfuturo de la democracia\u201d,&#8230;<\/p>\n","protected":false},"author":3,"featured_media":110228,"comment_status":"closed","ping_status":"closed","sticky":false,"template":"","format":"standard","meta":[],"categories":[18],"tags":[],"_links":{"self":[{"href":"https:\/\/www.actualidadadiario.com\/index.php\/wp-json\/wp\/v2\/posts\/110227"}],"collection":[{"href":"https:\/\/www.actualidadadiario.com\/index.php\/wp-json\/wp\/v2\/posts"}],"about":[{"href":"https:\/\/www.actualidadadiario.com\/index.php\/wp-json\/wp\/v2\/types\/post"}],"author":[{"embeddable":true,"href":"https:\/\/www.actualidadadiario.com\/index.php\/wp-json\/wp\/v2\/users\/3"}],"replies":[{"embeddable":true,"href":"https:\/\/www.actualidadadiario.com\/index.php\/wp-json\/wp\/v2\/comments?post=110227"}],"version-history":[{"count":1,"href":"https:\/\/www.actualidadadiario.com\/index.php\/wp-json\/wp\/v2\/posts\/110227\/revisions"}],"predecessor-version":[{"id":110229,"href":"https:\/\/www.actualidadadiario.com\/index.php\/wp-json\/wp\/v2\/posts\/110227\/revisions\/110229"}],"wp:featuredmedia":[{"embeddable":true,"href":"https:\/\/www.actualidadadiario.com\/index.php\/wp-json\/wp\/v2\/media\/110228"}],"wp:attachment":[{"href":"https:\/\/www.actualidadadiario.com\/index.php\/wp-json\/wp\/v2\/media?parent=110227"}],"wp:term":[{"taxonomy":"category","embeddable":true,"href":"https:\/\/www.actualidadadiario.com\/index.php\/wp-json\/wp\/v2\/categories?post=110227"},{"taxonomy":"post_tag","embeddable":true,"href":"https:\/\/www.actualidadadiario.com\/index.php\/wp-json\/wp\/v2\/tags?post=110227"}],"curies":[{"name":"wp","href":"https:\/\/api.w.org\/{rel}","templated":true}]}}