{"id":110215,"date":"2023-10-31T12:18:51","date_gmt":"2023-10-31T15:18:51","guid":{"rendered":"https:\/\/www.actualidadadiario.com\/?p=110215"},"modified":"2023-10-31T12:18:51","modified_gmt":"2023-10-31T15:18:51","slug":"debate-presidencial-balotaje-ejes-tematicos-moderadores-y-el-deseo-de-milei-de-usar-machetes-que-massa-rechaza","status":"publish","type":"post","link":"https:\/\/www.actualidadadiario.com\/index.php\/2023\/10\/31\/debate-presidencial-balotaje-ejes-tematicos-moderadores-y-el-deseo-de-milei-de-usar-machetes-que-massa-rechaza\/","title":{"rendered":"Debate presidencial balotaje: ejes tem\u00e1ticos, moderadores y el deseo de Milei de usar machetes que Massa rechaza"},"content":{"rendered":"<p style=\"text-align: center;\"><em><strong>El debate entre el candidato presidencial de Uni\u00f3n por la Patria y el de La Libertad Avanza ser\u00e1 el 12 de noviembre y contar\u00e1 con m\u00e1s din\u00e1mica que los anteriores. Este mi\u00e9rcoles se sortean los 6 ejes tem\u00e1ticos mientras resuelven el pedido del libertario<\/strong><\/em><\/p>\n<p>&nbsp;<\/p>\n<p><span style=\"font-weight: 400;\">El debate presidencial de cara al balotaje se realizar\u00e1 el domingo 12 de noviembre en la Facultad de Derecho de la Universidad de Buenos Aires y la C\u00e1mara Nacional Electoral (CNE) defini\u00f3 los ejes tem\u00e1ticos, moderadores y, ahora, analiza el deseo del candidato Javier Milei de usar machetes que\u00a0 su contrincante Sergio Massa rechaza.<\/span><\/p>\n<p><span style=\"font-weight: 400;\">Karina Milei fue quien pidi\u00f3 que su hermano fuera habilitado a llevar papeles, leerlos y exhibirlos El argumento es que ahora son s\u00f3lo dos candidatos, los m\u00f3dulos son largos y que necesita una especie de ayuda-memoria para exponer. La realidad es que el l\u00edder de La Libertad Avanza necesita mantener la serenidad. Seg\u00fan el reglamento, los candidatos pueden tener sobre el atril \u201chasta cinco hojas manuscritas o impresas de exclusivo uso interno con tama\u00f1o de letra hasta 14\u201d, aunque no especifica nada sobre la posibilidad de que lean.<\/span><\/p>\n<p><span style=\"font-weight: 400;\">Del otro lado, el equipo de Massa se\u00f1al\u00f3 que no se pueden utilizar papeles porque un candidato presidencial debe estar en condiciones de explicar por s\u00ed mismo y recordar los datos esenciales que necesita y adelant\u00f3 que Massa expondr\u00e1 de manera espont\u00e1nea, sin leer, como hasta ahora. Aunque, seg\u00fan consign\u00f3 P\u00e1gina 12 el candidato presidencial de Uni\u00f3n por la Patria no tendr\u00eda problema en que su contrincante termine leyendo.\u00a0<\/span><\/p>\n<p><span style=\"font-weight: 400;\">El equipo del candidato del oficialismo si propuso c\u00e1maras cruzadas, es decir, enfocar al candidato que no est\u00e1 hablando para darle color al debate, el di\u00e1logo ser\u00e1 primero con la C\u00e1mara Argentina de Productoras Independientes de Televisi\u00f3n (CAPIT) que realiza la producci\u00f3n t\u00e9cnica.\u00a0<\/span><\/p>\n<p><span style=\"font-weight: 400;\">Y luego lo definir\u00e1n los jueces electorales Dalla Via, Corcuera y Bejas que adem\u00e1s deber\u00e1n resolver el pedido de Milei de leer en vivo para debatir.\u00a0<\/span><\/p>\n<p><span style=\"font-weight: 400;\">Del encuentro en la CNE, representando al libertario, participaron Karina Milei, el apoderado de La Libertad Avanza, Santiago Viola y el polit\u00f3logo Santiago Caputo, sobrino de Nicky y Toto Caputo, hermano del alma uno y amigo de Mauricio Macri el otro. Del lado de Massa, los representantes fueron Juan Manuel Olmos, vicejefe de Gabinete de la Naci\u00f3n; el consultor catal\u00e1n de Massa, Antoni Guti\u00e9rrez Rub\u00ed; el vocero Santiago Garc\u00eda V\u00e1zquez y el integrante del equipo de campa\u00f1a, Brian Gimenez.<\/span><\/p>\n<p><span style=\"font-weight: 400;\">Ambos equipos lograron acordar en todos los dem\u00e1s temas.\u00a0<\/span><\/p>\n<p>&nbsp;<\/p>\n<p><b>C\u00f3mo ser\u00e1 el debate<\/b><\/p>\n<p><span style=\"font-weight: 400;\">Esta vez si bien habr\u00e1 atriles, los candidatos tendr\u00e1n la posibilidad de moverse. Expondr\u00e1n el tema que les toca durante dos minutos, pero luego habr\u00e1 casi ocho minutos para la confrontaci\u00f3n y el debate. No ser\u00e1 una libertad total, pero estar\u00e1 cerca. Exposici\u00f3n, r\u00e9plica, intercambio: esa es la idea.\u00a0<\/span><\/p>\n<p>&nbsp;<\/p>\n<p><b>Los ejes tem\u00e1ticos del debate presidencial<\/b><\/p>\n<p><span style=\"font-weight: 400;\">Ambos equipos lograron acordar y\u00a0 aprobaron los siguientes ejes tem\u00e1ticos para debatir:<\/span><\/p>\n<p><span style=\"font-weight: 400;\">-Econom\u00eda<\/span><\/p>\n<p><span style=\"font-weight: 400;\">-Relaciones de la Argentina con el mundo.<\/span><\/p>\n<p><span style=\"font-weight: 400;\">-Educaci\u00f3n<\/span><\/p>\n<p><span style=\"font-weight: 400;\">-Salud<\/span><\/p>\n<p><span style=\"font-weight: 400;\">-Seguridad<\/span><\/p>\n<p><span style=\"font-weight: 400;\">-Derechos Humanos y convivencia democr\u00e1tica<\/span><\/p>\n<p><span style=\"font-weight: 400;\">Ser\u00e1n bloques de unos diez minutos sobre cada tema.<\/span><\/p>\n<p>&nbsp;<\/p>\n<p><b>Quienes ser\u00e1n los moderadores en el debate del 12 de noviembre<\/b><\/p>\n<p><span style=\"font-weight: 400;\">Como ocurri\u00f3 en los dos debates anteriores, dos periodistas conducir\u00e1n la primera hora y dos la segunda.<\/span><\/p>\n<p><span style=\"font-weight: 400;\">El primer binomio est\u00e1 integrado por Luciana Geuna de Canal 13 y Pablo Vigna de la TV P\u00fablica. Mientras que el segundo d\u00fao lo formar\u00e1n Antonio Laje de Am\u00e9rica y Erica Fontana de Telef\u00e9.<\/span><\/p>\n<p><span style=\"font-weight: 400;\">Como se sabe, los moderadores tienen el papel de encaminar el debate hacia las pautas acordadas y firmadas, tanto por los jueces como por los candidatos y sus equipos.<\/span><\/p>\n","protected":false},"excerpt":{"rendered":"<p>El debate entre el candidato presidencial de Uni\u00f3n por la Patria y el de La Libertad Avanza ser\u00e1 el 12 de noviembre y contar\u00e1 con m\u00e1s din\u00e1mica que los anteriores. Este mi\u00e9rcoles se sortean los 6 ejes tem\u00e1ticos mientras resuelven el pedido del libertario &nbsp; El debate presidencial de cara al balotaje se realizar\u00e1 el domingo 12 de noviembre en la Facultad de Derecho de la Universidad de Buenos Aires y la C\u00e1mara Nacional Electoral (CNE) defini\u00f3 los ejes tem\u00e1ticos, moderadores y, ahora, analiza el deseo del candidato Javier Milei&#8230;<\/p>\n","protected":false},"author":3,"featured_media":110216,"comment_status":"closed","ping_status":"closed","sticky":false,"template":"","format":"standard","meta":[],"categories":[9],"tags":[],"_links":{"self":[{"href":"https:\/\/www.actualidadadiario.com\/index.php\/wp-json\/wp\/v2\/posts\/110215"}],"collection":[{"href":"https:\/\/www.actualidadadiario.com\/index.php\/wp-json\/wp\/v2\/posts"}],"about":[{"href":"https:\/\/www.actualidadadiario.com\/index.php\/wp-json\/wp\/v2\/types\/post"}],"author":[{"embeddable":true,"href":"https:\/\/www.actualidadadiario.com\/index.php\/wp-json\/wp\/v2\/users\/3"}],"replies":[{"embeddable":true,"href":"https:\/\/www.actualidadadiario.com\/index.php\/wp-json\/wp\/v2\/comments?post=110215"}],"version-history":[{"count":1,"href":"https:\/\/www.actualidadadiario.com\/index.php\/wp-json\/wp\/v2\/posts\/110215\/revisions"}],"predecessor-version":[{"id":110217,"href":"https:\/\/www.actualidadadiario.com\/index.php\/wp-json\/wp\/v2\/posts\/110215\/revisions\/110217"}],"wp:featuredmedia":[{"embeddable":true,"href":"https:\/\/www.actualidadadiario.com\/index.php\/wp-json\/wp\/v2\/media\/110216"}],"wp:attachment":[{"href":"https:\/\/www.actualidadadiario.com\/index.php\/wp-json\/wp\/v2\/media?parent=110215"}],"wp:term":[{"taxonomy":"category","embeddable":true,"href":"https:\/\/www.actualidadadiario.com\/index.php\/wp-json\/wp\/v2\/categories?post=110215"},{"taxonomy":"post_tag","embeddable":true,"href":"https:\/\/www.actualidadadiario.com\/index.php\/wp-json\/wp\/v2\/tags?post=110215"}],"curies":[{"name":"wp","href":"https:\/\/api.w.org\/{rel}","templated":true}]}}