{"id":109999,"date":"2023-10-26T12:58:13","date_gmt":"2023-10-26T15:58:13","guid":{"rendered":"https:\/\/www.actualidadadiario.com\/?p=109999"},"modified":"2023-10-26T12:58:13","modified_gmt":"2023-10-26T15:58:13","slug":"que-dijo-sergio-massa-sobre-la-alianza-entre-milei-y-bullrich","status":"publish","type":"post","link":"https:\/\/www.actualidadadiario.com\/index.php\/2023\/10\/26\/que-dijo-sergio-massa-sobre-la-alianza-entre-milei-y-bullrich\/","title":{"rendered":"Qu\u00e9 dijo Sergio Massa sobre la alianza entre Milei y Bullrich"},"content":{"rendered":"<p style=\"text-align: center;\"><em><strong>El candidato presidencial de Uni\u00f3n por la Patria y ministro de Econom\u00eda se refiri\u00f3 al acuerdo celebrado entre la ex titular del PRO y el postulante de La Libertad Avanza<\/strong><\/em><\/p>\n<p>&nbsp;<\/p>\n<p><span style=\"font-weight: 400;\">El candidato presidencial de Uni\u00f3n por la Patria y ministro de Econom\u00eda, Sergio Massa, asegur\u00f3 que el acuerdo celebrado entre la ex titular del PRO, Patricia Bullrich, y el postulante de La Libertad Avanza (LLA), Javier Milei, de cara al balotaje, &#8220;a la gente le genera confusi\u00f3n por las contradicciones&#8221;.<\/span><\/p>\n<p><span style=\"font-weight: 400;\">&#8220;Vi poco de lo que pas\u00f3&#8221;, remarc\u00f3 Massa, en referencia a la chance de tomar conocimiento de todo el detalle de idas y vueltas que hubo el mi\u00e9rcoles en Juntos por el Cambio.<\/span><\/p>\n<p><span style=\"font-weight: 400;\">&#8220;Vi algunos t\u00edtulos de pantalla en la oficina, entiendo que es un tema que a la gente le genera confusi\u00f3n por las contradicciones&#8221;, precis\u00f3 el candidato de Uni\u00f3n por la Patria.<\/span><\/p>\n<p><span style=\"font-weight: 400;\">Asimismo, el tigrense aclar\u00f3: &#8220;No es un tema de nuestra fuerza pol\u00edtica&#8221;.<\/span><\/p>\n<p><span style=\"font-weight: 400;\">Bullrich y quien fuera su candidato a vicepresidente Luis Petri encabezaron el mi\u00e9rcoles al mediod\u00eda una conferencia de prensa en la que anunciaron su respaldo a Milei en el balotaje.<\/span><\/p>\n<p><span style=\"font-weight: 400;\">Massa, al ser consultado por eventuales negociaciones con gobernadores de la oposici\u00f3n, respondi\u00f3: &#8220;Las reuniones o charlas que no se hacen p\u00fablicas y son privadas, son privadas. En eso soy muy respetuoso. Es parte de lo que nos genera confianza frente a tanto ruido&#8221;.<\/span><\/p>\n<p><span style=\"font-weight: 400;\">&#8220;Lo importante es que la gente est\u00e9 tranquila en que el 10 de diciembre, cuando empiece mi gobierno si Dios me da la oportunidad, vamos a manejarnos con seriedad&#8221;, precis\u00f3.<\/span><\/p>\n","protected":false},"excerpt":{"rendered":"<p>El candidato presidencial de Uni\u00f3n por la Patria y ministro de Econom\u00eda se refiri\u00f3 al acuerdo celebrado entre la ex titular del PRO y el postulante de La Libertad Avanza &nbsp; El candidato presidencial de Uni\u00f3n por la Patria y ministro de Econom\u00eda, Sergio Massa, asegur\u00f3 que el acuerdo celebrado entre la ex titular del PRO, Patricia Bullrich, y el postulante de La Libertad Avanza (LLA), Javier Milei, de cara al balotaje, &#8220;a la gente le genera confusi\u00f3n por las contradicciones&#8221;. &#8220;Vi poco de lo que pas\u00f3&#8221;, remarc\u00f3 Massa, en&#8230;<\/p>\n","protected":false},"author":3,"featured_media":110000,"comment_status":"closed","ping_status":"closed","sticky":false,"template":"","format":"standard","meta":[],"categories":[18],"tags":[],"_links":{"self":[{"href":"https:\/\/www.actualidadadiario.com\/index.php\/wp-json\/wp\/v2\/posts\/109999"}],"collection":[{"href":"https:\/\/www.actualidadadiario.com\/index.php\/wp-json\/wp\/v2\/posts"}],"about":[{"href":"https:\/\/www.actualidadadiario.com\/index.php\/wp-json\/wp\/v2\/types\/post"}],"author":[{"embeddable":true,"href":"https:\/\/www.actualidadadiario.com\/index.php\/wp-json\/wp\/v2\/users\/3"}],"replies":[{"embeddable":true,"href":"https:\/\/www.actualidadadiario.com\/index.php\/wp-json\/wp\/v2\/comments?post=109999"}],"version-history":[{"count":1,"href":"https:\/\/www.actualidadadiario.com\/index.php\/wp-json\/wp\/v2\/posts\/109999\/revisions"}],"predecessor-version":[{"id":110001,"href":"https:\/\/www.actualidadadiario.com\/index.php\/wp-json\/wp\/v2\/posts\/109999\/revisions\/110001"}],"wp:featuredmedia":[{"embeddable":true,"href":"https:\/\/www.actualidadadiario.com\/index.php\/wp-json\/wp\/v2\/media\/110000"}],"wp:attachment":[{"href":"https:\/\/www.actualidadadiario.com\/index.php\/wp-json\/wp\/v2\/media?parent=109999"}],"wp:term":[{"taxonomy":"category","embeddable":true,"href":"https:\/\/www.actualidadadiario.com\/index.php\/wp-json\/wp\/v2\/categories?post=109999"},{"taxonomy":"post_tag","embeddable":true,"href":"https:\/\/www.actualidadadiario.com\/index.php\/wp-json\/wp\/v2\/tags?post=109999"}],"curies":[{"name":"wp","href":"https:\/\/api.w.org\/{rel}","templated":true}]}}