{"id":109996,"date":"2023-10-26T12:57:13","date_gmt":"2023-10-26T15:57:13","guid":{"rendered":"https:\/\/www.actualidadadiario.com\/?p=109996"},"modified":"2023-10-26T12:57:13","modified_gmt":"2023-10-26T15:57:13","slug":"milei-justifico-la-alianza-con-patricia-bullrich-la-prioridad-es-llegar-al-poder","status":"publish","type":"post","link":"https:\/\/www.actualidadadiario.com\/index.php\/2023\/10\/26\/milei-justifico-la-alianza-con-patricia-bullrich-la-prioridad-es-llegar-al-poder\/","title":{"rendered":"Milei justific\u00f3 la alianza con Patricia Bullrich: &#8220;La prioridad es llegar al poder&#8221;"},"content":{"rendered":"<p style=\"text-align: center;\"><em><strong>El candidato presidencial de La Libertad Avanza calific\u00f3 de &#8220;grandeza&#8221; el apoyo de la expostulante de Juntos por el Cambio. Y justific\u00f3 su alianza con la exministra en sus aspiraciones para alcanzar la Presidencia<\/strong><\/em><\/p>\n<p>&nbsp;<\/p>\n<p><span style=\"font-weight: 400;\">El candidato presidencial de La Libertad Avanza, Javier Milei, calific\u00f3 de &#8220;grandeza&#8221; el apoyo brindado esta tarde por la expostulante de Juntos por el Cambio, Patricia Bullrich, y justific\u00f3 su alianza con la exministra sobre la base de sus aspiraciones para alcanzar la presidencia. &#8220;La prioridad es llegar al poder&#8221;, afirm\u00f3. En el balotaje del 19 de noviembre competir\u00e1 con Sergio Massa (Uni\u00f3n por la Patria) para definir qui\u00e9n ser\u00e1 el futuro presidente de los argentinos.<\/span><\/p>\n<p><span style=\"font-weight: 400;\">Luego del acercamiento con la titular del PRO y el expresidente Mauricio Macri, el libertario brind\u00f3 una entrevista televisiva donde remarc\u00f3 que seguir\u00e1 adelante con sus promesas de campa\u00f1a de eliminar el Banco Central y promover la libre competencia de monedas -dolarizaci\u00f3n- pese a que durante la campa\u00f1a de la primera vuelta cosech\u00f3 cr\u00edticas del equipo econ\u00f3mico cambiemita.<\/span><\/p>\n<p><span style=\"font-weight: 400;\">&#8220;Yo no tengo que bajar ninguna bandera&#8221;, remarc\u00f3 el economista liberal ante la consulta sobre si la negociaci\u00f3n con los referentes del PRO iba a implicar una alteraci\u00f3n en la hoja de ruta pensada para un eventual gobierno. Sin embargo, evit\u00f3 brindar precisiones sobre c\u00f3mo integrar\u00e1n las propuestas de campa\u00f1a de ambos equipos.<\/span><\/p>\n<p><span style=\"font-weight: 400;\">En di\u00e1logo con el programa A Dos Voces de TN, destac\u00f3 que en t\u00e9rminos de agenda &#8220;coincidimos en 90%&#8221; con Bullrich, aunque reconoci\u00f3 que &#8220;tenemos diferencias en un margen&#8221;. Dentro de ese &#8220;margen&#8221; se encuentra la discusi\u00f3n sobre el Banco Central, un aspecto relevante para la estructura econ\u00f3mica del pa\u00eds.<\/span><\/p>\n<p><span style=\"font-weight: 400;\">&#8220;Yo creo que el BCRA no deber\u00eda existir porque creo que es una estafa&#8221;, dijo y se\u00f1al\u00f3 que &#8220;cada vez que intentamos que sea independiente terminamos sufriendo&#8221;. La excandidata de JxC cuestion\u00f3 en distintas ocasiones la propuesta del libertario respecto a la entidad monetaria. Pese a ello, Milei busc\u00f3 un punto de acuerdo al explicar que &#8220;cuando mira los postulados de Bullrich, dice que no quiere emitir. Bienvenido&#8221;.<\/span><\/p>\n<p><span style=\"font-weight: 400;\">El economista liberal-libertario destac\u00f3 que con Bullrich &#8220;podemos limar nuestras diferencias y asperezas&#8221; para &#8220;poner una mirada hacia adelante y apostar por el cambio&#8221;. Y a quienes no se encuentren representados por sus propuestas les dijo: &#8220;Si quiere seguir con la decadencia, qu\u00e9dese con Massa que es el populismo, el socialismo, la vagancia&#8221;.<\/span><\/p>\n<p>&nbsp;<\/p>\n<p><b>Reuni\u00f3n con Macri y Bullrich<\/b><\/p>\n<p><span style=\"font-weight: 400;\">El candidato de La Libertad Avanza dio a conocer los pormenores de la reuni\u00f3n que tuvo con Bullrich y Macri en la que acercaron posiciones y limaron sus diferencias. &#8220;Nosotros ayer tuvimos una reuni\u00f3n con el presidente Macri y con la doctora Bullrich en la cual nos pedimos disculpas mutuamente por lo que pas\u00f3 en la campa\u00f1a&#8221;, cont\u00f3.<\/span><\/p>\n<p><span style=\"font-weight: 400;\">El encuentro se llev\u00f3 a cabo en la residencia del expresidente, detall\u00f3 Milei, y no dud\u00f3 en afirmar que fue &#8220;una maravillosa charla&#8221; en la que hubo una reconciliaci\u00f3n con la exministra de Seguridad.<\/span><\/p>\n<p><span style=\"font-weight: 400;\">Respecto a qui\u00e9n tom\u00f3 la iniciativa para que la reuni\u00f3n se lleve a cabo, el economista reconoci\u00f3 que fue el propio Macri. Adem\u00e1s, destac\u00f3 que fue un encuentro en el que se expresaron &#8220;de manera sincera y a ra\u00edz de eso aceptamos las disculpas de cada uno&#8221;.<\/span><\/p>\n<p><span style=\"font-weight: 400;\">&#8220;A partir de ah\u00ed hemos logrado reconstruir el v\u00ednculo que ten\u00edamos. A veces la l\u00f3gica de la campa\u00f1a lleva a algunos excesos. Es de buena gente reconocer esas cosas&#8221;, dijo y calific\u00f3 el gesto de Bullrich como un &#8220;acto de grandeza&#8221;.<\/span><\/p>\n<p><span style=\"font-weight: 400;\">El principio del acercamiento comenz\u00f3 el domingo por la noche, seg\u00fan explic\u00f3 el propio Milei, cuando la titular del PRO brind\u00f3 su discurso tras la derrota en la primera vuelta. &#8220;Dio un mensaje contundente y valiente. Yo conteste en la misma l\u00ednea&#8221;, dijo.<\/span><\/p>\n<p>&nbsp;<\/p>\n<p><b>Cr\u00edticas al radicalismo<\/b><\/p>\n<p><span style=\"font-weight: 400;\">Al analizar la elecci\u00f3n del domingo pasado, Milei afirm\u00f3 que dos tercios del electorado vot\u00f3 en favor de un cambio, aunque con diferencias de intensidad. &#8220;Dos tercios de la Argentina decidi\u00f3 cambiar. Una de esas alternativas es la nuestra. En un acto de grandeza de la doctora Bullrich decidi\u00f3 acompa\u00f1ar la opci\u00f3n de cambio m\u00e1s votada y que es la que est\u00e1 compitiendo&#8221;, dijo.<\/span><\/p>\n<p><span style=\"font-weight: 400;\">En un repaso de lo que fue el camino electoral hasta llegar a la primera vuelta record\u00f3 que &#8220;tiempo atr\u00e1s les ofrecimos a Macri y Bullrich armar una nueva coalici\u00f3n coherente con las ideas de la libertad. Y en una interna, el que ganaba gobernaba y el que perd\u00eda acompa\u00f1aba. Y sostuve que esa alianza ganaba en primera vuelta. Y de hecho, si toma en esos t\u00e9rminos estamos hablando del 53% de los votos, que para m\u00ed es un piso. Quiero decir que m\u00e1s de la mitad de la poblaci\u00f3n est\u00e1 diciendo girar hacia las ideas de la libertad. Eso tiene un valor enorme. Si tomamos conciencia de eso me parece que tenemos buenas noticias&#8221;.<\/span><\/p>\n<p><span style=\"font-weight: 400;\">mbargo, al hablar de la performance separada de cada espacio, donde La Libertad Avanza obtuvo un 29% y la coalici\u00f3n opositora un 23%, puso el foco en la estructura que conforma al partido fundado por Mauricio Macri. &#8220;Cuando uno mira los n\u00fameros, hay una parte de JxC que se fue a votar a Massa. Ah\u00ed ten\u00edan un problema&#8221;, dijo respecto al radicalismo, a quienes d\u00edas atr\u00e1s acus\u00f3 de &#8220;traidores&#8221;.<\/span><\/p>\n<p><span style=\"font-weight: 400;\">Siguiendo en esa l\u00ednea consider\u00f3 que &#8220;no se puede ir con coaliciones muy heterog\u00e9neas que pueden ser muy exitosas para ganar elecciones, pero al momento de gobernar uno va para un lado y otros para otro y eso hace que termine fracasando&#8221;. Y remarc\u00f3 que &#8220;eso le pas\u00f3 a Macri&#8221; con la UCR durante el gobierno del 2015 al 2019.<\/span><\/p>\n<p><span style=\"font-weight: 400;\">Volviendo al presente, el libertario no dud\u00f3 en afirmar que desde La Libertad Avanza est\u00e1n &#8220;en camino de llevar a la Argentina hacia las ideas de la libertad&#8221; y resalt\u00f3 que &#8220;la prioridad es llegar al poder&#8221;.<\/span><\/p>\n","protected":false},"excerpt":{"rendered":"<p>El candidato presidencial de La Libertad Avanza calific\u00f3 de &#8220;grandeza&#8221; el apoyo de la expostulante de Juntos por el Cambio. Y justific\u00f3 su alianza con la exministra en sus aspiraciones para alcanzar la Presidencia &nbsp; El candidato presidencial de La Libertad Avanza, Javier Milei, calific\u00f3 de &#8220;grandeza&#8221; el apoyo brindado esta tarde por la expostulante de Juntos por el Cambio, Patricia Bullrich, y justific\u00f3 su alianza con la exministra sobre la base de sus aspiraciones para alcanzar la presidencia. &#8220;La prioridad es llegar al poder&#8221;, afirm\u00f3. En el balotaje del&#8230;<\/p>\n","protected":false},"author":3,"featured_media":109997,"comment_status":"closed","ping_status":"closed","sticky":false,"template":"","format":"standard","meta":[],"categories":[18],"tags":[],"_links":{"self":[{"href":"https:\/\/www.actualidadadiario.com\/index.php\/wp-json\/wp\/v2\/posts\/109996"}],"collection":[{"href":"https:\/\/www.actualidadadiario.com\/index.php\/wp-json\/wp\/v2\/posts"}],"about":[{"href":"https:\/\/www.actualidadadiario.com\/index.php\/wp-json\/wp\/v2\/types\/post"}],"author":[{"embeddable":true,"href":"https:\/\/www.actualidadadiario.com\/index.php\/wp-json\/wp\/v2\/users\/3"}],"replies":[{"embeddable":true,"href":"https:\/\/www.actualidadadiario.com\/index.php\/wp-json\/wp\/v2\/comments?post=109996"}],"version-history":[{"count":1,"href":"https:\/\/www.actualidadadiario.com\/index.php\/wp-json\/wp\/v2\/posts\/109996\/revisions"}],"predecessor-version":[{"id":109998,"href":"https:\/\/www.actualidadadiario.com\/index.php\/wp-json\/wp\/v2\/posts\/109996\/revisions\/109998"}],"wp:featuredmedia":[{"embeddable":true,"href":"https:\/\/www.actualidadadiario.com\/index.php\/wp-json\/wp\/v2\/media\/109997"}],"wp:attachment":[{"href":"https:\/\/www.actualidadadiario.com\/index.php\/wp-json\/wp\/v2\/media?parent=109996"}],"wp:term":[{"taxonomy":"category","embeddable":true,"href":"https:\/\/www.actualidadadiario.com\/index.php\/wp-json\/wp\/v2\/categories?post=109996"},{"taxonomy":"post_tag","embeddable":true,"href":"https:\/\/www.actualidadadiario.com\/index.php\/wp-json\/wp\/v2\/tags?post=109996"}],"curies":[{"name":"wp","href":"https:\/\/api.w.org\/{rel}","templated":true}]}}