{"id":109993,"date":"2023-10-26T12:55:55","date_gmt":"2023-10-26T15:55:55","guid":{"rendered":"https:\/\/www.actualidadadiario.com\/?p=109993"},"modified":"2023-10-26T12:55:55","modified_gmt":"2023-10-26T15:55:55","slug":"balotaje-2023-uno-por-uno-como-se-posicionan-los-dirigentes-de-cada-partido","status":"publish","type":"post","link":"https:\/\/www.actualidadadiario.com\/index.php\/2023\/10\/26\/balotaje-2023-uno-por-uno-como-se-posicionan-los-dirigentes-de-cada-partido\/","title":{"rendered":"Balotaje 2023: uno por uno, c\u00f3mo se posicionan los dirigentes de cada partido"},"content":{"rendered":"<p style=\"text-align: center;\"><em><strong>Todo el arco pol\u00edtico comienza a hacer p\u00fablica su posici\u00f3n frente al balotaje, a menos de un mes de la definici\u00f3n presidencial<\/strong><\/em><\/p>\n<p>&nbsp;<\/p>\n<p><span style=\"font-weight: 400;\">El anuncio del mi\u00e9rcoles de Patricia Bullrich no hizo m\u00e1s que explicitar de forma p\u00fablica la principal demanda que impera -a nivel dirigencial- despu\u00e9s del 22 de octubre: la necesidad de posicionarse de cara al balotaje a favor de Sergio Massa o de Javier Milei. M\u00e1s all\u00e1 de c\u00f3mo puede impactar a nivel organizacional, los representantes de la oposici\u00f3n comenzaron a posicionarse para el pr\u00f3ximo 19 de noviembre, domingo en que se definir\u00e1 el pr\u00f3ximo presidente.<\/span><\/p>\n<p><span style=\"font-weight: 400;\">Hasta el momento, una decena de dirigentes ya hicieron p\u00fablica su posici\u00f3n. \u00bfRepercutir\u00e1 esto en el electorado que los voto en las generales? Se aguarda por la postura de Juan Schiaretti y Mart\u00edn Llaryora, actual mandatario y gobernador electo de C\u00f3rdoba. Por otro lado, y aunque a\u00fan no lo explicitaron, el oficialismo aguarda volver a contar para el balotaje con el acompa\u00f1amiento de partidos provincialistas que unieron sus boletas en las generales: el Frente Renovador de la Concordia de Misiones, el Frente C\u00edvico por Santiago del Estero y Partido Ser Santa Cruz.<\/span><\/p>\n<p>&nbsp;<\/p>\n<p><b>Balotaje 2023: En contra de Javier Milei<\/b><\/p>\n<ul>\n<li><span style=\"font-weight: 400;\">Horacio Rodr\u00edguez Larreta, jefe de Gobierno porte\u00f1o de Juntos por el Cambio.<\/span><\/li>\n<li><span style=\"font-weight: 400;\">Omar Guti\u00e9rrez, gobernador de Neuqu\u00e9n del Movimiento Popular Neuquino.<\/span><\/li>\n<li><span style=\"font-weight: 400;\">Pablo Avelluto, ex ministro de Cultura de la Naci\u00f3n entre 2015-2019.<\/span><\/li>\n<li><span style=\"font-weight: 400;\">Nuevo MAS y su ex candidata a presidente 2023, Manuela Casta\u00f1eira.<\/span><\/li>\n<li><span style=\"font-weight: 400;\">Frente de Izquierda-Unidad y los distintos espacios que la componen.<\/span><\/li>\n<li><span style=\"font-weight: 400;\">Facundo Su\u00e1rez Lastra, ex intendente de la ciudad de Buenos Aires (1987-1989) de la UCR.<\/span><\/li>\n<\/ul>\n<p>&nbsp;<\/p>\n<p><b>Balotaje 2023: A favor de Javier Milei<\/b><\/p>\n<ul>\n<li><span style=\"font-weight: 400;\">F\u00f3rmula presidencial de Juntos por el Cambio: Patricia Bullrich (PRO) y Luis Petri (UCR).<\/span><\/li>\n<li><span style=\"font-weight: 400;\">Bloque de dirigentes del partido Republicanos Unidos.<\/span><\/li>\n<li><span style=\"font-weight: 400;\">Ricardo L\u00f3pez Murphy, diputado nacional de Juntos por el Cambio.<\/span><\/li>\n<li><span style=\"font-weight: 400;\">Javier Iguacel, intendente de la localidad bonaerense de Capit\u00e1n Sarmiento por Juntos por el Cambio.<\/span><\/li>\n<li><span style=\"font-weight: 400;\">Waldo Wolff, ex diputado nacional del PRO.<\/span><\/li>\n<li><span style=\"font-weight: 400;\">Laura Alonso, ex titular de la Oficina Anticorrupci\u00f3n 2019-2019.<\/span><\/li>\n<li><span style=\"font-weight: 400;\">Francisco S\u00e1nchez, diputado nacional del PRO.<\/span><\/li>\n<\/ul>\n<p>&nbsp;<\/p>\n<p><b>Balotaje 2023: A favor de Sergio Massa<\/b><\/p>\n<ul>\n<li><span style=\"font-weight: 400;\">Alberto Weretilneck, gobernador de R\u00edo Negro del partido Juntos Somos R\u00edo Negro.<\/span><\/li>\n<li><span style=\"font-weight: 400;\">Partido Libres del Sur y su ex candidato presidencial 2023, Jes\u00fas Escobar.<\/span><\/li>\n<li><span style=\"font-weight: 400;\">Los dirigentes de la UCR Mar\u00eda Luisa Storani (vicepresidente del partido) y su hermano Federico \u25cfStorani, ex ministro del Interior 1999-2001.<\/span><\/li>\n<\/ul>\n<p>&nbsp;<\/p>\n<p><b>Balotaje 2023: Libertad de acci\u00f3n<\/b><\/p>\n<ul>\n<li><span style=\"font-weight: 400;\">La primera plana de la dirigencia de la Coalici\u00f3n C\u00edvica, incluso Elisa Carri\u00f3.<\/span><\/li>\n<li><span style=\"font-weight: 400;\">La c\u00fapula de la Uni\u00f3n C\u00edvica Radical.<\/span><\/li>\n<li><span style=\"font-weight: 400;\">Mar\u00eda Eugenia Vidal, diputada nacional de Juntos por el Cambio.<\/span><\/li>\n<li><span style=\"font-weight: 400;\">Amalia Granata, diputada provincial de Santa Fe.<\/span><\/li>\n<\/ul>\n","protected":false},"excerpt":{"rendered":"<p>Todo el arco pol\u00edtico comienza a hacer p\u00fablica su posici\u00f3n frente al balotaje, a menos de un mes de la definici\u00f3n presidencial &nbsp; El anuncio del mi\u00e9rcoles de Patricia Bullrich no hizo m\u00e1s que explicitar de forma p\u00fablica la principal demanda que impera -a nivel dirigencial- despu\u00e9s del 22 de octubre: la necesidad de posicionarse de cara al balotaje a favor de Sergio Massa o de Javier Milei. M\u00e1s all\u00e1 de c\u00f3mo puede impactar a nivel organizacional, los representantes de la oposici\u00f3n comenzaron a posicionarse para el pr\u00f3ximo 19 de&#8230;<\/p>\n","protected":false},"author":3,"featured_media":109994,"comment_status":"closed","ping_status":"closed","sticky":false,"template":"","format":"standard","meta":[],"categories":[9],"tags":[],"_links":{"self":[{"href":"https:\/\/www.actualidadadiario.com\/index.php\/wp-json\/wp\/v2\/posts\/109993"}],"collection":[{"href":"https:\/\/www.actualidadadiario.com\/index.php\/wp-json\/wp\/v2\/posts"}],"about":[{"href":"https:\/\/www.actualidadadiario.com\/index.php\/wp-json\/wp\/v2\/types\/post"}],"author":[{"embeddable":true,"href":"https:\/\/www.actualidadadiario.com\/index.php\/wp-json\/wp\/v2\/users\/3"}],"replies":[{"embeddable":true,"href":"https:\/\/www.actualidadadiario.com\/index.php\/wp-json\/wp\/v2\/comments?post=109993"}],"version-history":[{"count":1,"href":"https:\/\/www.actualidadadiario.com\/index.php\/wp-json\/wp\/v2\/posts\/109993\/revisions"}],"predecessor-version":[{"id":109995,"href":"https:\/\/www.actualidadadiario.com\/index.php\/wp-json\/wp\/v2\/posts\/109993\/revisions\/109995"}],"wp:featuredmedia":[{"embeddable":true,"href":"https:\/\/www.actualidadadiario.com\/index.php\/wp-json\/wp\/v2\/media\/109994"}],"wp:attachment":[{"href":"https:\/\/www.actualidadadiario.com\/index.php\/wp-json\/wp\/v2\/media?parent=109993"}],"wp:term":[{"taxonomy":"category","embeddable":true,"href":"https:\/\/www.actualidadadiario.com\/index.php\/wp-json\/wp\/v2\/categories?post=109993"},{"taxonomy":"post_tag","embeddable":true,"href":"https:\/\/www.actualidadadiario.com\/index.php\/wp-json\/wp\/v2\/tags?post=109993"}],"curies":[{"name":"wp","href":"https:\/\/api.w.org\/{rel}","templated":true}]}}