{"id":10932,"date":"2017-05-03T09:17:41","date_gmt":"2017-05-03T12:17:41","guid":{"rendered":"http:\/\/actualidadadiario.com\/site\/?p=10932"},"modified":"2017-05-03T09:17:41","modified_gmt":"2017-05-03T12:17:41","slug":"oficializan-plan-empalme-para-beneficiarios-de-programas-sociales","status":"publish","type":"post","link":"https:\/\/www.actualidadadiario.com\/index.php\/2017\/05\/03\/oficializan-plan-empalme-para-beneficiarios-de-programas-sociales\/","title":{"rendered":"Oficializan &#8220;plan empalme&#8221; para beneficiarios de programas sociales"},"content":{"rendered":"<p><em><strong>A trav\u00e9s de un decreto publicado en el Bolet\u00edn Oficial, el Gobierno oficializ\u00f3 el plan empalme que anunci\u00f3 el presidente, Mauricio Macri, en el marco del D\u00eda del Trabajador<\/strong><\/em><\/p>\n<p>&nbsp;<\/p>\n<p>&nbsp;<\/p>\n<p>&nbsp;<\/p>\n<p>&nbsp;<\/p>\n<p>&nbsp;<\/p>\n<p>El llamado Programa de Inserci\u00f3n Laboral contempla que &#8220;las trabajadoras y los trabajadores afectados por problem\u00e1ticas de empleo incluidos en programas nacionales implementados&#8221; por los ministerios de Trabajo y de Desarrollo Social &#8220;que accedan a un empleo bajo relaci\u00f3n de dependencia en el sector privado, podr\u00e1n percibir, o continuar percibiendo, una ayuda econ\u00f3mica mensual a cargo&#8221; de la cartera laboral.<\/p>\n<p>&nbsp;<\/p>\n<p>De acuerdo a la iniciativa, &#8220;la ayuda econ\u00f3mica mensual que percibir\u00e1n los participantes de programas nacionales de empleo y de desarrollo social durante la nueva relaci\u00f3n laboral tendr\u00e1 car\u00e1cter de subsidio al empleo y podr\u00e1 ser contabilizada por los empleadores como parte de su remuneraci\u00f3n laboral neta mensual&#8221;.<\/p>\n<p>&nbsp;<\/p>\n<p>Se determin\u00f3 adem\u00e1s que &#8220;los empleadores interesados en acceder al incentivo econ\u00f3mico para la contrataci\u00f3n laboral de participantes de programas nacionales de empleo o de desarrollo social&#8221; deber\u00e1n adherir al Programa de Reinserci\u00f3n Laboral creado en el a\u00f1o 2006 y &#8220;solicitar la incorporaci\u00f3n al mismo de las trabajadoras y los trabajadores que contraten&#8221;.<\/p>\n<p>&nbsp;<\/p>\n<p>&#8220;Los empleadores gozar\u00e1n de este beneficio si se trata de una nueva relaci\u00f3n laboral, o de la regularizaci\u00f3n de una preexistente, respecto de la n\u00f3mina total de trabajadores declarada al d\u00eda 31 de diciembre de 2016&#8221;, puntualiz\u00f3 el decreto.<\/p>\n<p>&nbsp;<\/p>\n<p>Los trabajadores que sean incorporados al programa &#8220;podr\u00e1n percibir la ayuda econ\u00f3mica mensual en car\u00e1cter de subsidio al empleo durante un plazo de hasta veinticuatro meses&#8221;.<\/p>\n<p>&nbsp;<\/p>\n<p>En el decreto se inform\u00f3 que el Ministerio de Trabajo ya implementa el Programa de Inserci\u00f3n Laboral creado en 2006, el que &#8220;tiene por objeto promover la incorporaci\u00f3n de trabajadoras y trabajadores en empleos de calidad y\/o la mejora de sus condiciones de empleo, mediante la asignaci\u00f3n de una ayuda econ\u00f3mica mensual que podr\u00e1 ser contabilizada como parte de su remuneraci\u00f3n por los empleadores&#8221;.<\/p>\n<p>&nbsp;<\/p>\n<p>Y que &#8220;a los efectos de promover y posibilitar la inserci\u00f3n laboral, resulta necesario implementar medidas de articulaci\u00f3n, coordinaci\u00f3n y continuidad entre las ayudas econ\u00f3micas estatales que perciben los participantes de programas nacionales de empleo y de desarrollo social y los est\u00edmulos econ\u00f3micos ofrecidos a los empleadores&#8221; por el Ministerio de Trabajo &#8220;para la contrataci\u00f3n de trabajadoras y trabajadores afectados por problem\u00e1ticas de empleo&#8221;.<\/p>\n<p>&nbsp;<\/p>\n<p>&#8220;A estos fines y para una m\u00e1s \u00e1gil e inmediata implementaci\u00f3n de esta medida, deviene pertinente utilizar las herramientas y procedimientos previstos por el Programa de Inserci\u00f3n Laboral&#8221;; se indic\u00f3.<\/p>\n","protected":false},"excerpt":{"rendered":"<p>A trav\u00e9s de un decreto publicado en el Bolet\u00edn Oficial, el Gobierno oficializ\u00f3 el plan empalme que anunci\u00f3 el presidente, Mauricio Macri, en el marco del D\u00eda del Trabajador &nbsp; &nbsp; &nbsp; &nbsp; &nbsp; El llamado Programa de Inserci\u00f3n Laboral contempla que &#8220;las trabajadoras y los trabajadores afectados por problem\u00e1ticas de empleo incluidos en programas nacionales implementados&#8221; por los ministerios de Trabajo y de Desarrollo Social &#8220;que accedan a un empleo bajo relaci\u00f3n de dependencia en el sector privado, podr\u00e1n percibir, o continuar percibiendo, una ayuda econ\u00f3mica mensual a cargo&#8221;&#8230;<\/p>\n","protected":false},"author":3,"featured_media":10933,"comment_status":"closed","ping_status":"closed","sticky":false,"template":"","format":"standard","meta":[],"categories":[18],"tags":[],"_links":{"self":[{"href":"https:\/\/www.actualidadadiario.com\/index.php\/wp-json\/wp\/v2\/posts\/10932"}],"collection":[{"href":"https:\/\/www.actualidadadiario.com\/index.php\/wp-json\/wp\/v2\/posts"}],"about":[{"href":"https:\/\/www.actualidadadiario.com\/index.php\/wp-json\/wp\/v2\/types\/post"}],"author":[{"embeddable":true,"href":"https:\/\/www.actualidadadiario.com\/index.php\/wp-json\/wp\/v2\/users\/3"}],"replies":[{"embeddable":true,"href":"https:\/\/www.actualidadadiario.com\/index.php\/wp-json\/wp\/v2\/comments?post=10932"}],"version-history":[{"count":1,"href":"https:\/\/www.actualidadadiario.com\/index.php\/wp-json\/wp\/v2\/posts\/10932\/revisions"}],"predecessor-version":[{"id":10934,"href":"https:\/\/www.actualidadadiario.com\/index.php\/wp-json\/wp\/v2\/posts\/10932\/revisions\/10934"}],"wp:featuredmedia":[{"embeddable":true,"href":"https:\/\/www.actualidadadiario.com\/index.php\/wp-json\/wp\/v2\/media\/10933"}],"wp:attachment":[{"href":"https:\/\/www.actualidadadiario.com\/index.php\/wp-json\/wp\/v2\/media?parent=10932"}],"wp:term":[{"taxonomy":"category","embeddable":true,"href":"https:\/\/www.actualidadadiario.com\/index.php\/wp-json\/wp\/v2\/categories?post=10932"},{"taxonomy":"post_tag","embeddable":true,"href":"https:\/\/www.actualidadadiario.com\/index.php\/wp-json\/wp\/v2\/tags?post=10932"}],"curies":[{"name":"wp","href":"https:\/\/api.w.org\/{rel}","templated":true}]}}