{"id":10929,"date":"2017-05-03T09:16:58","date_gmt":"2017-05-03T12:16:58","guid":{"rendered":"http:\/\/actualidadadiario.com\/site\/?p=10929"},"modified":"2017-05-03T09:16:58","modified_gmt":"2017-05-03T12:16:58","slug":"cristina-declara-en-causa-de-dolar-futuro-contra-funcionarios-macristas","status":"publish","type":"post","link":"https:\/\/www.actualidadadiario.com\/index.php\/2017\/05\/03\/cristina-declara-en-causa-de-dolar-futuro-contra-funcionarios-macristas\/","title":{"rendered":"Cristina declara en causa de d\u00f3lar futuro contra funcionarios macristas"},"content":{"rendered":"<p><em><strong>La ex mandataria Cristina Fern\u00e1ndez concurrir\u00e1 hoy a los tribunales federales de Comodoro Py para declarar como testigo en una causa que investiga al presidente del Banco Central, Federico Sturzenegger, y al juez federal Claudio Bonadio, entre otros, por la venta de d\u00f3lar futuro<\/strong><\/em><\/p>\n<p>&nbsp;<\/p>\n<p>&nbsp;<\/p>\n<p>&nbsp;<\/p>\n<p>&nbsp;<\/p>\n<p>En la causa tambi\u00e9n se busca determinar si algunos funcionarios del gabinete nacional fueron favorecidos con la compra de d\u00f3lar a futuro.<\/p>\n<p>&nbsp;<\/p>\n<p>La declaraci\u00f3n de la exmandataria, prevista para las 10, ser\u00e1 ante el fiscal federal Jorge Di Lello, quien tiene a cargo la investigaci\u00f3n por orden del juez federal Sergio Torres.<\/p>\n<p>&nbsp;<\/p>\n<p>Como testigo, la ex presidenta est\u00e1 obligada a declarar bajo juramento de decir la verdad.<\/p>\n<p>&nbsp;<\/p>\n<p>La presentaci\u00f3n de Cristina se dar\u00e1 luego de que Bonadio la procesara y enviara a juicio oral por presunta defraudaci\u00f3n en la venta de d\u00f3lar a futuro durante su administraci\u00f3n.<\/p>\n<p>&nbsp;<\/p>\n<p>Sturzenegger y Bonadio fueron acusados por diputados nacionales del Frente para la Victoria por supuesta defraudaci\u00f3n en operaciones con el d\u00f3lar futuro, pues el primero regula la pol\u00edtica econ\u00f3mica y el magistrado no objet\u00f3 la continuidad de venta de la divisa norteamericana bajo esa modalidad.<\/p>\n<p>&nbsp;<\/p>\n<p>Los denunciantes argumentaron que el pago de esa operatoria fue avalado por Bonadio, en una respuesta a un pedido de autorizaci\u00f3n que le formul\u00f3 el presidente del Banco Central.<\/p>\n<p>&nbsp;<\/p>\n<p>Luego, la investigaci\u00f3n se ampli\u00f3 para determinar si hubo compra de d\u00f3lar a futuro por parte del vicejefe de Gabinete, Mario Quintana, y el jefe de asesores de Presidencia, Jos\u00e9 Torello, entre otros.<\/p>\n<p>&nbsp;<\/p>\n<p>La denuncia original lleva la firma de los diputados kirchneristas H\u00e9ctor Recalde, Juliana Di Tullio, Nilda Garr\u00e9, Diana Conti, Teresa Garc\u00eda, Carlos Kunkel, Luis Cigogna, Carlos Moreno, Marcos Cleri y Rodolfo Tailhade. Cristina Kirchner se sum\u00f3 m\u00e1s tarde como querellante, luego de que la C\u00e1mara Federal porte\u00f1a avalara su pedido, que en primera instancia hab\u00eda sido rechazado por el juez Torres.<\/p>\n","protected":false},"excerpt":{"rendered":"<p>La ex mandataria Cristina Fern\u00e1ndez concurrir\u00e1 hoy a los tribunales federales de Comodoro Py para declarar como testigo en una causa que investiga al presidente del Banco Central, Federico Sturzenegger, y al juez federal Claudio Bonadio, entre otros, por la venta de d\u00f3lar futuro &nbsp; &nbsp; &nbsp; &nbsp; En la causa tambi\u00e9n se busca determinar si algunos funcionarios del gabinete nacional fueron favorecidos con la compra de d\u00f3lar a futuro. &nbsp; La declaraci\u00f3n de la exmandataria, prevista para las 10, ser\u00e1 ante el fiscal federal Jorge Di Lello, quien tiene&#8230;<\/p>\n","protected":false},"author":3,"featured_media":10930,"comment_status":"closed","ping_status":"closed","sticky":false,"template":"","format":"standard","meta":[],"categories":[18],"tags":[],"_links":{"self":[{"href":"https:\/\/www.actualidadadiario.com\/index.php\/wp-json\/wp\/v2\/posts\/10929"}],"collection":[{"href":"https:\/\/www.actualidadadiario.com\/index.php\/wp-json\/wp\/v2\/posts"}],"about":[{"href":"https:\/\/www.actualidadadiario.com\/index.php\/wp-json\/wp\/v2\/types\/post"}],"author":[{"embeddable":true,"href":"https:\/\/www.actualidadadiario.com\/index.php\/wp-json\/wp\/v2\/users\/3"}],"replies":[{"embeddable":true,"href":"https:\/\/www.actualidadadiario.com\/index.php\/wp-json\/wp\/v2\/comments?post=10929"}],"version-history":[{"count":1,"href":"https:\/\/www.actualidadadiario.com\/index.php\/wp-json\/wp\/v2\/posts\/10929\/revisions"}],"predecessor-version":[{"id":10931,"href":"https:\/\/www.actualidadadiario.com\/index.php\/wp-json\/wp\/v2\/posts\/10929\/revisions\/10931"}],"wp:featuredmedia":[{"embeddable":true,"href":"https:\/\/www.actualidadadiario.com\/index.php\/wp-json\/wp\/v2\/media\/10930"}],"wp:attachment":[{"href":"https:\/\/www.actualidadadiario.com\/index.php\/wp-json\/wp\/v2\/media?parent=10929"}],"wp:term":[{"taxonomy":"category","embeddable":true,"href":"https:\/\/www.actualidadadiario.com\/index.php\/wp-json\/wp\/v2\/categories?post=10929"},{"taxonomy":"post_tag","embeddable":true,"href":"https:\/\/www.actualidadadiario.com\/index.php\/wp-json\/wp\/v2\/tags?post=10929"}],"curies":[{"name":"wp","href":"https:\/\/api.w.org\/{rel}","templated":true}]}}