{"id":10914,"date":"2017-05-03T09:12:53","date_gmt":"2017-05-03T12:12:53","guid":{"rendered":"http:\/\/actualidadadiario.com\/site\/?p=10914"},"modified":"2017-05-03T09:12:53","modified_gmt":"2017-05-03T12:12:53","slug":"los-gobernadores-y-la-casa-rosada-pactan-una-campana-sin-agresion-y-unificada","status":"publish","type":"post","link":"https:\/\/www.actualidadadiario.com\/index.php\/2017\/05\/03\/los-gobernadores-y-la-casa-rosada-pactan-una-campana-sin-agresion-y-unificada\/","title":{"rendered":"Los gobernadores y la Casa Rosada \u2018pactan\u2019 una campa\u00f1a sin agresi\u00f3n y unificada"},"content":{"rendered":"<p><em><strong>A diferencia del 2015, la Naci\u00f3n incentiv\u00f3 a las provincias a evitar comicios escalonados. Nueve distritos votar\u00edan en octubre y s\u00f3lo Chaco, La Rioja y Corrientes se despegan<\/strong><\/em><\/p>\n<p>&nbsp;<\/p>\n<p>&nbsp;<\/p>\n<p>&nbsp;<\/p>\n<p>&nbsp;<\/p>\n<p>De las trece provincias que tienen elecciones este a\u00f1o, nueve terminar\u00edan unificando los comicios locales con la elecci\u00f3n nacional, para tranquilidad de la Casa Rosada que viene conversando con los gobernadores, incluso con los de la oposici\u00f3n, la simultaneidad del proceso.<\/p>\n<p>&nbsp;<\/p>\n<p>&#8220;Hay un acuerdo t\u00e1cito de no agresi\u00f3n con gobernadores, habr\u00e1 una campa\u00f1a con tono cordial en distritos donde no hay aspiraci\u00f3n de ganar pero s\u00ed de sumar legisladores. Queremos evitar que haya insultos a Macri y mostrar avances de Cambiemos&#8221;, reconoci\u00f3 un funcionario que camina a diario los pasillos de la Casa Rosada y puntea el futuro electoral distrito por distrito. Al mismo tiempo voceros de mandatarios opositores admitieron ante El Cronista que &#8220;los gobernadores est\u00e1n condicionados&#8221; en el di\u00e1logo con Naci\u00f3n por recursos y obras, raz\u00f3n por la que prefieren mirar de lejos las peleas del PJ, empujen o no la renovaci\u00f3n.<\/p>\n<p>&nbsp;<\/p>\n<p>En el resto del pa\u00eds, once provincias no tienen elecciones locales y tres gobernadores desdoblan.<\/p>\n<p>&nbsp;<\/p>\n<p>La estrategia de la Casa Rosada es concentrar las elecciones &#8220;porque hay una demanda ciudadana en ese sentido y muchas campa\u00f1as en un a\u00f1o perjudican la gesti\u00f3n&#8221;.<\/p>\n<p>&nbsp;<\/p>\n<p>Es cierto que, en un contexto de econom\u00eda con dificultades, someter a la ciudadan\u00eda a m\u00e1s de dos turnos electorales ser\u00eda m\u00e1s costoso, menos pr\u00e1ctico y podr\u00eda sumar malhumor.<\/p>\n<p>&nbsp;<\/p>\n<p>El argumento esconde las especulaciones sobre un turno \u00fanico que disimule posibles derrotas y tambi\u00e9n deja en segundo plano la estrategia de polarizaci\u00f3n y nacionalizaci\u00f3n de la campa\u00f1a, parte del plan del macrismo que ya despliegan en el \u00e1mbito metropolitano Horacio Rodr\u00edguez Larreta y Mar\u00eda Eugenia Vidal con fecha de PASO para el 13 de agosto y generales para el 22 de octubre.<\/p>\n<p>&nbsp;<\/p>\n<p>En el Ministerio del Interior, donde trabajaron pol\u00edticamente para evitar un cronograma escalonado como el del 2015, Adri\u00e1n P\u00e9rez mostr\u00f3 su satisfacci\u00f3n ante El Cronista: &#8220;Este a\u00f1o tendremos un calendario electoral m\u00e1s ordenado y por lo tanto tiempos de campa\u00f1a electoral m\u00e1s razonables, lo que contribuye a la gesti\u00f3n nacional y provinciales&#8221;.<\/p>\n<p>&nbsp;<\/p>\n<p>En la grilla de los que unificaron est\u00e1 casi todo el norte, desde el juje\u00f1o Gerardo Morales a adversarios de buen di\u00e1logo con Mauricio Macri como el salte\u00f1o Juan Manuel Urtubey, que dos a\u00f1os atr\u00e1s desoy\u00f3 el pedido del kirchnerismo y arranc\u00f3 el cronograma de elecciones escalonadas, con boleta \u00fanica electr\u00f3nica. Lo mismo har\u00e1n Luc\u00eda Corpacci (Catamarca); Hugo Passalacqua (Misiones) y hasta Gildo Insfr\u00e1n, de Formosa.<\/p>\n<p>&nbsp;<\/p>\n<p>S\u00f3lo un gobernador de Cambiemos, el mendocino radical Alfredo Cornejo, evalu\u00f3 desdoblar las elecciones. Pens\u00f3 en abrir el a\u00f1o electoral con un triunfo propio, tras evaluar encuestas que le dan alrededor de 60 puntos de imagen positiva contra los 40 del Presidente. Sin embargo, el debate pol\u00edtico dilat\u00f3 los tiempos de Cornejo que reci\u00e9n la semana pasada logr\u00f3 sancionar una reforma pol\u00edtica en Mendoza que otorga a gobernador e intendentes la potestad de fijar la fecha de los comicios con 90 d\u00edas de antelaci\u00f3n. El plazo lo deja en las puertas del cronograma nacional por lo que desechar\u00eda su idea original. La reforma, votada por la UCR, el PRO y el Partido Dem\u00f3crata, proh\u00edbe las listas colectoras e impone sanciones para las candidaturas testimoniales.<\/p>\n<p>&nbsp;<\/p>\n<p>En el Chaco de Domingo Peppo las primarias provinciales ser\u00e1n el 4 de junio (y las generales el 23 de julio), en coincidencia con la provincia de La Rioja y con la capital de Corrientes donde el intendente Fabi\u00e1n R\u00edos busca su reelecci\u00f3n. Podr\u00edan ser, de confirmarse los sondeos previos, tres derrotas para Cambiemos.<\/p>\n<p>&nbsp;<\/p>\n<p>All\u00ed en Corrientes Ricardo Colombi, con dificultades para encontrar un sucesor que frene al senador peronista Carlos \u201cCamau\u201d Esp\u00ednola, no puso a\u00fan fecha a la elecci\u00f3n para gobernador, aunque el 2 de julio se elegir\u00e1n legisladores provinciales.<\/p>\n<p>&nbsp;<\/p>\n<p>En el caso de Santa Fe, sin renovaci\u00f3n legislativa local, el socialista Miguel Lifschitz unific\u00f3 el cronograma a pesar de tener que compartir dos sistemas electorales: boleta s\u00e1bana para la nacional y Boleta \u00danica en papel para las listas de concejales.<\/p>\n<p>&nbsp;<\/p>\n<p>Santiago del Estero tampoco convoc\u00f3 a elecci\u00f3n para gobernador, aunque en la Rosada esperan que Claudia Ledesma siga a la mayor\u00eda y unifique su cronograma con la Naci\u00f3n.<\/p>\n<p>&nbsp;<\/p>\n<p>Finalmente Alberto Rodr\u00edguez Sa\u00e1 convoc\u00f3 a primarias (no obligatorias) para el 30 de julio pero unific\u00f3 en el 22 de octubre las generales locales.<\/p>\n<p>&nbsp;<\/p>\n<p>Los puntanos asistir\u00e1n a un duelo entre los hist\u00f3ricos hermanos Rodr\u00edguez Sa\u00e1 y su ex delf\u00edn Claudio Poggi que esta vez, alianza mediante, ser\u00e1 candidato a senador por el macrismo.<\/p>\n","protected":false},"excerpt":{"rendered":"<p>A diferencia del 2015, la Naci\u00f3n incentiv\u00f3 a las provincias a evitar comicios escalonados. Nueve distritos votar\u00edan en octubre y s\u00f3lo Chaco, La Rioja y Corrientes se despegan &nbsp; &nbsp; &nbsp; &nbsp; De las trece provincias que tienen elecciones este a\u00f1o, nueve terminar\u00edan unificando los comicios locales con la elecci\u00f3n nacional, para tranquilidad de la Casa Rosada que viene conversando con los gobernadores, incluso con los de la oposici\u00f3n, la simultaneidad del proceso. &nbsp; &#8220;Hay un acuerdo t\u00e1cito de no agresi\u00f3n con gobernadores, habr\u00e1 una campa\u00f1a con tono cordial en&#8230;<\/p>\n","protected":false},"author":3,"featured_media":10915,"comment_status":"closed","ping_status":"closed","sticky":false,"template":"","format":"standard","meta":[],"categories":[2],"tags":[],"_links":{"self":[{"href":"https:\/\/www.actualidadadiario.com\/index.php\/wp-json\/wp\/v2\/posts\/10914"}],"collection":[{"href":"https:\/\/www.actualidadadiario.com\/index.php\/wp-json\/wp\/v2\/posts"}],"about":[{"href":"https:\/\/www.actualidadadiario.com\/index.php\/wp-json\/wp\/v2\/types\/post"}],"author":[{"embeddable":true,"href":"https:\/\/www.actualidadadiario.com\/index.php\/wp-json\/wp\/v2\/users\/3"}],"replies":[{"embeddable":true,"href":"https:\/\/www.actualidadadiario.com\/index.php\/wp-json\/wp\/v2\/comments?post=10914"}],"version-history":[{"count":1,"href":"https:\/\/www.actualidadadiario.com\/index.php\/wp-json\/wp\/v2\/posts\/10914\/revisions"}],"predecessor-version":[{"id":10916,"href":"https:\/\/www.actualidadadiario.com\/index.php\/wp-json\/wp\/v2\/posts\/10914\/revisions\/10916"}],"wp:featuredmedia":[{"embeddable":true,"href":"https:\/\/www.actualidadadiario.com\/index.php\/wp-json\/wp\/v2\/media\/10915"}],"wp:attachment":[{"href":"https:\/\/www.actualidadadiario.com\/index.php\/wp-json\/wp\/v2\/media?parent=10914"}],"wp:term":[{"taxonomy":"category","embeddable":true,"href":"https:\/\/www.actualidadadiario.com\/index.php\/wp-json\/wp\/v2\/categories?post=10914"},{"taxonomy":"post_tag","embeddable":true,"href":"https:\/\/www.actualidadadiario.com\/index.php\/wp-json\/wp\/v2\/tags?post=10914"}],"curies":[{"name":"wp","href":"https:\/\/api.w.org\/{rel}","templated":true}]}}