{"id":10911,"date":"2017-05-03T09:12:06","date_gmt":"2017-05-03T12:12:06","guid":{"rendered":"http:\/\/actualidadadiario.com\/site\/?p=10911"},"modified":"2017-05-03T09:12:06","modified_gmt":"2017-05-03T12:12:06","slug":"el-indec-publicara-desde-julio-el-indice-de-precios-nacional","status":"publish","type":"post","link":"https:\/\/www.actualidadadiario.com\/index.php\/2017\/05\/03\/el-indec-publicara-desde-julio-el-indice-de-precios-nacional\/","title":{"rendered":"El Indec publicar\u00e1 desde julio el \u00edndice de precios nacional"},"content":{"rendered":"<p><em><strong>Ser\u00eda nueva referencia para metas de inflaci\u00f3n<\/strong><\/em><\/p>\n<p>&nbsp;<\/p>\n<p>&nbsp;<\/p>\n<p>&nbsp;<\/p>\n<p>&nbsp;<\/p>\n<p>Desde julio el Indec publicar\u00e1 el \u00cdndice de Precios al Consumidor (IPC) de alcance nacional aunque no reemplazar\u00e1 al actual, que mide la tendencia inflacionaria de la Ciudad de Buenos Aires y el \u00e1rea metropolitana, cuya publicaci\u00f3n continuar\u00e1. Este indicador podr\u00eda ser utilizado por el Banco Central para medir el cumplimiento de sus metas de inflaci\u00f3n de este a\u00f1o, que est\u00e1n en un rango de 12 a 17%, m\u00e1s all\u00e1 de que en los primeros cuatro meses del a\u00f1o ya se habr\u00eda cumplido la mitad del objetivo anual de precios.<\/p>\n<p>&nbsp;<\/p>\n<p>El organismo estad\u00edstico inform\u00f3 ayer que &#8220;este nuevo indicador se nutre de la informaci\u00f3n recabada en las 24 jurisdicciones argentinas y se publicar\u00e1 con el resultado agregado a nivel nacional y los correspondientes a las seis grandes regiones estad\u00edsticas del pa\u00eds: Regi\u00f3n Gran Buenos Aires, Regi\u00f3n Pampeana, Regi\u00f3n Noreste, Regi\u00f3n Noroeste, Regi\u00f3n Cuyo y Regi\u00f3n Patag\u00f3nica. No se elaborar\u00e1 informaci\u00f3n desagregada por provincia. Cabe destacar que el actual IPC-GBA que se difunde desde junio de 2016 tendr\u00e1 continuidad y se corresponde en cobertura a la Regi\u00f3n Gran Buenos Aires&#8221;.<\/p>\n<p>&nbsp;<\/p>\n<p>Para algunos analistas, considerando que en el \u00e1rea metropolitana el ritmo de aumento de precios suele ser m\u00e1s elevado que en otras zonas del pa\u00eds, el nuevo indicador nacional podr\u00eda ser la nueva referencia oficial del Banco Central para medir el cumplimiento de la meta oficial de inflaci\u00f3n.<\/p>\n<p>&nbsp;<\/p>\n<p>&nbsp;<\/p>\n<p>&nbsp;<\/p>\n<p><strong>El IPC de abril ser\u00e1 mayor a 2%<\/strong><\/p>\n<p>El aumento de los precios en la Capital Federal y el Gran Buenos Aires durante abril alcanz\u00f3 al 2,1% inform\u00f3 la consultora Elypsis. A trav\u00e9s de su cuenta de Twiter, Elypsis destac\u00f3 que con este aumento, el alza de los \u00faltimos doce meses alcanz\u00f3 al 27,4%. En tanto, en la Ciudad de Buenos Aires, el aumento de precios de abril ascendi\u00f3 al 2,8% por lo que la suba interanual tambi\u00e9n result\u00f3 superior a la que se realiza junto al Gran Buenos Aires, al colocarse en el 29,3%. El Indec tiene previsto informar el mi\u00e9rcoles de la semana pr\u00f3xima la variaci\u00f3n del \u00cdndice de Precios al Consumidor correspondiente a abril, luego de que subiera entre enero y marzo el 6,2%. Con la medici\u00f3n oficial de abril, el Indec ya estar\u00eda en condiciones de conformar la primera medici\u00f3n interanual, ya que la \u00faltima actualizaci\u00f3n de la medici\u00f3n de precios comenz\u00f3 a publicarse en mayo con los datos de abril.<\/p>\n<p>&nbsp;<\/p>\n<p>La ca\u00edda del consumo sigue su marcha a medida que aumenta el valor de la canasta de alimentos que releva Consumidores Libres se encareci\u00f3 en abril 2,04% y acumul\u00f3 en el primer cuatrimestre una suba de 6,19%, inform\u00f3 la entidad.<\/p>\n<p>&nbsp;<\/p>\n<p>Ejemplo de la suba de los alimentos b\u00e1sicos se hizo evidente este mes en el valor del kilo de naranja, que lider\u00f3 nuevamente en abril el ranking de precios con un aumento de 35,44%, mientras que el tomate perita encabez\u00f3 la tabla en el primer cuatrimestre con un incremento acumulado de 58,59%.<\/p>\n","protected":false},"excerpt":{"rendered":"<p>Ser\u00eda nueva referencia para metas de inflaci\u00f3n &nbsp; &nbsp; &nbsp; &nbsp; Desde julio el Indec publicar\u00e1 el \u00cdndice de Precios al Consumidor (IPC) de alcance nacional aunque no reemplazar\u00e1 al actual, que mide la tendencia inflacionaria de la Ciudad de Buenos Aires y el \u00e1rea metropolitana, cuya publicaci\u00f3n continuar\u00e1. Este indicador podr\u00eda ser utilizado por el Banco Central para medir el cumplimiento de sus metas de inflaci\u00f3n de este a\u00f1o, que est\u00e1n en un rango de 12 a 17%, m\u00e1s all\u00e1 de que en los primeros cuatro meses del a\u00f1o&#8230;<\/p>\n","protected":false},"author":3,"featured_media":10912,"comment_status":"closed","ping_status":"closed","sticky":false,"template":"","format":"standard","meta":[],"categories":[2],"tags":[],"_links":{"self":[{"href":"https:\/\/www.actualidadadiario.com\/index.php\/wp-json\/wp\/v2\/posts\/10911"}],"collection":[{"href":"https:\/\/www.actualidadadiario.com\/index.php\/wp-json\/wp\/v2\/posts"}],"about":[{"href":"https:\/\/www.actualidadadiario.com\/index.php\/wp-json\/wp\/v2\/types\/post"}],"author":[{"embeddable":true,"href":"https:\/\/www.actualidadadiario.com\/index.php\/wp-json\/wp\/v2\/users\/3"}],"replies":[{"embeddable":true,"href":"https:\/\/www.actualidadadiario.com\/index.php\/wp-json\/wp\/v2\/comments?post=10911"}],"version-history":[{"count":1,"href":"https:\/\/www.actualidadadiario.com\/index.php\/wp-json\/wp\/v2\/posts\/10911\/revisions"}],"predecessor-version":[{"id":10913,"href":"https:\/\/www.actualidadadiario.com\/index.php\/wp-json\/wp\/v2\/posts\/10911\/revisions\/10913"}],"wp:featuredmedia":[{"embeddable":true,"href":"https:\/\/www.actualidadadiario.com\/index.php\/wp-json\/wp\/v2\/media\/10912"}],"wp:attachment":[{"href":"https:\/\/www.actualidadadiario.com\/index.php\/wp-json\/wp\/v2\/media?parent=10911"}],"wp:term":[{"taxonomy":"category","embeddable":true,"href":"https:\/\/www.actualidadadiario.com\/index.php\/wp-json\/wp\/v2\/categories?post=10911"},{"taxonomy":"post_tag","embeddable":true,"href":"https:\/\/www.actualidadadiario.com\/index.php\/wp-json\/wp\/v2\/tags?post=10911"}],"curies":[{"name":"wp","href":"https:\/\/api.w.org\/{rel}","templated":true}]}}