{"id":108933,"date":"2023-10-03T12:27:56","date_gmt":"2023-10-03T15:27:56","guid":{"rendered":"https:\/\/www.actualidadadiario.com\/?p=108933"},"modified":"2023-10-03T12:27:56","modified_gmt":"2023-10-03T15:27:56","slug":"la-canasta-de-alimentos-subio-1125-en-septiembre","status":"publish","type":"post","link":"https:\/\/www.actualidadadiario.com\/index.php\/2023\/10\/03\/la-canasta-de-alimentos-subio-1125-en-septiembre\/","title":{"rendered":"La canasta de alimentos subi\u00f3 11,25% en septiembre"},"content":{"rendered":"<p style=\"text-align: center;\"><em><strong>La asociaci\u00f3n Consumidores Libres inform\u00f3 que contin\u00faa la tendencia en el noveno mes del a\u00f1o<\/strong><\/em><\/p>\n<p>&nbsp;<\/p>\n<p>&nbsp;<\/p>\n<p>Los precios de los alimentos continuaron en la senda alcista en septiembre, seg\u00fan empiezan a mostrar los informes privados que preceden a las mediciones oficiales. La asociaci\u00f3n Consumidores Libres inform\u00f3 que su canasta b\u00e1sica de alimentos aument\u00f3 11,25% en el noveno mes del a\u00f1o y acumul\u00f3 114,06% en lo que va del a\u00f1o.<\/p>\n<p>El rubro Almac\u00e9n subi\u00f3 13,88% en septiembre y es la subdivisi\u00f3n que m\u00e1s aument\u00f3 en los nueve meses, con un promedio del 118,32%.<\/p>\n<p>Dentro de ese apartado, se destac\u00f3 el precio de los huevos \u00a0por docena con un incremento del 200% en el per\u00edodo se\u00f1alado.<\/p>\n<p>El rubro carnes aument\u00f3 12,65%, tambi\u00e9n por encima del promedio, y la carne picada, con un repunte del 13,64% fue el producto que m\u00e1s subi\u00f3 en el mes, aportando al 126,13% acumulado en nueve meses.<\/p>\n<p>Verduras y frutas aumento 3,8% en el mes. El producto que m\u00e1s se encareci\u00f3 en el a\u00f1o fue la papa, con una acumulaci\u00f3n del 137,29% desde el inicio del a\u00f1o.<\/p>\n<p>Desde el punto de vista de la consultora LCG, la inflaci\u00f3n de los alimentos promedi\u00f3 8,2% el mes pasado.<\/p>\n<p>En el per\u00edodo resalt\u00f3 un aumento del 4,2% en frutas y del 3,8% en verduras, pero los precios de la carne cayeron 2,2%, un cruce de indicadores que contribuy\u00f3 a la desaceleraci\u00f3n.<\/p>\n","protected":false},"excerpt":{"rendered":"<p>La asociaci\u00f3n Consumidores Libres inform\u00f3 que contin\u00faa la tendencia en el noveno mes del a\u00f1o &nbsp; &nbsp; Los precios de los alimentos continuaron en la senda alcista en septiembre, seg\u00fan empiezan a mostrar los informes privados que preceden a las mediciones oficiales. La asociaci\u00f3n Consumidores Libres inform\u00f3 que su canasta b\u00e1sica de alimentos aument\u00f3 11,25% en el noveno mes del a\u00f1o y acumul\u00f3 114,06% en lo que va del a\u00f1o. El rubro Almac\u00e9n subi\u00f3 13,88% en septiembre y es la subdivisi\u00f3n que m\u00e1s aument\u00f3 en los nueve meses, con un&#8230;<\/p>\n","protected":false},"author":3,"featured_media":97395,"comment_status":"closed","ping_status":"closed","sticky":false,"template":"","format":"standard","meta":[],"categories":[2],"tags":[],"_links":{"self":[{"href":"https:\/\/www.actualidadadiario.com\/index.php\/wp-json\/wp\/v2\/posts\/108933"}],"collection":[{"href":"https:\/\/www.actualidadadiario.com\/index.php\/wp-json\/wp\/v2\/posts"}],"about":[{"href":"https:\/\/www.actualidadadiario.com\/index.php\/wp-json\/wp\/v2\/types\/post"}],"author":[{"embeddable":true,"href":"https:\/\/www.actualidadadiario.com\/index.php\/wp-json\/wp\/v2\/users\/3"}],"replies":[{"embeddable":true,"href":"https:\/\/www.actualidadadiario.com\/index.php\/wp-json\/wp\/v2\/comments?post=108933"}],"version-history":[{"count":1,"href":"https:\/\/www.actualidadadiario.com\/index.php\/wp-json\/wp\/v2\/posts\/108933\/revisions"}],"predecessor-version":[{"id":108934,"href":"https:\/\/www.actualidadadiario.com\/index.php\/wp-json\/wp\/v2\/posts\/108933\/revisions\/108934"}],"wp:featuredmedia":[{"embeddable":true,"href":"https:\/\/www.actualidadadiario.com\/index.php\/wp-json\/wp\/v2\/media\/97395"}],"wp:attachment":[{"href":"https:\/\/www.actualidadadiario.com\/index.php\/wp-json\/wp\/v2\/media?parent=108933"}],"wp:term":[{"taxonomy":"category","embeddable":true,"href":"https:\/\/www.actualidadadiario.com\/index.php\/wp-json\/wp\/v2\/categories?post=108933"},{"taxonomy":"post_tag","embeddable":true,"href":"https:\/\/www.actualidadadiario.com\/index.php\/wp-json\/wp\/v2\/tags?post=108933"}],"curies":[{"name":"wp","href":"https:\/\/api.w.org\/{rel}","templated":true}]}}