{"id":108922,"date":"2023-10-03T11:53:28","date_gmt":"2023-10-03T14:53:28","guid":{"rendered":"https:\/\/www.actualidadadiario.com\/?p=108922"},"modified":"2023-10-03T11:53:28","modified_gmt":"2023-10-03T14:53:28","slug":"pronostican-lluvias-por-llegada-de-sistema-frontal-cuando-afectara-a-entre-rios","status":"publish","type":"post","link":"https:\/\/www.actualidadadiario.com\/index.php\/2023\/10\/03\/pronostican-lluvias-por-llegada-de-sistema-frontal-cuando-afectara-a-entre-rios\/","title":{"rendered":"Pronostican lluvias por llegada de sistema frontal: cu\u00e1ndo afectar\u00e1 a Entre R\u00edos"},"content":{"rendered":"<p style=\"text-align: center;\"><em><strong>\u201cUna onda de depresi\u00f3n\u201d generar\u00e1 inestabilidad y probables lluvias en diversas zonas del pa\u00eds, incluida Entre R\u00edos. Habr\u00e1 rotaci\u00f3n de viento al sur, un leve descenso de los registros t\u00e9rmicos y mejorar\u00e1 r\u00e1pidamente<\/strong><\/em><\/p>\n<p>&nbsp;<\/p>\n<p>&nbsp;<\/p>\n<p>El viento del este rotar\u00e1 hoy al sur con algunas r\u00e1fagas que podr\u00edan ser intensas durante la tarde en Entre R\u00edos. Esto aportar\u00e1 aire fresco, que a la vez, estar\u00e1 impulsando la evoluci\u00f3n de algunas lluvias para varias regiones del Litoral, corredor pampeano y sobre todo para el noreste del pa\u00eds, donde estar\u00e1n apareciendo las tormentas. Las temperaturas presentar\u00e1n un leve descenso en toda el \u00e1rea central.<\/p>\n<p>La llegada de un sistema frontal fr\u00edo desde el sur del pa\u00eds generar\u00eda inestabilidades de variada intensidad el martes en Entre R\u00edos. Al respecto, el meteor\u00f3logo, Alejandro G\u00f3mez, detall\u00f3 \u201cuna onda de depresi\u00f3n generar\u00e1 aumento de nubosidad significativo en la zona central del pa\u00eds.<\/p>\n<p>\u00abA la tarde estar\u00edamos con cielo cubierto y son probables algunas lluvias y tormentas, aunque \u201cno se observa la probabilidad de situaciones severas\u201d en Entre R\u00edos. El epicentro estar\u00eda \u201cen Corrientes, Paraguay, este de Formosa, este de Chaco, Misiones y sur de Brasil, con lluvias m\u00e1ximas de 150 mil\u00edmetros. Nosotros tendr\u00edamos registros de lluvias bastante inferiores\u201d, aclar\u00f3.<\/p>\n<p>Estim\u00f3 que en esta oportunidad las precipitaciones alcanzar\u00edan tambi\u00e9n a la zona de Paran\u00e1, aunque estim\u00f3 que los registros \u201cno superar\u00edan los 20 o 30 mil\u00edmetros\u201d.<\/p>\n<p>&nbsp;<\/p>\n<p><strong>Mejorar\u00e1 r\u00e1pidamente<\/strong><\/p>\n<p>La situaci\u00f3n mejorar\u00eda r\u00e1pidamente y se producir\u00edan buenas condiciones meteorol\u00f3gicas para el resto de la semana. \u201cNo habr\u00e1 cambio de masa de aire, por lo que las temperaturas seguir\u00edan en un gradual ascenso\u201d, complet\u00f3 G\u00f3mez.<\/p>\n","protected":false},"excerpt":{"rendered":"<p>\u201cUna onda de depresi\u00f3n\u201d generar\u00e1 inestabilidad y probables lluvias en diversas zonas del pa\u00eds, incluida Entre R\u00edos. Habr\u00e1 rotaci\u00f3n de viento al sur, un leve descenso de los registros t\u00e9rmicos y mejorar\u00e1 r\u00e1pidamente &nbsp; &nbsp; El viento del este rotar\u00e1 hoy al sur con algunas r\u00e1fagas que podr\u00edan ser intensas durante la tarde en Entre R\u00edos. Esto aportar\u00e1 aire fresco, que a la vez, estar\u00e1 impulsando la evoluci\u00f3n de algunas lluvias para varias regiones del Litoral, corredor pampeano y sobre todo para el noreste del pa\u00eds, donde estar\u00e1n apareciendo las&#8230;<\/p>\n","protected":false},"author":3,"featured_media":102494,"comment_status":"closed","ping_status":"closed","sticky":false,"template":"","format":"standard","meta":[],"categories":[15],"tags":[],"_links":{"self":[{"href":"https:\/\/www.actualidadadiario.com\/index.php\/wp-json\/wp\/v2\/posts\/108922"}],"collection":[{"href":"https:\/\/www.actualidadadiario.com\/index.php\/wp-json\/wp\/v2\/posts"}],"about":[{"href":"https:\/\/www.actualidadadiario.com\/index.php\/wp-json\/wp\/v2\/types\/post"}],"author":[{"embeddable":true,"href":"https:\/\/www.actualidadadiario.com\/index.php\/wp-json\/wp\/v2\/users\/3"}],"replies":[{"embeddable":true,"href":"https:\/\/www.actualidadadiario.com\/index.php\/wp-json\/wp\/v2\/comments?post=108922"}],"version-history":[{"count":1,"href":"https:\/\/www.actualidadadiario.com\/index.php\/wp-json\/wp\/v2\/posts\/108922\/revisions"}],"predecessor-version":[{"id":108923,"href":"https:\/\/www.actualidadadiario.com\/index.php\/wp-json\/wp\/v2\/posts\/108922\/revisions\/108923"}],"wp:featuredmedia":[{"embeddable":true,"href":"https:\/\/www.actualidadadiario.com\/index.php\/wp-json\/wp\/v2\/media\/102494"}],"wp:attachment":[{"href":"https:\/\/www.actualidadadiario.com\/index.php\/wp-json\/wp\/v2\/media?parent=108922"}],"wp:term":[{"taxonomy":"category","embeddable":true,"href":"https:\/\/www.actualidadadiario.com\/index.php\/wp-json\/wp\/v2\/categories?post=108922"},{"taxonomy":"post_tag","embeddable":true,"href":"https:\/\/www.actualidadadiario.com\/index.php\/wp-json\/wp\/v2\/tags?post=108922"}],"curies":[{"name":"wp","href":"https:\/\/api.w.org\/{rel}","templated":true}]}}