{"id":108893,"date":"2023-10-02T14:14:05","date_gmt":"2023-10-02T17:14:05","guid":{"rendered":"https:\/\/www.actualidadadiario.com\/?p=108893"},"modified":"2023-10-02T15:30:32","modified_gmt":"2023-10-02T18:30:32","slug":"milei-sobre-el-debate-lo-gane-yo-estaban-aterrados-de-lo-que-les-podia-pasar-conmigo","status":"publish","type":"post","link":"https:\/\/www.actualidadadiario.com\/index.php\/2023\/10\/02\/milei-sobre-el-debate-lo-gane-yo-estaban-aterrados-de-lo-que-les-podia-pasar-conmigo\/","title":{"rendered":"Milei sobre el debate: &#8220;Lo gan\u00e9 yo, estaban aterrados de lo que les pod\u00eda pasar conmigo&#8221;"},"content":{"rendered":"<p style=\"text-align: center;\"><em><strong>El candidato presidencial analiz\u00f3 su performance en el debate del domingo expres\u00f3 que se sinti\u00f3 &#8220;c\u00f3modo&#8221; y aunque se\u00f1al\u00f3 que los otros candidatos buscaron &#8220;bloquearlo&#8221;. Para el l\u00edder de La Libertad Avanza &#8220;Bullrich estuvo floja por el esc\u00e1ndalo&#8221;<\/strong><\/em><\/p>\n<p>&nbsp;<\/p>\n<p>&nbsp;<\/p>\n<p>A pesar de que algunas encuestas ubican a Sergio Massa como el mejor, el candidato presidencial de La Libertad Avanza (LLA), Javier Milei, consider\u00f3 este lunes que fue &#8220;el ganador&#8221;\u00a0 del primer debate presidencial, que se realiz\u00f3 este domingo en Santiago del Estero al considerar que sus competidores Sergio Massa y Patricia Bullrich &#8220;estaban aterrados&#8221;, ya que evitaron hablar en los cruces de la renuncia de Mart\u00edn Insaurralde. Adem\u00e1s se\u00f1al\u00f3 que la l\u00edder del PRO estuvo &#8220;muy floja&#8221;.<\/p>\n<p>En di\u00e1logo con radio Continental, el economista libertario analiz\u00f3: &#8220;B\u00e1sicamente me bloquearon a m\u00ed&#8221; por la actitud de Sergio Massa, de Uni\u00f3n por la Patria, y Patricia Bullrich, para Milei &#8220;los grandes problemas que enfrenta la sociedad tienen que ver con la econom\u00eda&#8221;,<\/p>\n<p>&#8220;Los dem\u00e1s candidatos han tratado de torcer el formato del debate en funci\u00f3n de bloquearme a m\u00ed. He visto una falta de sustancia enorme en el resto. Hay errores conceptuales muy fuertes&#8221;, analiz\u00f3.<\/p>\n<p>Luego, habl\u00f3 del esc\u00e1ndalo del fin de semana, en el que se conocieron las fotos de Mart\u00edn Insaurralde en un viaje en Marbella, a bordo de un yate de lujo, con la modelo Sof\u00eda Clerici. &#8220;El tema Insaurralde no lo pueden tocar mucho porque los roza a todos. Massa no puede decir nada. Adem\u00e1s, el candidato de Bullrich a intendente en Lomas de Zamora trabaj\u00f3 durante 15 a\u00f1os junto a Insaurralde&#8221;, apunt\u00f3 y consider\u00f3: &#8220;Estaban aterrados de lo que les pod\u00eda pasar conmigo&#8221;, dijo.<\/p>\n<p>Adem\u00e1s, en declaraciones a C5N, Milei volvi\u00f3 a definirse como ganador y consider\u00f3 a Patricia Bullrich como la perdedora. &#8220;Definitivamente lo gan\u00e9 yo, estuvo interesante acorde a las reglas que estos eventos tienen&#8221;, consider\u00f3.<\/p>\n<p>Ante la pregunta de si hubo alguien que haya perdido Milei se\u00f1al\u00f3 que fue &#8220;Bullrich por esc\u00e1ndalo porque no pudo concretar ninguna propuesta, no pudo justificar nada y cada vez que se le pregunt\u00f3 algo hizo agua&#8221;.<\/p>\n<p>Respecto a la candidata de JxC en los temas econ\u00f3micos consider\u00f3: \u201cLa v\u00ed muy floja, nunca explic\u00f3 c\u00f3mo piensa bajar la inflaci\u00f3n y tres veces esquiv\u00f3 la pregunta sobre el problema de las leliqs, que es la emisi\u00f3n futura que es inflaci\u00f3n\u201d.<\/p>\n<p>\u201cLe d\u00ed una tercera oportunidad y la desaprovech\u00f3 con una groser\u00eda\u201d, dijo al se\u00f1alar el cruce que protagoniz\u00f3 con la exministra de Seguridad de Macri durante el momento de preguntas cruzadas. \u201cMir\u00e9 Milei usted no me va a decir lo que yo tengo que decir\u201d, le hab\u00eda dicho Bullrich tras lo que lo acus\u00f3 de ser &#8220;amigo de una serie de mafias, como Barrionuevo, que hoy impiden que el pa\u00eds crezca&#8221;.<\/p>\n","protected":false},"excerpt":{"rendered":"<p>El candidato presidencial analiz\u00f3 su performance en el debate del domingo expres\u00f3 que se sinti\u00f3 &#8220;c\u00f3modo&#8221; y aunque se\u00f1al\u00f3 que los otros candidatos buscaron &#8220;bloquearlo&#8221;. Para el l\u00edder de La Libertad Avanza &#8220;Bullrich estuvo floja por el esc\u00e1ndalo&#8221; &nbsp; &nbsp; A pesar de que algunas encuestas ubican a Sergio Massa como el mejor, el candidato presidencial de La Libertad Avanza (LLA), Javier Milei, consider\u00f3 este lunes que fue &#8220;el ganador&#8221;\u00a0 del primer debate presidencial, que se realiz\u00f3 este domingo en Santiago del Estero al considerar que sus competidores Sergio Massa&#8230;<\/p>\n","protected":false},"author":3,"featured_media":108894,"comment_status":"closed","ping_status":"closed","sticky":false,"template":"","format":"standard","meta":[],"categories":[18],"tags":[],"_links":{"self":[{"href":"https:\/\/www.actualidadadiario.com\/index.php\/wp-json\/wp\/v2\/posts\/108893"}],"collection":[{"href":"https:\/\/www.actualidadadiario.com\/index.php\/wp-json\/wp\/v2\/posts"}],"about":[{"href":"https:\/\/www.actualidadadiario.com\/index.php\/wp-json\/wp\/v2\/types\/post"}],"author":[{"embeddable":true,"href":"https:\/\/www.actualidadadiario.com\/index.php\/wp-json\/wp\/v2\/users\/3"}],"replies":[{"embeddable":true,"href":"https:\/\/www.actualidadadiario.com\/index.php\/wp-json\/wp\/v2\/comments?post=108893"}],"version-history":[{"count":1,"href":"https:\/\/www.actualidadadiario.com\/index.php\/wp-json\/wp\/v2\/posts\/108893\/revisions"}],"predecessor-version":[{"id":108895,"href":"https:\/\/www.actualidadadiario.com\/index.php\/wp-json\/wp\/v2\/posts\/108893\/revisions\/108895"}],"wp:featuredmedia":[{"embeddable":true,"href":"https:\/\/www.actualidadadiario.com\/index.php\/wp-json\/wp\/v2\/media\/108894"}],"wp:attachment":[{"href":"https:\/\/www.actualidadadiario.com\/index.php\/wp-json\/wp\/v2\/media?parent=108893"}],"wp:term":[{"taxonomy":"category","embeddable":true,"href":"https:\/\/www.actualidadadiario.com\/index.php\/wp-json\/wp\/v2\/categories?post=108893"},{"taxonomy":"post_tag","embeddable":true,"href":"https:\/\/www.actualidadadiario.com\/index.php\/wp-json\/wp\/v2\/tags?post=108893"}],"curies":[{"name":"wp","href":"https:\/\/api.w.org\/{rel}","templated":true}]}}