{"id":108888,"date":"2023-10-02T14:16:31","date_gmt":"2023-10-02T17:16:31","guid":{"rendered":"https:\/\/www.actualidadadiario.com\/?p=108888"},"modified":"2023-10-02T15:27:45","modified_gmt":"2023-10-02T18:27:45","slug":"bullrich-intento-justificar-su-rendimiento-en-el-debate-una-gripe-fuertisima","status":"publish","type":"post","link":"https:\/\/www.actualidadadiario.com\/index.php\/2023\/10\/02\/bullrich-intento-justificar-su-rendimiento-en-el-debate-una-gripe-fuertisima\/","title":{"rendered":"Bullrich intent\u00f3 justificar su rendimiento en el debate: &#8220;Una gripe fuert\u00edsima&#8221;"},"content":{"rendered":"<p style=\"text-align: center;\"><em><strong>&#8220;Fue dif\u00edcil llevar adelante un debate con una gripe fuert\u00edsima. Me tuvo a mal traer durante varios d\u00edas y eso es muy importante para poder concentrarse. Voy a mantener mi firmeza, mis ideas y aquellas cosas que creo que nos diferencian&#8221;, dijo la candidata de Juntos por el Cambio<\/strong><\/em><\/p>\n<p>&nbsp;<\/p>\n<p>&nbsp;<\/p>\n<p>La candidata presidencial de Juntos por el Cambio (JxC), Patricia Bullrich, expres\u00f3 su confianza en que, en el segundo debate, que se desarrollar\u00e1 el pr\u00f3ximo domingo, estar\u00e1 &#8220;mejor&#8221; que este domingo, cuando -dijo- le fue &#8220;dif\u00edcil llevar adelante&#8221; su participaci\u00f3n &#8220;con una gripe fuert\u00edsima&#8221; que la tuvo a &#8220;mal traer durante varios d\u00edas&#8221;.<\/p>\n<p>As\u00ed lo expres\u00f3 en declaraciones formuladas a radio Continental al ser consultada sobre c\u00f3mo se prepara para la segunda instancia del debate de candidatos presidenciales que, de acuerdo con lo establecido por ley, se realizar\u00e1 el domingo pr\u00f3ximo, esta vez en la sede de la Facultad de Derecho de la UBA, en el barrio porte\u00f1o de Recoleta.<\/p>\n<p>En ese sentido, Patricia Bullrich afirm\u00f3 que espera &#8220;estar mejor&#8221; porque &#8220;estaba con una gripe muy fuerte&#8221;.<\/p>\n<p>&#8220;Fue dif\u00edcil llevar adelante un debate con una gripe fuert\u00edsima. Me tuvo a mal traer durante varios d\u00edas y eso es muy importante para poder concentrarse. Voy a mantener mi firmeza, mis ideas y aquellas cosas que creo que nos diferencian&#8221;<\/p>\n<p>No obstante, y pese a hacer referencia a un cuadro gripal en un tramo de la entrevista, la candidata presidencial de Juntos por el Cambio dijo haber se sentido &#8220;bien&#8221; en el debate y &#8220;con argumentos claros&#8221;.<\/p>\n<p>Adem\u00e1s, se inscribi\u00f3 como un logro el hecho de que los candidatos de Uni\u00f3n por la Patria, Sergio Massa, y La Libertad Avanza, Javier Milei, &#8220;intentaron polarizar y no pudieron&#8221;.<\/p>\n<p>Por otro lado, Bullrich sostuvo que, aunque Milei &#8220;prometi\u00f3 renovaci\u00f3n&#8221;, no es lo que est\u00e1 sucediendo &#8220;con sus aliados&#8221;, y se\u00f1al\u00f3 que tambi\u00e9n &#8220;prometi\u00f3 dolarizaci\u00f3n&#8221;, pero de eso &#8220;no habl\u00f3 salvo al final, t\u00edmidamente&#8221;, durante el debate.<\/p>\n<p>&#8220;Tenemos el coraje y el temperamento que hay que tener para hacer el cambio. Tenemos programa, equipo y poder pol\u00edtico propio que va a garantizar el cambio que los argentinos est\u00e1n esperando&#8221;, insisti\u00f3 Patricia Bullrich en sus declaraciones de esta ma\u00f1ana.<\/p>\n<p>En tanto, asegur\u00f3 que &#8220;nadie le cree a Milei&#8221; cuando asegura que ella es &#8220;m\u00e1s casta&#8221; que el dirigente del gremio gastron\u00f3mico Luis Barrionuevo, aliado del libertario.<\/p>\n<p>&#8220;Todo el mundo sabe mi car\u00e1cter luchador, que me enfrent\u00e9 al sindicalismo y los momentos dif\u00edciles y sal\u00ed airosa de todas las gestiones en las que estuve. Cuando uno dice algo no cre\u00edble no hay que darle mucha importancia&#8221;, argument\u00f3 la exfuncionaria del macrismo y actual candidata presidencial de Juntos por el Cambio.<\/p>\n<p>Bullrich tambi\u00e9n respondi\u00f3 el cuestionamiento que Massa le hizo respecto de si planificaba echar a su eventual ministro de Econom\u00eda, Carlos Melconian, tal como pas\u00f3 cuando \u00e9ste fue presidente del Banco Central durante el Gobierno del expresidente Mauricio Macri.<\/p>\n<p>&#8220;No le contest\u00e9 porque me parece una estupidez. Yo soy Patricia Bullrich; Melconian nunca fue ministro de Econom\u00eda; fue presidente del Banco Naci\u00f3n, y lo que hizo Macri es lo que hizo Macri. Si yo eleg\u00ed un equipo, es para que ese equipo se quede&#8221;, remarc\u00f3 en la entrevista que concedi\u00f3 esta ma\u00f1ana.<\/p>\n<p>Por otro lado, al referirse a otro de los puntos del debate, Patricia Bullrich asegur\u00f3 que la dictadura militar en la Argentina &#8220;no es un tema de n\u00fameros&#8221; y que &#8220;matar ocho mil personas o 30 mil es una barbaridad&#8221;.<\/p>\n<p>De este modo, sali\u00f3 al cruce de las consideraciones del postulante de La Libertad Avanza (LLA), Javier Milei.<\/p>\n<p>&#8220;No es un tema de n\u00fameros. La Argentina tuvo desaparecidos y brutalidades por parte de la dictadura, pero es hora de reconcomer a los muertos por las organizaciones armadas&#8221;, insisti\u00f3 Bullrich en declaraciones a Radio Continental.<\/p>\n<p>La exministra de Seguridad de Cambiemos afirm\u00f3 que &#8220;matar ocho mil personas o 30 mil es una barbaridad&#8221;, al igual que &#8220;haber tenido esa tragedia violenta en Argentina&#8221;, por lo que consider\u00f3 &#8220;importante el aprendizaje de Nunca M\u00e1s a la violencia, al uso de la fuerza como forma de acci\u00f3n de organizaciones paramilitares o paraestatales o pol\u00edticas&#8221; antes que &#8220;una discusi\u00f3n de n\u00fameros&#8221;.<\/p>\n","protected":false},"excerpt":{"rendered":"<p>&#8220;Fue dif\u00edcil llevar adelante un debate con una gripe fuert\u00edsima. Me tuvo a mal traer durante varios d\u00edas y eso es muy importante para poder concentrarse. Voy a mantener mi firmeza, mis ideas y aquellas cosas que creo que nos diferencian&#8221;, dijo la candidata de Juntos por el Cambio &nbsp; &nbsp; La candidata presidencial de Juntos por el Cambio (JxC), Patricia Bullrich, expres\u00f3 su confianza en que, en el segundo debate, que se desarrollar\u00e1 el pr\u00f3ximo domingo, estar\u00e1 &#8220;mejor&#8221; que este domingo, cuando -dijo- le fue &#8220;dif\u00edcil llevar adelante&#8221; su&#8230;<\/p>\n","protected":false},"author":3,"featured_media":108889,"comment_status":"closed","ping_status":"closed","sticky":false,"template":"","format":"standard","meta":[],"categories":[18],"tags":[],"_links":{"self":[{"href":"https:\/\/www.actualidadadiario.com\/index.php\/wp-json\/wp\/v2\/posts\/108888"}],"collection":[{"href":"https:\/\/www.actualidadadiario.com\/index.php\/wp-json\/wp\/v2\/posts"}],"about":[{"href":"https:\/\/www.actualidadadiario.com\/index.php\/wp-json\/wp\/v2\/types\/post"}],"author":[{"embeddable":true,"href":"https:\/\/www.actualidadadiario.com\/index.php\/wp-json\/wp\/v2\/users\/3"}],"replies":[{"embeddable":true,"href":"https:\/\/www.actualidadadiario.com\/index.php\/wp-json\/wp\/v2\/comments?post=108888"}],"version-history":[{"count":1,"href":"https:\/\/www.actualidadadiario.com\/index.php\/wp-json\/wp\/v2\/posts\/108888\/revisions"}],"predecessor-version":[{"id":108890,"href":"https:\/\/www.actualidadadiario.com\/index.php\/wp-json\/wp\/v2\/posts\/108888\/revisions\/108890"}],"wp:featuredmedia":[{"embeddable":true,"href":"https:\/\/www.actualidadadiario.com\/index.php\/wp-json\/wp\/v2\/media\/108889"}],"wp:attachment":[{"href":"https:\/\/www.actualidadadiario.com\/index.php\/wp-json\/wp\/v2\/media?parent=108888"}],"wp:term":[{"taxonomy":"category","embeddable":true,"href":"https:\/\/www.actualidadadiario.com\/index.php\/wp-json\/wp\/v2\/categories?post=108888"},{"taxonomy":"post_tag","embeddable":true,"href":"https:\/\/www.actualidadadiario.com\/index.php\/wp-json\/wp\/v2\/tags?post=108888"}],"curies":[{"name":"wp","href":"https:\/\/api.w.org\/{rel}","templated":true}]}}