{"id":108886,"date":"2023-10-02T15:14:34","date_gmt":"2023-10-02T18:14:34","guid":{"rendered":"https:\/\/www.actualidadadiario.com\/?p=108886"},"modified":"2023-10-02T15:14:34","modified_gmt":"2023-10-02T18:14:34","slug":"nuevo-ife-establecieron-los-requisitos-para-cobrar-el-bono-de-94-000","status":"publish","type":"post","link":"https:\/\/www.actualidadadiario.com\/index.php\/2023\/10\/02\/nuevo-ife-establecieron-los-requisitos-para-cobrar-el-bono-de-94-000\/","title":{"rendered":"&#8220;Nuevo IFE&#8221;: establecieron los requisitos para cobrar el bono de $94.000"},"content":{"rendered":"<p style=\"text-align: center;\"><em><strong>El Gobierno dio a conocer los detalles de la medida que beneficia a los trabajadores informales. Lo hizo a trav\u00e9s del Bolet\u00edn Oficial este lunes<\/strong><\/em><\/p>\n<p>&nbsp;<\/p>\n<p>&nbsp;<\/p>\n<p>El Gobierno oficializ\u00f3 el &#8220;Nuevo IFE&#8221;, medida que apunta a recomponer el bolsillo de los trabajadores informales, universo que alcanza a alrededor de 3 millones de personas. A trav\u00e9s del Bolet\u00edn Oficial, el Ejecutivo dio a conocer el decreto 493, que reglamenta y formaliza la decisi\u00f3n del pago del refuerzo de ingreso de $94.000, en donde se dan a conocerlos detalles y la letra chica del anuncio que el ministro Sergio Massa realiz\u00f3 junto a la titular de la ANSES Fernanda Raverta.<\/p>\n<p>En el decreto, que lleva la firma del presidente Alberto Fern\u00e1ndez y los ministros Sergio Massa (Econom\u00eda), Raquel &#8220;Kelly&#8221; Olmos (Trabajo) y Agust\u00edn Rossi (Jefe de Gabinete), se especifican los alcances de la medida, implementada para compensar el golpe de la inflaci\u00f3n y la devaluaci\u00f3n en los sectores informales de la econom\u00eda.<\/p>\n<p>&nbsp;<\/p>\n<p><strong>Cu\u00e1ndo se pagar\u00e1 el nuevo IFE<\/strong><\/p>\n<p>La Administraci\u00f3n Nacional de Seguridad Social (ANSES), junto al Ministerio de Econom\u00eda, confirmaron cu\u00e1ndo se abonar\u00e1n las dos cuotas de $47.000 del nuevo bono para trabajadores no registrados. La medida ser\u00e1 compensada a trav\u00e9s del cobro de un anticipo extraordinario de ganancias a grandes contribuyentes.<\/p>\n<p>En el decreto, se detalla el monto a pagar: &#8220;El \u201cREFUERZO PARA TRABAJADORES INFORMALES\u201d consistir\u00e1 en DOS (2) pagos mensuales, cada UNO (1) de PESOS CUARENTA Y SIETE MIL ($47.000), a realizarse uno en el mes de octubre de 2023 y el otro, en el mes de noviembre de 2023&#8221;, indica el texto.<\/p>\n<p>La inscripci\u00f3n abri\u00f3 este mi\u00e9rcoles 27 de septiembre y continuar\u00e1 durante todo el mes de octubre. Se podr\u00e1 realizar exclusivamente a trav\u00e9s de la web del organismo www.anses.gob.ar o de la aplicaci\u00f3n Mi ANSES, todos los d\u00edas de 14 a 22.<\/p>\n<p>&nbsp;<\/p>\n<p><strong>Requisitos para cobrar el &#8220;Nuevo IFE&#8221; de ANSES<\/strong><\/p>\n<p>En otra parte de la resoluci\u00f3n, se especifica qui\u00e9nes pueden cobrar el beneficio del refuerzo de ingreso de $94.000 y las condiciones para cumplir con el beneficio.<\/p>\n<p>Para acceder a la percepci\u00f3n del \u201cNuevo IFE&#8221;, las personas deber\u00e1n cumplir con los siguientes requisitos: &#8220;Ser argentinas o nativas, por opci\u00f3n o naturalizadas, o extranjeras, estas \u00faltimas con una residencia (&#8230;)no inferior a DOS (2) a\u00f1os anteriores a la fecha que se establezca en la normativa complementaria; debiendo todas ellas habitar en el territorio de la REP\u00daBLICA ARGENTINA durante todo el per\u00edodo citado&#8221;, dice la norma.<\/p>\n<p>Establece adem\u00e1s que quienes quieran cobrar el beneficio, &#8220;deben tener 18 a\u00f1os de edad o m\u00e1s y no haber cumplido los SESENTA Y CINCO (65) a\u00f1os de edad al 30 de septiembre de 2023&#8221;, &#8220;encontrarse en situaci\u00f3n de vulnerabilidad econ\u00f3mica y patrimonial&#8221;.<\/p>\n<p>El refuerzo alcanzar\u00e1 a todos los trabajadores y trabajadoras informales &#8220;de entre 18 a\u00f1os de edad o m\u00e1s y no haber cumplido los SESENTA Y CINCO (65) a\u00f1os de edad al 30 de septiembre de 2023&#8221;, detalla el decreto publicado este lunes 2 de octubre. Los requisitos para solicitarlo son:<\/p>\n<ul>\n<li>No tener ninguna prestaci\u00f3n o asistencia del Estado ni trabajo formal.<\/li>\n<li>No haber sido alcanzado con otras medidas anunciadas.<\/li>\n<li>Tener Clave de la Seguridad Social.<\/li>\n<li>Una cuenta bancaria (en caso de no tener, la persona tendr\u00e1 que ir al banco a tramitarla).<\/li>\n<\/ul>\n<p>&nbsp;<\/p>\n<p><strong>Para acceder a este refuerzo, las personas no deber\u00e1n contar con:<\/strong><\/p>\n<ul>\n<li>Trabajo registrado (relaci\u00f3n de dependencia, aut\u00f3nomos, monotributo, monotributo social y casas particulares).<\/li>\n<li>Jubilaci\u00f3n o pensi\u00f3n.<\/li>\n<li>AUH, AUE, Asignaciones familiares o Progresar.<\/li>\n<li>Planes sociales (por ejemplo, Potenciar Trabajo).<\/li>\n<li>Prestaci\u00f3n por desempleo.<\/li>\n<\/ul>\n","protected":false},"excerpt":{"rendered":"<p>El Gobierno dio a conocer los detalles de la medida que beneficia a los trabajadores informales. Lo hizo a trav\u00e9s del Bolet\u00edn Oficial este lunes &nbsp; &nbsp; El Gobierno oficializ\u00f3 el &#8220;Nuevo IFE&#8221;, medida que apunta a recomponer el bolsillo de los trabajadores informales, universo que alcanza a alrededor de 3 millones de personas. A trav\u00e9s del Bolet\u00edn Oficial, el Ejecutivo dio a conocer el decreto 493, que reglamenta y formaliza la decisi\u00f3n del pago del refuerzo de ingreso de $94.000, en donde se dan a conocerlos detalles y la&#8230;<\/p>\n","protected":false},"author":3,"featured_media":61182,"comment_status":"closed","ping_status":"closed","sticky":false,"template":"","format":"standard","meta":[],"categories":[2],"tags":[],"_links":{"self":[{"href":"https:\/\/www.actualidadadiario.com\/index.php\/wp-json\/wp\/v2\/posts\/108886"}],"collection":[{"href":"https:\/\/www.actualidadadiario.com\/index.php\/wp-json\/wp\/v2\/posts"}],"about":[{"href":"https:\/\/www.actualidadadiario.com\/index.php\/wp-json\/wp\/v2\/types\/post"}],"author":[{"embeddable":true,"href":"https:\/\/www.actualidadadiario.com\/index.php\/wp-json\/wp\/v2\/users\/3"}],"replies":[{"embeddable":true,"href":"https:\/\/www.actualidadadiario.com\/index.php\/wp-json\/wp\/v2\/comments?post=108886"}],"version-history":[{"count":1,"href":"https:\/\/www.actualidadadiario.com\/index.php\/wp-json\/wp\/v2\/posts\/108886\/revisions"}],"predecessor-version":[{"id":108887,"href":"https:\/\/www.actualidadadiario.com\/index.php\/wp-json\/wp\/v2\/posts\/108886\/revisions\/108887"}],"wp:featuredmedia":[{"embeddable":true,"href":"https:\/\/www.actualidadadiario.com\/index.php\/wp-json\/wp\/v2\/media\/61182"}],"wp:attachment":[{"href":"https:\/\/www.actualidadadiario.com\/index.php\/wp-json\/wp\/v2\/media?parent=108886"}],"wp:term":[{"taxonomy":"category","embeddable":true,"href":"https:\/\/www.actualidadadiario.com\/index.php\/wp-json\/wp\/v2\/categories?post=108886"},{"taxonomy":"post_tag","embeddable":true,"href":"https:\/\/www.actualidadadiario.com\/index.php\/wp-json\/wp\/v2\/tags?post=108886"}],"curies":[{"name":"wp","href":"https:\/\/api.w.org\/{rel}","templated":true}]}}