{"id":108882,"date":"2023-10-02T15:12:41","date_gmt":"2023-10-02T18:12:41","guid":{"rendered":"https:\/\/www.actualidadadiario.com\/?p=108882"},"modified":"2023-10-02T15:12:41","modified_gmt":"2023-10-02T18:12:41","slug":"jornada-laboral-en-la-argentina-6-de-cada-10-argentinos-ya-trabaja-menos-de-8-horas-diarias","status":"publish","type":"post","link":"https:\/\/www.actualidadadiario.com\/index.php\/2023\/10\/02\/jornada-laboral-en-la-argentina-6-de-cada-10-argentinos-ya-trabaja-menos-de-8-horas-diarias\/","title":{"rendered":"Jornada laboral: en la Argentina 6 de cada 10 argentinos ya trabaja menos de 8 horas diarias"},"content":{"rendered":"<p style=\"text-align: center;\"><em><strong>El Gobierno propone reducir la cantidad de horas diarias por las que deber\u00edan contratar las empresas. Se advierte que sin incremento de la productividad, el efecto ser\u00eda un traslado a precios<\/strong><\/em><\/p>\n<p>&nbsp;<\/p>\n<p>&nbsp;<\/p>\n<p>Un informe del Instituto para el Desarrollo Social Argentino (IDESA) advierte que ya en la actualidad 6 de cada 10 argentinos trabaja menos de 8 horas diarias y que reducir la jornada laboral podr\u00eda generar un aumento de los precios.<\/p>\n<p>El informe dice que el debate instalado por el gobierno \u201cno tiene en cuenta una realidad que marca que dos de cada tres trabajadores realiza tareas por menos de 40 horas semanales, lo que tornar\u00eda abstracta la discusi\u00f3n para la mayor\u00eda de los asalariados\u201d.<\/p>\n<p>IDESA, la consultora que dirige el economista Jorge Colina, dice que en este momento lo prioritario deber\u00eda ser \u201cordenar el Estado y las instituciones laborales para crecer con m\u00e1s empleos de calidad\u201d.<\/p>\n<p>\u201cLa idea de reducir la jornada laboral no es nueva ni propia de la Argentina\u201d, dice el estudio al comparar con el caso de la Uni\u00f3n Europea donde se analiza tambi\u00e9n bajar la jornada laboral, como forma de evitar pagar salarios m\u00e1s altos.<\/p>\n<p>IDESA se\u00f1ala que la discusi\u00f3n en el viejo continente \u201cest\u00e1 m\u00e1s centrada en mejorar la calidad de vida de los trabajadores que en aumentar el empleo&#8221;.<\/p>\n<p>La discusi\u00f3n planteada en el Congreso parece desconocer los datos de la Encuesta Permanente de Hogares del INDEC, que observ\u00f3 que en 2023 un 15% de los asalariados trabaja m\u00e1s de 48 horas semanales, un 19% entre 40 y 48 y un 66% menos de 40 horas semanales<\/p>\n<p>\u201cEn la Argentina 2 de cada 3 trabajadores ya lo hacen en jornada reducida\u201d, dice el estudio..<\/p>\n<p>IDESA advierte que para achicar el d\u00eda de trabajo a seis horas la productividad de las empresas deber\u00eda crecer un 33%, cuesti\u00f3n que de materializarse la iniciativa en tratamiento en el Congreso el mayor costo \u201cse trasladar\u00eda a los precios&#8221;.<\/p>\n<p>\u201cEl problema, entonces, no es que hay trabajadores que trabajan mucho y que les quitan empleo a otros, sino que hay una severa escasez de buenos empleos&#8221;, subray\u00f3 IDESA, que a su vez precis\u00f3 que \u201cel principal desaf\u00edo no pasa por compartir los pocos empleos de calidad que hay, sino por multiplicar los empleadores y las inversiones productivas\u201d.<\/p>\n<p>\u201cDado que se acumulan d\u00e9cadas con niveles de productividad estancados, se puede afirmar que, en las actuales condiciones, reducir la jornada legal tendr\u00e1 asociado m\u00e1s informalidad y m\u00e1s inflaci\u00f3n\u201d concluye el estudio.<\/p>\n","protected":false},"excerpt":{"rendered":"<p>El Gobierno propone reducir la cantidad de horas diarias por las que deber\u00edan contratar las empresas. Se advierte que sin incremento de la productividad, el efecto ser\u00eda un traslado a precios &nbsp; &nbsp; Un informe del Instituto para el Desarrollo Social Argentino (IDESA) advierte que ya en la actualidad 6 de cada 10 argentinos trabaja menos de 8 horas diarias y que reducir la jornada laboral podr\u00eda generar un aumento de los precios. El informe dice que el debate instalado por el gobierno \u201cno tiene en cuenta una realidad que&#8230;<\/p>\n","protected":false},"author":3,"featured_media":88298,"comment_status":"closed","ping_status":"closed","sticky":false,"template":"","format":"standard","meta":[],"categories":[2],"tags":[],"_links":{"self":[{"href":"https:\/\/www.actualidadadiario.com\/index.php\/wp-json\/wp\/v2\/posts\/108882"}],"collection":[{"href":"https:\/\/www.actualidadadiario.com\/index.php\/wp-json\/wp\/v2\/posts"}],"about":[{"href":"https:\/\/www.actualidadadiario.com\/index.php\/wp-json\/wp\/v2\/types\/post"}],"author":[{"embeddable":true,"href":"https:\/\/www.actualidadadiario.com\/index.php\/wp-json\/wp\/v2\/users\/3"}],"replies":[{"embeddable":true,"href":"https:\/\/www.actualidadadiario.com\/index.php\/wp-json\/wp\/v2\/comments?post=108882"}],"version-history":[{"count":1,"href":"https:\/\/www.actualidadadiario.com\/index.php\/wp-json\/wp\/v2\/posts\/108882\/revisions"}],"predecessor-version":[{"id":108883,"href":"https:\/\/www.actualidadadiario.com\/index.php\/wp-json\/wp\/v2\/posts\/108882\/revisions\/108883"}],"wp:featuredmedia":[{"embeddable":true,"href":"https:\/\/www.actualidadadiario.com\/index.php\/wp-json\/wp\/v2\/media\/88298"}],"wp:attachment":[{"href":"https:\/\/www.actualidadadiario.com\/index.php\/wp-json\/wp\/v2\/media?parent=108882"}],"wp:term":[{"taxonomy":"category","embeddable":true,"href":"https:\/\/www.actualidadadiario.com\/index.php\/wp-json\/wp\/v2\/categories?post=108882"},{"taxonomy":"post_tag","embeddable":true,"href":"https:\/\/www.actualidadadiario.com\/index.php\/wp-json\/wp\/v2\/tags?post=108882"}],"curies":[{"name":"wp","href":"https:\/\/api.w.org\/{rel}","templated":true}]}}