{"id":10888,"date":"2017-05-03T09:05:27","date_gmt":"2017-05-03T12:05:27","guid":{"rendered":"http:\/\/actualidadadiario.com\/site\/?p=10888"},"modified":"2017-05-03T09:05:27","modified_gmt":"2017-05-03T12:05:27","slug":"se-prorrogo-por-30-dias-el-convenio-entre-el-iosper-y-la-federacion-medica","status":"publish","type":"post","link":"https:\/\/www.actualidadadiario.com\/index.php\/2017\/05\/03\/se-prorrogo-por-30-dias-el-convenio-entre-el-iosper-y-la-federacion-medica\/","title":{"rendered":"Se prorrog\u00f3 por 30 d\u00edas el convenio entre el Iosper y la Federaci\u00f3n M\u00e9dica"},"content":{"rendered":"<p><em><strong>Lo inform\u00f3 el presidente de la obra social, Fernando Ca\u00f1ete, quien dijo que durante este per\u00edodo de tiempo continuar\u00e1n las negociaciones entre las partes<\/strong><\/em><\/p>\n<p>&nbsp;<\/p>\n<p>&nbsp;<\/p>\n<p>&nbsp;<\/p>\n<p>El mi\u00e9rcoles pasado la Federaci\u00f3n M\u00e9dica de Entre R\u00edos hab\u00eda resuelto proponerle al Iosper que el convenio -que venci\u00f3 el domingo- se prorrogue por 15 d\u00edas para tratar de acercar posiciones. Al respecto, el Presidente del Directorio del Iosper, dijo: &#8220;Firmamos una pr\u00f3rroga del convenio, pero por 30 d\u00edas&#8221;.<\/p>\n<p>&nbsp;<\/p>\n<p>&#8220;La idea es que durante este plazo las partes contin\u00faen reuni\u00e9ndose para tratar de arribar a un acuerdo&#8221;, se\u00f1al\u00f3 Ca\u00f1ete, al tiempo que manifest\u00f3 que &#8220;hay cuatro o cinco cuestiones para abordar con la Femer&#8221;, entre las que mencion\u00f3 &#8220;la fecha de pago y la discusi\u00f3n en torno a los honorarios&#8221;.<\/p>\n<p>&nbsp;<\/p>\n<p>Tambi\u00e9n el de los nomencladores, que es la forma de facturar que tiene la Femer.<\/p>\n<p>&nbsp;<\/p>\n<p>Cabe destacar el tema arancelario &#8220;est\u00e1 cerrado desde marzo&#8221;, cuando el Iosper autoriz\u00f3 a la Federaci\u00f3n M\u00e9dica un 15 por ciento de aumento en los valores de las prestaciones (ordenes de consulta, pr\u00e1cticas y honorarios de segundo nivel) y se acord\u00f3 la suba del coseguro a 90 pesos.<\/p>\n","protected":false},"excerpt":{"rendered":"<p>Lo inform\u00f3 el presidente de la obra social, Fernando Ca\u00f1ete, quien dijo que durante este per\u00edodo de tiempo continuar\u00e1n las negociaciones entre las partes &nbsp; &nbsp; &nbsp; El mi\u00e9rcoles pasado la Federaci\u00f3n M\u00e9dica de Entre R\u00edos hab\u00eda resuelto proponerle al Iosper que el convenio -que venci\u00f3 el domingo- se prorrogue por 15 d\u00edas para tratar de acercar posiciones. Al respecto, el Presidente del Directorio del Iosper, dijo: &#8220;Firmamos una pr\u00f3rroga del convenio, pero por 30 d\u00edas&#8221;. &nbsp; &#8220;La idea es que durante este plazo las partes contin\u00faen reuni\u00e9ndose para tratar&#8230;<\/p>\n","protected":false},"author":3,"featured_media":10889,"comment_status":"closed","ping_status":"closed","sticky":false,"template":"","format":"standard","meta":[],"categories":[15],"tags":[],"_links":{"self":[{"href":"https:\/\/www.actualidadadiario.com\/index.php\/wp-json\/wp\/v2\/posts\/10888"}],"collection":[{"href":"https:\/\/www.actualidadadiario.com\/index.php\/wp-json\/wp\/v2\/posts"}],"about":[{"href":"https:\/\/www.actualidadadiario.com\/index.php\/wp-json\/wp\/v2\/types\/post"}],"author":[{"embeddable":true,"href":"https:\/\/www.actualidadadiario.com\/index.php\/wp-json\/wp\/v2\/users\/3"}],"replies":[{"embeddable":true,"href":"https:\/\/www.actualidadadiario.com\/index.php\/wp-json\/wp\/v2\/comments?post=10888"}],"version-history":[{"count":1,"href":"https:\/\/www.actualidadadiario.com\/index.php\/wp-json\/wp\/v2\/posts\/10888\/revisions"}],"predecessor-version":[{"id":10890,"href":"https:\/\/www.actualidadadiario.com\/index.php\/wp-json\/wp\/v2\/posts\/10888\/revisions\/10890"}],"wp:featuredmedia":[{"embeddable":true,"href":"https:\/\/www.actualidadadiario.com\/index.php\/wp-json\/wp\/v2\/media\/10889"}],"wp:attachment":[{"href":"https:\/\/www.actualidadadiario.com\/index.php\/wp-json\/wp\/v2\/media?parent=10888"}],"wp:term":[{"taxonomy":"category","embeddable":true,"href":"https:\/\/www.actualidadadiario.com\/index.php\/wp-json\/wp\/v2\/categories?post=10888"},{"taxonomy":"post_tag","embeddable":true,"href":"https:\/\/www.actualidadadiario.com\/index.php\/wp-json\/wp\/v2\/tags?post=10888"}],"curies":[{"name":"wp","href":"https:\/\/api.w.org\/{rel}","templated":true}]}}