{"id":108879,"date":"2023-10-02T13:15:43","date_gmt":"2023-10-02T16:15:43","guid":{"rendered":"https:\/\/www.actualidadadiario.com\/?p=108879"},"modified":"2023-10-02T14:49:39","modified_gmt":"2023-10-02T17:49:39","slug":"carlotto-sobre-los-dichos-de-milei-respecto-a-cifra-de-desaparecidos-ofende-de-una-manera-brutal","status":"publish","type":"post","link":"https:\/\/www.actualidadadiario.com\/index.php\/2023\/10\/02\/carlotto-sobre-los-dichos-de-milei-respecto-a-cifra-de-desaparecidos-ofende-de-una-manera-brutal\/","title":{"rendered":"Carlotto, sobre los dichos de Milei respecto a cifra de desaparecidos: \u00abOfende de una manera brutal\u00bb"},"content":{"rendered":"<p style=\"text-align: center;\"><em><strong>La titular de Abuelas de Plaza de Mayo agreg\u00f3 que &#8220;el pueblo tiene que despertar; aunque pensemos distinto en algunas cosas, preguntarse si todos queremos que el mentiroso sea presidente&#8221;<\/strong><\/em><\/p>\n<p>&nbsp;<\/p>\n<p>&nbsp;<\/p>\n<p>La titular de Abuelas de Plaza de Mayo, Estela de Carlotto, fustig\u00f3 este lunes al candidato a presidente de La Libertad Avanza (LLA), Javier Milei, por haber manifestado anoche durante el debate electoral que \u00abno son 30.000 los desaparecidos\u00bb de la \u00faltima dictadura militar sino \u00ab8.753\u00bb, y afirm\u00f3 que con este tipo de declaraciones el liberal \u00abofende de una manera brutal\u00bb.<\/p>\n<p>\u00abEl pueblo tiene que despertar; aunque pensemos distinto en algunas cosas, preguntarse si todos queremos que el mentiroso sea presidente. El que mancha la historia de nuestro pa\u00eds no tiene que ser presidente, ese no puede ser\u00bb, dijo Carlotto, en declaraciones a Radio Provincia, sobre la postura manifestada por Milei en el debate de candidatos presidenciales que se realiz\u00f3 ayer, donde neg\u00f3 que la cifra de desaparecidos por la \u00faltima dictadura sea de 30.000.<\/p>\n<p>\u00abNo se puede negar ni desvirtuar lo que ya est\u00e1 escrito y aceptado por el mundo entero. Dicen \u2018no son 30 mil\u2019. Ha dado una cifra num\u00e9rica exacta como si supiera los nombres de los que son, esta mentira permanente, si bien su comportamiento fue respetuoso en cuanto a su voz, todo lo dem\u00e1s fue vergonzoso\u00bb, expres\u00f3 la titular de Abuelas de Plaza de Mayo al referirse al candidato de LLA. En el debate de ayer, Milei hab\u00eda cifrado el n\u00famero de desaparecidos en \u00ab8.753\u00bb.<\/p>\n<p>&nbsp;<\/p>\n<p><strong>Estela de Carlotto y el debate presidencial<\/strong><\/p>\n<p>Para la titular de las Abuelas, \u00abno es f\u00e1cil poder juzgar a estas personas que estuvieron ayer\u00bb en el debate\u00bb. \u00abCada uno defend\u00eda lo suyo, pero lo peor es cuando mienten, difaman y ofenden a nuestra lucha, que es muy dura y hemos dejado todo para que esto no vuelva a ocurrir en nuestro pa\u00eds\u00bb, asever\u00f3.<\/p>\n<p>\u00abOfende de una manera brutal a familias que hemos quedado sin nuestros hijos, y a las abuelas que tenemos un doble dolor. Buscamos a nuestros hijos y a sus hijitos nacidos en cautiverio. Saben muy bien el n\u00famero de estas cifras espantosas, mentir les encanta. Si mienten ahora, van a seguir mintiendo, si llegaran desgraciadamente a dirigir nuestra vida\u00bb, advirti\u00f3.<\/p>\n<p>En ese punto, destac\u00f3 que el candidato de Uni\u00f3n por la Patria (UxP), Sergio Massa, har\u00e1 \u00ablo que promete\u00bb en materia de cuidar el legado de \u00abMemoria, Verdad y Justicia\u00bb, y que por eso \u00abhay que ayudarlo\u00bb. La referente de Derechos Humanos se dirigi\u00f3 a los j\u00f3venes y subray\u00f3 que \u00abel derecho a votar es un derecho y una obligaci\u00f3n pero tambi\u00e9n es un acto hist\u00f3rico\u00bb, por lo que pidi\u00f3 que no se dejen llevar por \u00ablas formas\u00bb porque de qui\u00e9n gane depender\u00e1n \u00ablos destinos del pa\u00eds por cuatro a\u00f1os\u00bb.<\/p>\n<p>&nbsp;<\/p>\n<p><strong>Militancia negacionista de los libertarios<\/strong><\/p>\n<p>Cabe recordar que la candidata a vicepresidenta de LLA, Victoria Villarruel, actual diputada, mantiene estrechos v\u00ednculos con asociaciones negacionistas y defensoras de represores condenados. Incluso ha llegado a reivindicar la represi\u00f3n y el exterminio en el Congreso de la Naci\u00f3n.<\/p>\n<p>As\u00ed ocurri\u00f3 durante el \u00faltimo aniversario del golpe de estado, cuando Villarruel tom\u00f3 la palabra en el recinto y sobre el 24 de marzo expres\u00f3: \u201cQuiero brindar un homenaje a quienes en Argentina se les niega el derecho a la memoria cada 24 de marzo. Me refiero a las v\u00edctimas del terrorismo, es decir a cada argentino y extranjero que fue asesinado, secuestrado, herido, volada su casa con bombas por organizaciones armadas como Montoneros y el Ej\u00e9rcito Revolucionario del Pueblo\u201d.<\/p>\n<p>\u201c17.380 v\u00edctimas del terrorismo causaron estos grupos armados desde 1969 a 1979, pero no se los recuerda. Porque en Argentina los derechos humanos son selectivos y solo se le reconoce el derecho a la verdad, a la justicia y a la reparaci\u00f3n a algunos mientras a otros se les niega sistem\u00e1ticamente en democracia estos derechos\u201d, apunt\u00f3.<\/p>\n<p>En esa l\u00ednea, enumer\u00f3: \u201cQuiero recordar y homenajear a Juan Barrios, un ni\u00f1o de 3 a\u00f1os asesinado por Montoneros. Quiero dar homenaje a Cristina Viola y a su padre Humberto Viola, asesinados en democracia por el ERP. Quiero recordar a cada una de estas v\u00edctimas a las cuales en nombre del derecho a la memoria y de los derechos humanos se les han violado sus derechos humanos sistem\u00e1ticamente. Quiero rendir homenaje a Jos\u00e9 Ignacio Rucci, a quien ning\u00fan peronista de esta casa recuerda. Quiero rendir homenaje a Arturo Mor Roig, a quien ning\u00fan radical recuerda\u201d.<\/p>\n<p>En aquel momento, como ocurri\u00f3 este domingo en el debate presidencial, la \u00fanica voz que se alz\u00f3 para responderle a Villarruel fue Myriam Bregman, tambi\u00e9n diputada y hoy candidata a presidenta por el Frente de Izquierda.<\/p>\n","protected":false},"excerpt":{"rendered":"<p>La titular de Abuelas de Plaza de Mayo agreg\u00f3 que &#8220;el pueblo tiene que despertar; aunque pensemos distinto en algunas cosas, preguntarse si todos queremos que el mentiroso sea presidente&#8221; &nbsp; &nbsp; La titular de Abuelas de Plaza de Mayo, Estela de Carlotto, fustig\u00f3 este lunes al candidato a presidente de La Libertad Avanza (LLA), Javier Milei, por haber manifestado anoche durante el debate electoral que \u00abno son 30.000 los desaparecidos\u00bb de la \u00faltima dictadura militar sino \u00ab8.753\u00bb, y afirm\u00f3 que con este tipo de declaraciones el liberal \u00abofende de&#8230;<\/p>\n","protected":false},"author":3,"featured_media":108880,"comment_status":"closed","ping_status":"closed","sticky":false,"template":"","format":"standard","meta":[],"categories":[18],"tags":[],"_links":{"self":[{"href":"https:\/\/www.actualidadadiario.com\/index.php\/wp-json\/wp\/v2\/posts\/108879"}],"collection":[{"href":"https:\/\/www.actualidadadiario.com\/index.php\/wp-json\/wp\/v2\/posts"}],"about":[{"href":"https:\/\/www.actualidadadiario.com\/index.php\/wp-json\/wp\/v2\/types\/post"}],"author":[{"embeddable":true,"href":"https:\/\/www.actualidadadiario.com\/index.php\/wp-json\/wp\/v2\/users\/3"}],"replies":[{"embeddable":true,"href":"https:\/\/www.actualidadadiario.com\/index.php\/wp-json\/wp\/v2\/comments?post=108879"}],"version-history":[{"count":1,"href":"https:\/\/www.actualidadadiario.com\/index.php\/wp-json\/wp\/v2\/posts\/108879\/revisions"}],"predecessor-version":[{"id":108881,"href":"https:\/\/www.actualidadadiario.com\/index.php\/wp-json\/wp\/v2\/posts\/108879\/revisions\/108881"}],"wp:featuredmedia":[{"embeddable":true,"href":"https:\/\/www.actualidadadiario.com\/index.php\/wp-json\/wp\/v2\/media\/108880"}],"wp:attachment":[{"href":"https:\/\/www.actualidadadiario.com\/index.php\/wp-json\/wp\/v2\/media?parent=108879"}],"wp:term":[{"taxonomy":"category","embeddable":true,"href":"https:\/\/www.actualidadadiario.com\/index.php\/wp-json\/wp\/v2\/categories?post=108879"},{"taxonomy":"post_tag","embeddable":true,"href":"https:\/\/www.actualidadadiario.com\/index.php\/wp-json\/wp\/v2\/tags?post=108879"}],"curies":[{"name":"wp","href":"https:\/\/api.w.org\/{rel}","templated":true}]}}