{"id":108877,"date":"2023-10-02T14:20:39","date_gmt":"2023-10-02T17:20:39","guid":{"rendered":"https:\/\/www.actualidadadiario.com\/?p=108877"},"modified":"2023-10-02T15:29:13","modified_gmt":"2023-10-02T18:29:13","slug":"retoman-el-proceso-de-juicio-politico-a-la-corte-suprema","status":"publish","type":"post","link":"https:\/\/www.actualidadadiario.com\/index.php\/2023\/10\/02\/retoman-el-proceso-de-juicio-politico-a-la-corte-suprema\/","title":{"rendered":"Retoman el proceso de juicio pol\u00edtico a la Corte Suprema"},"content":{"rendered":"<p style=\"text-align: center;\"><em><strong>Los legisladores analizar\u00e1n en comisi\u00f3n expedientes relacionados con supuesto &#8220;abuso de poder&#8221; por parte del ministro Carlos Rosenkrantz por no haberse excusado de intervenir en causas en las que estaban involucrados exclientes de su estudio particular<\/strong><\/em><\/p>\n<p>&nbsp;<\/p>\n<p>&nbsp;<\/p>\n<p>La Comisi\u00f3n de Juicio Pol\u00edtico de la C\u00e1mara de Diputados retomar\u00e1 el martes el proceso de juicio pol\u00edtico a los cuatro integrantes de la Corte Suprema de Justicia con el an\u00e1lisis de expedientes relacionados con supuesto &#8220;abuso de poder&#8221; por parte del ministro Carlos Rosenkrantz por no haberse excusado de intervenir en causas en las que estaban involucrados exclientes de su estudio particular.<\/p>\n<p>La comisi\u00f3n, que preside Carolina Gaillard, del Frente de Todos (FdT), se reunir\u00e1 desde las 13 en el edificio anexo de la C\u00e1mara baja y contar\u00e1 con la presencia invitados que expondr\u00e1n sobre los expedientes que se enfocan en ese supuesto accionar de Rosenkrantz.<\/p>\n<p>A la reuni\u00f3n fueron convocados el periodista Ari Lijalad, por su nota titulada &#8220;Rosenkrantz en 25 fallos que involucran a sus exclientes&#8221;, publicada el 16 de junio de 2022 en el portal El Destape, y su colega Juan Alonso, por la nota &#8220;Gil Lavedra y Rosenkrantz tienen fe&#8221;, publicada el 26 de marzo de este a\u00f1o en el sitio El Cohete a la Luna.<\/p>\n<p>Tambi\u00e9n, expondr\u00e1n Gustavo Naveira de Casanova, secretario letrado de la Secretar\u00eda Judicial N\u00b0 7 en lo Tributario, Aduanero y Bancario de la Corte Suprema, y Maximiliano Rusconi, abogado de Tabacalera Sarand\u00ed en la causa Tabacalera Sarand\u00ed SA contra AFIP-DGI\/Proceso de conocimiento.<\/p>\n<p>Asimismo, fue invitado Roberto Saggese, de la vocal\u00eda del presidente de la Corte, Horacio Rosatti, y quien no asisti\u00f3 a la convocatoria que se le realiz\u00f3 para la \u00faltima reuni\u00f3n, en la cual deb\u00eda explicar sobre el expediente relacionado al fallo relacionado con la conformaci\u00f3n del Consejo de la Magistratura.<\/p>\n<p>Esta pr\u00f3xima reuni\u00f3n ser\u00e1 la vigesimotercera desde que se iniciara el proceso, el pasado 26 de enero.<\/p>\n","protected":false},"excerpt":{"rendered":"<p>Los legisladores analizar\u00e1n en comisi\u00f3n expedientes relacionados con supuesto &#8220;abuso de poder&#8221; por parte del ministro Carlos Rosenkrantz por no haberse excusado de intervenir en causas en las que estaban involucrados exclientes de su estudio particular &nbsp; &nbsp; La Comisi\u00f3n de Juicio Pol\u00edtico de la C\u00e1mara de Diputados retomar\u00e1 el martes el proceso de juicio pol\u00edtico a los cuatro integrantes de la Corte Suprema de Justicia con el an\u00e1lisis de expedientes relacionados con supuesto &#8220;abuso de poder&#8221; por parte del ministro Carlos Rosenkrantz por no haberse excusado de intervenir en&#8230;<\/p>\n","protected":false},"author":3,"featured_media":107021,"comment_status":"closed","ping_status":"closed","sticky":false,"template":"","format":"standard","meta":[],"categories":[18],"tags":[],"_links":{"self":[{"href":"https:\/\/www.actualidadadiario.com\/index.php\/wp-json\/wp\/v2\/posts\/108877"}],"collection":[{"href":"https:\/\/www.actualidadadiario.com\/index.php\/wp-json\/wp\/v2\/posts"}],"about":[{"href":"https:\/\/www.actualidadadiario.com\/index.php\/wp-json\/wp\/v2\/types\/post"}],"author":[{"embeddable":true,"href":"https:\/\/www.actualidadadiario.com\/index.php\/wp-json\/wp\/v2\/users\/3"}],"replies":[{"embeddable":true,"href":"https:\/\/www.actualidadadiario.com\/index.php\/wp-json\/wp\/v2\/comments?post=108877"}],"version-history":[{"count":1,"href":"https:\/\/www.actualidadadiario.com\/index.php\/wp-json\/wp\/v2\/posts\/108877\/revisions"}],"predecessor-version":[{"id":108878,"href":"https:\/\/www.actualidadadiario.com\/index.php\/wp-json\/wp\/v2\/posts\/108877\/revisions\/108878"}],"wp:featuredmedia":[{"embeddable":true,"href":"https:\/\/www.actualidadadiario.com\/index.php\/wp-json\/wp\/v2\/media\/107021"}],"wp:attachment":[{"href":"https:\/\/www.actualidadadiario.com\/index.php\/wp-json\/wp\/v2\/media?parent=108877"}],"wp:term":[{"taxonomy":"category","embeddable":true,"href":"https:\/\/www.actualidadadiario.com\/index.php\/wp-json\/wp\/v2\/categories?post=108877"},{"taxonomy":"post_tag","embeddable":true,"href":"https:\/\/www.actualidadadiario.com\/index.php\/wp-json\/wp\/v2\/tags?post=108877"}],"curies":[{"name":"wp","href":"https:\/\/api.w.org\/{rel}","templated":true}]}}