{"id":108861,"date":"2023-10-02T13:45:15","date_gmt":"2023-10-02T16:45:15","guid":{"rendered":"https:\/\/www.actualidadadiario.com\/?p=108861"},"modified":"2023-10-02T13:45:15","modified_gmt":"2023-10-02T16:45:15","slug":"los-cruces-que-dejo-el-debate-presidencial-2023","status":"publish","type":"post","link":"https:\/\/www.actualidadadiario.com\/index.php\/2023\/10\/02\/los-cruces-que-dejo-el-debate-presidencial-2023\/","title":{"rendered":"Los cruces que dej\u00f3 el debate presidencial 2023"},"content":{"rendered":"<p style=\"text-align: center;\"><em><strong>Qu\u00e9 pas\u00f3 con el debate presidencial. Los candidatos tuvieron la oportunidad de preguntar cara a cara a sus pares. Los cruces m\u00e1s picantes<\/strong><\/em><\/p>\n<p>&nbsp;<\/p>\n<p>&nbsp;<\/p>\n<p>Este domingo 1 de octubre los candidatos a presidente de la Naci\u00f3n participaron del primer debate presidencial, a tres semanas de las elecciones generales del 22. Se abordaron tres ejes tem\u00e1ticos centrales: &#8220;Econom\u00eda&#8221;, &#8220;Educaci\u00f3n&#8221; y &#8220;Derechos Humanos y Convivencia Democr\u00e1tica&#8221;.<\/p>\n<p>Este primer cap\u00edtulo del debate fue coordinado por la Universidad Nacional de Santiago del Estero. Las primeras dos tem\u00e1ticas fueron acordadas entre los postulantes, mientras que el \u00faltimo lo eligi\u00f3 el voto de la ciudadan\u00eda, mediante una p\u00e1gina web que dispuso la C\u00e1mara Nacional Electoral (CNE).<\/p>\n<p>Los candidatos Sergio Massa (Uni\u00f3n por la Patria); Javier Milei (La Libertad Avanza); Patricia Bullrich (Juntos por el Cambio); Juan Schiaretti (Hacemos por Nuestro Pa\u00eds) y Myriam Bregman (Frente de Izquierda y Trabajadores-Unidad) formaron parte del debate obligatorio que dispone la ley 27.337.<\/p>\n<p>El segundo debate se llevar\u00e1 a cabo el pr\u00f3ximo domingo 8 de octubre, en la Facultad de Derecho de la Universidad Nacional de Buenos Aires (UBA). All\u00ed, se discutir\u00e1n los siguientes ejes: &#8220;Seguridad&#8221;, &#8220;Trabajo y producci\u00f3n&#8221; y &#8220;Desarrollo Humano, Vivienda y Protecci\u00f3n del Ambiente&#8221;.<\/p>\n<p>Si bien no hay &#8220;ganador&#8221; en el debate presidencial, los candidatos protagonizaron las frases m\u00e1s notables ya sea por la aceptaci\u00f3n del p\u00fablico en la tem\u00e1tica a debatir o la rapidez en sus intervenciones.<\/p>\n<p>&nbsp;<\/p>\n<p><strong>Primer eje: Econom\u00eda<\/strong><\/p>\n<ul>\n<li><strong>Javier Milei:<\/strong><\/li>\n<\/ul>\n<p>El primero en dar su visi\u00f3n sobre la econom\u00eda fue Javier Milei. &#8220;Por culpa de esta maldita casta pol\u00edtica, si seguimos as\u00ed en 50 a\u00f1os vamos a ser la villa miseria m\u00e1s grande del mundo&#8221;, expres\u00f3, y propuso &#8220;hacer una reforma del Estado, bajar dr\u00e1sticamente el gasto p\u00fablico, simplificar el sistema tributario, desregular la econom\u00eda, privatizaciones para sacarnos las nefastas empresas del Estado de encima y cerrar el Banco Central (BCRA)&#8221;.<\/p>\n<p>As\u00ed, &#8220;en 15 a\u00f1os podr\u00eda estar alcanzando niveles de vida similares a los de Italia o Francia&#8221;, dijo, y &#8220;si me dan 20, Alemania. Si me dan 30, Estados Unidos&#8221;, agreg\u00f3.<\/p>\n<p>Patricia Bullrich respondi\u00f3 que sin BCRA, Argentina va a ser un para\u00edso fiscal y atac\u00f3 la propuesta de dolarizaci\u00f3n. &#8220;Sin d\u00f3lares no se puede dolarizar&#8221;.<\/p>\n<p>&nbsp;<\/p>\n<ul>\n<li><strong>Sergio Massa:<\/strong><\/li>\n<\/ul>\n<p>Por su parte, el ministro de Econom\u00eda y candidato presidencial pidi\u00f3 disculpas: &#8220;Tengo claro que los errores de este Gobierno lastimaron a la gente y por eso pido disculpas&#8221;, expres\u00f3 y propuso &#8220;poner en marcha la moneda digital argentina&#8221;.<\/p>\n<p>&#8220;As\u00ed como tus hijos plantean en su econom\u00eda de plataformas la posibilidad de comercializar con su celular o tarjeta, lo vamos a hacer de manera global para toda la Argentina, acompa\u00f1ada de una ley de blanqueo que nos permita que aquellos que tienen dinero en el exterior lo puedan traer y usar libremente sin nuevos impuestos&#8221;, expuso.<\/p>\n<p>Adem\u00e1s, propuso bajar impuestos: &#8220;Vamos a un sistema tributario mucho m\u00e1s progresivo, vamos a seguir bajando el IVA a todos los trabajadores argentinos, vamos a seguir bajando impuestos como Ganancias y vamos a poner sobre la mesa cu\u00e1les son los beneficios de las empresas que te roban casi 4,5 del PBI con la protecci\u00f3n de algunos sectores de la pol\u00edtica argentina&#8221;.<\/p>\n<p>&#8220;En paralelo, vamos a subir las penas de lo que es la penal cambiaria y tributaria: c\u00e1rcel a evasores y a los que fugan, para los que paguen impuestos no sean los tontos de la pel\u00edcula&#8221;, agreg\u00f3.<\/p>\n<p>En respuesta, Bullrich cuestion\u00f3: &#8220;Explicale a los argentinos c\u00f3mo siendo el peor ministro de Econom\u00eda pod\u00e9s ser un buen presidente&#8221; y lo acus\u00f3 de c\u00ednico por pretender eso. A su vez, apunt\u00f3 contra su propuesta impositiva: &#8220;Aumentaste 40 impuestos, primero siendo presidente de la C\u00e1mara de Diputados, \u00bfy despu\u00e9s quer\u00e9s hacer una ley penal? Ya tenes el primero, llev\u00e1telo a Isaurralde&#8221;, expres\u00f3.<\/p>\n<p>Adem\u00e1s, Bregman lo atac\u00f3 por continuar el acuerdo con el Fondo Monetario Internacional (FMI), lo cual &#8220;llev\u00f3 a una inflaci\u00f3n del 12% mensual&#8221;. Adem\u00e1s, dijo que &#8220;el presupuesto que mand\u00f3 para el a\u00f1o que viene ya lo at\u00f3 al FMI, Massa ya afirm\u00f3 que vamos a ser todos un poco m\u00e1s pobres&#8221;.<\/p>\n<p>&nbsp;<\/p>\n<ul>\n<li><strong>Patricia Bullrich:<\/strong><\/li>\n<\/ul>\n<p>En su discurso, la candidata del PRO dijo que con Carlos Melconian, su eventual ministro de Econom\u00eda, junto con &#8220;la decisi\u00f3n pol\u00edtica, el temperamento y el coraje para hacer los cambios que la Argentina necesita&#8221;, va a &#8220;eliminar la inflaci\u00f3n&#8221;.<\/p>\n<p>&#8220;Crecer y exportar es lo que te beneficia si no ten\u00e9s inflaci\u00f3n&#8221;, agreg\u00f3. &#8220;Ten\u00e9s menos posibilidades de cerrar empresas, ten\u00e9s m\u00e1s posibilidades de generar empleo, de lograr un pa\u00eds competitivo&#8221;.<\/p>\n<p>El primero que le respondi\u00f3 fue el l\u00edder libertario: &#8220;Usted dice que va a bajar la inflaci\u00f3n, que tiene un plan, pero no esboz\u00f3 ninguna medida para bajar la inflaci\u00f3n&#8221;, expres\u00f3, y dijo que los economistas de su equipo son &#8220;chantas&#8221;.<\/p>\n<p>&nbsp;<\/p>\n<ul>\n<li><strong>Juan Schiaretti:<\/strong><\/li>\n<\/ul>\n<p>&#8220;Los dos \u00faltimos Gobiernos destruyeron la econom\u00eda nacional&#8221;, expres\u00f3 el candidato cordob\u00e9s. &#8220;El hilo conductor de toda la inflaci\u00f3n en la Argentina fue siempre el d\u00e9ficit fiscal, y lo digo yo que en C\u00f3rdoba no tenemos d\u00e9ficit fiscal&#8221;,, agreg\u00f3.<\/p>\n<p>A su vez, dijo que no hace falta hacer &#8220;un ajuste salvaje&#8221; para acabar con el d\u00e9ficit fiscal y que, en su lugar, hay que tomar las medidas adecuadas e independizar el Banco Central.<\/p>\n<p>&#8220;Argentina necesita, para ser un pa\u00eds normal, tanto mercado como sea posible y tanto Estado como sea necesario&#8221;, dijo.<\/p>\n<p>&nbsp;<\/p>\n<ul>\n<li><strong>Myriam Bregman:<\/strong><\/li>\n<\/ul>\n<p>La candidata del Frente de Izquierda dedic\u00f3 su discurso especialmente al FMI: &#8220;Despu\u00e9s de escuchar tanto peloteo sobre parcialidades es bueno recordar la historia: en el &#8217;89 sufrimos una hiperinflaci\u00f3n por hacer lo que dec\u00eda el FMI, en el 2001 el pa\u00eds fue a la quiebra por hacer lo que dec\u00eda el FMI; en el 2018 Macri lo volvi\u00f3 a traer, pero este gobierno y Sergio Massa nos someti\u00f3 al FMI. Si llegamos al 60% de pobreza infantil no fue por enfrentar mucho al FMI, sino fue por seguir todas y cada una de sus recetas&#8221;, dijo.<\/p>\n<p>Tambi\u00e9n se refiri\u00f3 al nuevo escenario pol\u00edtico que dej\u00f3 Javier Milei: &#8220;Ahora aparece Milei, mostrando sus ideas como novedosas, pero ya las aplic\u00f3 Domingo Cavallo, otro gran empelado del FMI, y fueron un desastre&#8221;, apunt\u00f3.<\/p>\n<p>&nbsp;<\/p>\n<p><strong>Segundo eje: Educaci\u00f3n<\/strong><\/p>\n<ul>\n<li><strong>Myriam Bregman:<\/strong><\/li>\n<\/ul>\n<p>&#8220;Si la educaci\u00f3n sigue en pie es gracias al esfuerzo cotidiano de la docencia, donde la mayor\u00eda son mujeres, y son ellas las que se hacen cargo de los problemas que los pibes y las pibas llevan al aula todos los d\u00edas&#8221;, expres\u00f3 la candidata de izquierda.<\/p>\n<p>Apunt\u00f3 contra la derecha opositora y dijo: &#8220;Bullrich y Macri fundieron la educaci\u00f3n p\u00fablica. Milei viene con la idea del voucher&#8230; Vayan a chile y vean c\u00f3mo result\u00f3, aument\u00f3 la desigualdad educativa&#8221;.<\/p>\n<p>Adem\u00e1s, dijo que la educaci\u00f3n &#8220;no puede ser un negocio&#8221; y se comprometi\u00f3 a asegurar que la Educaci\u00f3n Sexual Integral (ESI) sea obligatoria &#8220;porque sirvi\u00f3 para identificar numerosos casos de abusos&#8221;.<\/p>\n<p>&nbsp;<\/p>\n<ul>\n<li><strong>Javier Milei:<\/strong><\/li>\n<\/ul>\n<p>Por su parte, el candidato liberal expuso el problema de la Argentina: &#8220;El 13% de los chicos no termina el colegio en tiempo y forma, el 50% de los chicos no entiende un texto que va a leer, el 70% no puede resolver un problema de matem\u00e1tica b\u00e1sico. Eso agravado en una situaci\u00f3n donde el 60% de los chicos son pobres&#8221;, describi\u00f3.<\/p>\n<p>En esa l\u00ednea, plante\u00f3 una &#8220;propuesta revolucionaria&#8221; que implica el concepto de Capital Humano, nombre que en su eventual Gobierno reemplazar\u00eda el ministerio de Educaci\u00f3n, en conjunto con las \u00e1reas de Salud y Trabajo.<\/p>\n<p>&#8220;Estamos planteando modificar la forma en que se da la asistencia en la Argentina. Se acab\u00f3 esto de la asistencia esclavizante de darles el pescado. Nosotros les vamos a ense\u00f1ar a pescar&#8221;, agreg\u00f3.<\/p>\n<p>Bullrich le respondi\u00f3 a Milei y dijo que &#8220;cuando las madres y los padres del pa\u00eds ped\u00edan a gritos abrir las escuelas, vos en los canales de televisi\u00f3n gritabas &#8216;que no se abran, nos vamos a contagiar&#8217;. No te importa la educaci\u00f3n&#8221;.<\/p>\n<p>Adem\u00e1s, se refiri\u00f3 al sistema de vouchers (que Milei no mencion\u00f3 en el debate): &#8220;And\u00e1 con el voucher a la Puna, donde hay una escuela. No conc\u00e9s la Argentina. Plante\u00e1s un modelo que s\u00f3lo puede ser en Ciudad de Buenos Aires&#8221;, acus\u00f3.<\/p>\n<p>&nbsp;<\/p>\n<ul>\n<li><strong>Patricia Bullrich:<\/strong><\/li>\n<\/ul>\n<p>Por otro lado, Bullrich dijo que si Domingo Faustino Sarmiento escuchara a sus rivales y al Gobierno hablar sobre educaci\u00f3n &#8220;les pone un cero y los manda a marzo&#8221;.<\/p>\n<p>Adem\u00e1s, acus\u00f3 Sergio Massa de ser &#8220;aliado de los gremios&#8221; y prometi\u00f3 que si llega a ser presidenta &#8220;la historia de los paros y el adoctrinamiento se termina&#8221;.<\/p>\n<p>&nbsp;<\/p>\n<ul>\n<li><strong>Sergio Massa:<\/strong><\/li>\n<\/ul>\n<p>La educaci\u00f3n &#8220;tiene que ser p\u00fablica y gratuita, es el mejor remedio contra la pobreza que puede tener un pa\u00eds&#8221;, expres\u00f3 el ministro de Econom\u00eda y candidato presidencial oficialista. &#8220;Es el que permite que el hijo de un pe\u00f3n rural pueda so\u00f1ar con ser presidente&#8221;, agreg\u00f3.<\/p>\n<p>Dentro de sus propuestas, plante\u00f3 que la matem\u00e1tica, la rob\u00f3tica, la programaci\u00f3n y la inteligencia artificial sean materias obligatorias en 4to y 5to a\u00f1o; la duplicaci\u00f3n de las escuelas t\u00e9cnicas &#8220;para que nuestros pibes tengan salida laboral&#8221;; y ampliar la oferta universitaria, &#8220;no como ellos que te la quieren cobrar, sino gratuita, libre y de calidad&#8221;, expres\u00f3.<\/p>\n<p>Adem\u00e1s, dijo que como funcionario &#8220;mand\u00e9 al Congreso la ley que sube de 6 a 8 puntos del PBI la inversi\u00f3n m\u00ednima en educaci\u00f3n con varios objetivos. La construcci\u00f3n de 731 centros de desarrollo infantil y jardines de infante, con el objetivo de que la mam\u00e1 que va a trabajar deje a su hijo al cuidado y en un proceso educativo. Plan de alfabetizaci\u00f3n de 1 a 3 grado para que nuestros chicos aprendan a leer y se acostumbren a leer&#8221;.<\/p>\n<p>&nbsp;<\/p>\n<ul>\n<li><strong>Juan Schiaretti:<\/strong><\/li>\n<\/ul>\n<p>&#8220;Muchas de las cosas que est\u00e1n hablando aqu\u00ed, nosotros ya la tenemos en C\u00f3rdoba&#8221;, expres\u00f3 el candidato a presidente de la Naci\u00f3n. Al describir la educaci\u00f3n de la provincia, hizo hincapi\u00e9 en que &#8220;el salario inicial de maestra en C\u00f3rdoba es el m\u00e1s alto del pa\u00eds&#8221; y que &#8220;nadie pasa por decreto: el que no sabe, repite el a\u00f1o&#8221;.<\/p>\n<p>&#8220;La educaci\u00f3n promueve la movilidad social ascendente y debe ser una responsabilidad del Estado garantizar la educaci\u00f3n p\u00fablica y gratuita&#8221;, defini\u00f3.<\/p>\n<p>&nbsp;<\/p>\n<p><strong>Tercer eje: Derechos Humanos<\/strong><\/p>\n<ul>\n<li><strong>Patricia Bullrich:<\/strong><\/li>\n<\/ul>\n<p>La exministra de Seguridad dijo que aprendi\u00f3 que &#8220;la \u00fanica manera de hacer pol\u00edtica en serio es en paz y convivencia&#8221; y se refiri\u00f3 a las acusaciones del sector libertario sobre haber formado parte de la organizaci\u00f3n guerrillera de Montoneros, en los a\u00f1os &#8217;70.<\/p>\n<p>&#8220;Todo el d\u00eda est\u00e1n dici\u00e9ndome que us\u00e9 la violencia, y yo no la us\u00e9&#8221;, expres\u00f3. Admiti\u00f3 haber formado parte de la Juventud Peronista, &#8220;siempre lo dije&#8221;, agreg\u00f3, pero que ahora &#8220;eleg\u00ed el camino del Estado de derecho&#8221;.<\/p>\n<p>Adem\u00e1s, se refiri\u00f3 a la \u00faltima dictadura militar y pidi\u00f3 que se reconozcan a las v\u00edctimas de guerrilleros e hizo \u00e9nfasis en su propuesta anti &#8211; piquetera: &#8220;Basta de piquetes&#8221;, exclam\u00f3, &#8220;basta de hacer la vida de la gente una convivencia imposible&#8221;.<\/p>\n<p>A las declaraciones de Bullrich, Bregman cuestion\u00f3: &#8220;\u00bfY Santiago Maldonado?&#8221;. Adem\u00e1s, asegur\u00f3 que &#8220;todas sus pol\u00edticas implican represi\u00f3n&#8221;. La candidata del PRO respondi\u00f3: &#8220;Santiago Maldonado fue a un juicio, y todos absueltos&#8221;, adem\u00e1s dijo que le mandaba un abrazo a todos los gendarmes que fueron absueltos.<\/p>\n<p>&nbsp;<\/p>\n<ul>\n<li><strong>Myriam Bregman:<\/strong><\/li>\n<\/ul>\n<p>Bregman dijo que le indigna y &#8220;no voy a naturalizar que vuelvan las ideas negacionistas&#8221;. Apunt\u00f3 contra el candidato de LLA: &#8220;Mucho menos que hablen de libertad aquellas personas que justifican los secuestros y los campos de concentraci\u00f3n de la dictadura&#8221;, expres\u00f3.<\/p>\n<p>Adem\u00e1s, remat\u00f3 contra Bullrich y expres\u00f3 que defienden &#8220;incondicionalmente el derecho a la propuesta&#8221; y llam\u00f3 a Patricia Bullrich como la &#8220;\u00b4Bullrich Luro Pueyrred\u00f3n\u00b4&#8221;. &#8220;Siempre que conseguimos un derecho es porque salimos a pelearlo&#8221;, argument\u00f3. Adem\u00e1s, asegur\u00f3 que &#8220;vamos a seguir condenando la represi\u00f3n al pueblo juje\u00f1o&#8221;.<\/p>\n<p>&nbsp;<\/p>\n<ul>\n<li><strong>Javier Milei:<\/strong><\/li>\n<\/ul>\n<p>El candidato libertario comenz\u00f3 su discurso reclamando que &#8220;a los liberales nos han acusado de cosas aberrantes. Fachos, nazis&#8230;&#8221;. En esa l\u00ednea, recit\u00f3 la definici\u00f3n de liberalismo: &#8220;Es el respeto irrestricto del proyecto de vida del pr\u00f3jimo, basado en el principio de no agresi\u00f3n y en defensa del derecho a la vida, la libertad y la propiedad&#8221;, y dijo que por eso no cabe lugar ese tipo de calificaciones.<\/p>\n<p>&#8220;Nosotros valoramos la decisi\u00f3n de memoria, verdad y justicia&#8221;, agreg\u00f3, en referencia a la \u00faltima dictadura militar. &#8220;Empecemos por la verdad, no fueron 30.000 los desaparecidos, fueron 8.753&#8221;. Adem\u00e1s, agreg\u00f3: &#8220;en los &#8217;70 hubo una guerra&#8221; donde tanto las fuerzas del estado como los &#8220;terroristas de montoneros&#8221; cometieron delitos de lesa humanidad.<\/p>\n<p>&#8220;No estamos de acuerdo con el curro de los derechos humanos&#8221;, concluy\u00f3 y apunt\u00f3 contra las Madres de Plaza de Mayo, que &#8220;utilizaron la ideolog\u00eda para ganar plata&#8221;.<\/p>\n<p>&nbsp;<\/p>\n<ul>\n<li><strong>Sergio Massa:<\/strong><\/li>\n<\/ul>\n<p>Primero, Massa agradeci\u00f3 a la gente por elegir la tem\u00e1tica de Derechos Humanos y dijo que hay un &#8220;desaf\u00edo a 40 a\u00f1os de democracia: cuidar el legado&#8221;. En esa l\u00ednea, dijo que por eso es necesario apelar a un gobierno de unidad nacional.<\/p>\n<p>&#8220;Nadie puede sorprenderse por ver en mi gobierno sindicalistas, empresarios, sectores liberales, radicales o del pro&#8221;, expres\u00f3. Seg\u00fan Massa, se requiere un &#8220;compromiso de toda la dirigencia argentina&#8221;.<\/p>\n<p>A esto, Javier Milei respondi\u00f3: &#8220;que no cuente con los liberales&#8221;.<\/p>\n<p>Asimismo, Bregman cuestion\u00f3 que Massa, en su spot de campa\u00f1a, &#8220;cuando habla de chorros y narcos pone la imagen de pibes con gorrita&#8221; y eso es una &#8220;estigmatizaci\u00f3n peligrosa&#8221;.<\/p>\n<p>&nbsp;<\/p>\n<ul>\n<li><strong>Juan Schiaretti:<\/strong><\/li>\n<\/ul>\n<p>El candidato presidencial de Hacemos por Nuestro Pa\u00eds, Juan Schiaretti, afirm\u00f3 esta noche que &#8220;los derechos humanos son un patrimonio de los argentinos y no pueden ser utilizados por un partido pol\u00edtico&#8221;.<\/p>\n<p>&#8220;Yo fui dirigente pol\u00edtico durante el &#8216;Cordobazo'&#8221;, la rebeli\u00f3n en esa provincia contra la dictadura de Juan Carlos Ongan\u00eda a fines de los &#8217;60 &#8220;y recuerdo que fui v\u00edctima de un atentado y me tuve que ir del pa\u00eds&#8221;, expres\u00f3. Adem\u00e1s, dijo que &#8220;me buscaban en la dictadura genocida&#8221; y que tiene &#8220;tiros en mi cuerpo&#8221;.<\/p>\n<p>&nbsp;<\/p>\n<p><strong>Los cruces m\u00e1s picantes<\/strong><\/p>\n<p>Adem\u00e1s de los discursos ideol\u00f3gicos y partidarios de cada candidato, la gracia del debate tambi\u00e9n tiene que ver con la rapidez de las respuestas entre los postulantes. Si bien el reglamento del debate no dio lugar a interrupciones, y los candidatos todos se mantuvieron moderados en el tono, no faltaron algunas frases picantes:<\/p>\n<ul>\n<li><strong>Bregman a Milei:<\/strong> &#8220;No es casta pero hace alianzas con Barrionuevo, no es casta pero le arma las listas a Massa, no es casta pero ya se mud\u00f3 a un barrio privado. No es un le\u00f3n, sino un gatito mimoso del poder econ\u00f3mico&#8221;.<\/li>\n<li><strong>Bregman a Milei:<\/strong> luego de que el candidato liberal diga que el comunismo asesin\u00f3, a lo largo de la historia, a m\u00e1s de 150 millones de personas, la candidata del Frente de Izquierda dijo que eso es falso y &#8220;no s\u00e9 si te lo dict\u00f3 Macri o el Rinc\u00f3n del Vago&#8221;.<\/li>\n<li><strong>Bregman a Massa:<\/strong> &#8220;Les dijo a los docentes que \u00b4se acab\u00f3 la joda\u00b4. \u00bfJoda? Joda es la de sus funcionarios que se van a un yate a Europa a tomar champ\u00e1n&#8221;, dijo en referencia al esc\u00e1ndalo de Mart\u00edn Isaurralde.<\/li>\n<li><strong>Milei a Bregman:<\/strong> &#8220;No sab\u00e9s lo que es entrar a una empresa&#8221;, chicane\u00f3 mientras expon\u00eda un ejemplo de igualdad de g\u00e9nero en el \u00e1mbito laboral.<\/li>\n<li><strong>Massa a Bullrich:<\/strong> le agradeci\u00f3, ir\u00f3nicamente, por haberle dado la \u201csatisfacci\u00f3n m\u00e1s grande de devolver a los jubilados el 13% que ella les descont\u00f3\u201d, durante su participaci\u00f3n en el gobierno de Fernando de la R\u00faa.<\/li>\n<li><strong>Bullrich a Massa:<\/strong> &#8220;Explicale a los argentinos c\u00f3mo, siendo el peor ministro de Econom\u00eda, puede ser un buen presidente&#8221;, cuestion\u00f3.<\/li>\n<li><strong>Milei a Massa:<\/strong> Le pidi\u00f3 que explique &#8220;c\u00f3mo va a evitar la hiperinflaci\u00f3n, en vez de contar un cuento de hadas&#8221;.<\/li>\n<li><strong>Schiaretti a Massa:<\/strong> &#8220;\u00bfA ustedes les mejor\u00f3 la vida desde que Massa es ministro de Econom\u00eda?&#8221;<\/li>\n<li><strong>Bullrich a Massa:<\/strong> &#8220;Es f\u00e1cil presentar un presupuesto donde dec\u00eds qu\u00e9 es lo que vas a gastar y despu\u00e9s present\u00e1s una listita y le dec\u00eds a los diputados: a ver, pongan con un l\u00e1piz qu\u00e9 quieren tachar. La responsabilidad es del ministro de Econom\u00eda, no de los diputados. Eso es no hacerse cargo&#8221;.<\/li>\n<li><strong>Massa a Bullrich:<\/strong> &#8220;Quiero preguntar si, hace como dos a\u00f1os, o como dos a\u00f1os despu\u00e9s de que asumieron el gobierno, a mitad de camino lo van a echar a Melconian como lo echaron del Banco Naci\u00f3n. Lo segundo: la decisi\u00f3n del desdoblamiento que proponen con el bimonetarismo est\u00e1 copiado del modelo de Venezuela o el de Cuba, que son los dos pa\u00edses que hoy tienen ese sistema.&#8221;<\/li>\n<\/ul>\n","protected":false},"excerpt":{"rendered":"<p>Qu\u00e9 pas\u00f3 con el debate presidencial. Los candidatos tuvieron la oportunidad de preguntar cara a cara a sus pares. Los cruces m\u00e1s picantes &nbsp; &nbsp; Este domingo 1 de octubre los candidatos a presidente de la Naci\u00f3n participaron del primer debate presidencial, a tres semanas de las elecciones generales del 22. Se abordaron tres ejes tem\u00e1ticos centrales: &#8220;Econom\u00eda&#8221;, &#8220;Educaci\u00f3n&#8221; y &#8220;Derechos Humanos y Convivencia Democr\u00e1tica&#8221;. Este primer cap\u00edtulo del debate fue coordinado por la Universidad Nacional de Santiago del Estero. Las primeras dos tem\u00e1ticas fueron acordadas entre los postulantes, mientras&#8230;<\/p>\n","protected":false},"author":3,"featured_media":108862,"comment_status":"closed","ping_status":"closed","sticky":false,"template":"","format":"standard","meta":[],"categories":[9],"tags":[],"_links":{"self":[{"href":"https:\/\/www.actualidadadiario.com\/index.php\/wp-json\/wp\/v2\/posts\/108861"}],"collection":[{"href":"https:\/\/www.actualidadadiario.com\/index.php\/wp-json\/wp\/v2\/posts"}],"about":[{"href":"https:\/\/www.actualidadadiario.com\/index.php\/wp-json\/wp\/v2\/types\/post"}],"author":[{"embeddable":true,"href":"https:\/\/www.actualidadadiario.com\/index.php\/wp-json\/wp\/v2\/users\/3"}],"replies":[{"embeddable":true,"href":"https:\/\/www.actualidadadiario.com\/index.php\/wp-json\/wp\/v2\/comments?post=108861"}],"version-history":[{"count":1,"href":"https:\/\/www.actualidadadiario.com\/index.php\/wp-json\/wp\/v2\/posts\/108861\/revisions"}],"predecessor-version":[{"id":108863,"href":"https:\/\/www.actualidadadiario.com\/index.php\/wp-json\/wp\/v2\/posts\/108861\/revisions\/108863"}],"wp:featuredmedia":[{"embeddable":true,"href":"https:\/\/www.actualidadadiario.com\/index.php\/wp-json\/wp\/v2\/media\/108862"}],"wp:attachment":[{"href":"https:\/\/www.actualidadadiario.com\/index.php\/wp-json\/wp\/v2\/media?parent=108861"}],"wp:term":[{"taxonomy":"category","embeddable":true,"href":"https:\/\/www.actualidadadiario.com\/index.php\/wp-json\/wp\/v2\/categories?post=108861"},{"taxonomy":"post_tag","embeddable":true,"href":"https:\/\/www.actualidadadiario.com\/index.php\/wp-json\/wp\/v2\/tags?post=108861"}],"curies":[{"name":"wp","href":"https:\/\/api.w.org\/{rel}","templated":true}]}}