{"id":108852,"date":"2023-10-02T12:27:30","date_gmt":"2023-10-02T15:27:30","guid":{"rendered":"https:\/\/www.actualidadadiario.com\/?p=108852"},"modified":"2023-10-02T12:27:30","modified_gmt":"2023-10-02T15:27:30","slug":"el-9-de-octubre-comienza-la-vacunacion-contra-la-aftosa-en-entre-rios","status":"publish","type":"post","link":"https:\/\/www.actualidadadiario.com\/index.php\/2023\/10\/02\/el-9-de-octubre-comienza-la-vacunacion-contra-la-aftosa-en-entre-rios\/","title":{"rendered":"El 9 de octubre comienza la vacunaci\u00f3n contra la aftosa en Entre R\u00edos"},"content":{"rendered":"<p style=\"text-align: center;\"><em><strong>Con referentes y productores de los 17 departamentos, la Fundaci\u00f3n de Lucha contra Fiebre Aftosa (Fucofa) realiz\u00f3 su asamblea para definir aspectos administrativos y operativos para la nueva campa\u00f1a de vacunaci\u00f3n contra fiebre aftosa en la provincia. Arrancar\u00e1 el 9 de octubre y tendr\u00e1 un valor de 675 pesos. Estiman que inocular\u00e1n a 2,4 millones de cabezas<\/strong><\/em><\/p>\n<p>&nbsp;<\/p>\n<p>&nbsp;<\/p>\n<p>El encuentro, realizado en las instalaciones de Cooperativa Ganadera \u201cEl Pronunciamiento\u201d, fue encabezado por el Presidente de la entidad, Jorge Ruiz, junto al Consejo de Administraci\u00f3n de la entidad.<\/p>\n<p>All\u00ed, se determin\u00f3 en 675 pesos el costo por dosis aplicada de vacuna de aftosa al rodeo entrerriano, estimando inocular unas 2.400.000 cabezas en el lapso de la campa\u00f1a que iniciar\u00e1 el 9 de octubre y se extender\u00e1 hasta el 11 de diciembre. En tanto, el valor final por aplicaci\u00f3n contra brucelosis es de 300 pesos.<\/p>\n<p>Los referentes pusieron la mirada en la dif\u00edcil situaci\u00f3n en la campa\u00f1a pasada producto de la sequ\u00eda que a\u00fan complica el territorio entrerriano. Ru\u00edz se\u00f1al\u00f3 que se est\u00e1n resignando reservas debido a &#8220;la situaci\u00f3n que ha pasado el productor ganadero hasta el \u00faltimo a\u00f1o. Tenemos departamentos, como es Feliciano, donde llovi\u00f3 reci\u00e9n hace 15 d\u00edas y por supuesto el pasto pr\u00e1cticamente estaba muerto, hay una cantidad de campos vac\u00edos. La situaci\u00f3n del productor ganadero ha sido realmente cr\u00edtica&#8221;.<\/p>\n<p>Otro punto clave de la asamblea fue la resoluci\u00f3n de la tasa de inter\u00e9s ante morosos. &#8220;Se habl\u00f3 sobre los intereses que se cobran por las deudas vencidas y advertimos que, como la tasa de inter\u00e9s es muy barata, muchos productores no han pagado. En la asamblea se estableci\u00f3 una medida que es tomar una tasa de inter\u00e9s similar a la que tiene el Banco de la Naci\u00f3n Argentina, que est\u00e1 en el orden del 9 por ciento mensual. Este inter\u00e9s comenzar\u00e1 a regir a partir del lunes a todos los que adeudan vacunas&#8221;, remarc\u00f3 el titular de la Fundaci\u00f3n.<\/p>\n<p>&nbsp;<\/p>\n<p><strong>Garrapata<\/strong><\/p>\n<p>P\u00e1rrafo aparte tuvo el abordaje de la situaci\u00f3n de la garrapata en la provincia de Entre R\u00edos. Ruiz record\u00f3 una reuni\u00f3n realizada hace unos cinco a\u00f1os en la provincia de Corrientes, donde se plante\u00f3 que los departamentos del sur dejen el plan de Erradicaci\u00f3n y lucha contra la garrapata. Nuestro t\u00e9cnico vaticin\u00f3 en aquel momento que, en cinco a\u00f1os tendr\u00e1n importantes complicaciones\u201d, destac\u00f3 tras enumerar cada uno de estos problemas que tiene la vecina provincia.<\/p>\n<p>Adem\u00e1s, se\u00f1al\u00f3 que Entre R\u00edos &#8220;tiene 12 departamentos sin un foco de garrapata y el resto que si los tiene, algunos en menor medida y otros en mayor. Tenemos que hacer todos los esfuerzos para que esta zona de la provincia vuelva a la situaci\u00f3n anterior que era normal, donde hab\u00eda alrededor de 150-180 campos que ten\u00edan apariciones espor\u00e1dicas por movimiento de hacienda. En este momento se ha elevado a 400 campos y vamos a hacer un trabajo en los pr\u00f3ximos meses donde entendemos que en la pr\u00f3xima asamblea hablaremos de otra situaci\u00f3n\u201d.<\/p>\n","protected":false},"excerpt":{"rendered":"<p>Con referentes y productores de los 17 departamentos, la Fundaci\u00f3n de Lucha contra Fiebre Aftosa (Fucofa) realiz\u00f3 su asamblea para definir aspectos administrativos y operativos para la nueva campa\u00f1a de vacunaci\u00f3n contra fiebre aftosa en la provincia. Arrancar\u00e1 el 9 de octubre y tendr\u00e1 un valor de 675 pesos. Estiman que inocular\u00e1n a 2,4 millones de cabezas &nbsp; &nbsp; El encuentro, realizado en las instalaciones de Cooperativa Ganadera \u201cEl Pronunciamiento\u201d, fue encabezado por el Presidente de la entidad, Jorge Ruiz, junto al Consejo de Administraci\u00f3n de la entidad. All\u00ed, se&#8230;<\/p>\n","protected":false},"author":3,"featured_media":98564,"comment_status":"closed","ping_status":"closed","sticky":false,"template":"","format":"standard","meta":[],"categories":[15],"tags":[],"_links":{"self":[{"href":"https:\/\/www.actualidadadiario.com\/index.php\/wp-json\/wp\/v2\/posts\/108852"}],"collection":[{"href":"https:\/\/www.actualidadadiario.com\/index.php\/wp-json\/wp\/v2\/posts"}],"about":[{"href":"https:\/\/www.actualidadadiario.com\/index.php\/wp-json\/wp\/v2\/types\/post"}],"author":[{"embeddable":true,"href":"https:\/\/www.actualidadadiario.com\/index.php\/wp-json\/wp\/v2\/users\/3"}],"replies":[{"embeddable":true,"href":"https:\/\/www.actualidadadiario.com\/index.php\/wp-json\/wp\/v2\/comments?post=108852"}],"version-history":[{"count":1,"href":"https:\/\/www.actualidadadiario.com\/index.php\/wp-json\/wp\/v2\/posts\/108852\/revisions"}],"predecessor-version":[{"id":108853,"href":"https:\/\/www.actualidadadiario.com\/index.php\/wp-json\/wp\/v2\/posts\/108852\/revisions\/108853"}],"wp:featuredmedia":[{"embeddable":true,"href":"https:\/\/www.actualidadadiario.com\/index.php\/wp-json\/wp\/v2\/media\/98564"}],"wp:attachment":[{"href":"https:\/\/www.actualidadadiario.com\/index.php\/wp-json\/wp\/v2\/media?parent=108852"}],"wp:term":[{"taxonomy":"category","embeddable":true,"href":"https:\/\/www.actualidadadiario.com\/index.php\/wp-json\/wp\/v2\/categories?post=108852"},{"taxonomy":"post_tag","embeddable":true,"href":"https:\/\/www.actualidadadiario.com\/index.php\/wp-json\/wp\/v2\/tags?post=108852"}],"curies":[{"name":"wp","href":"https:\/\/api.w.org\/{rel}","templated":true}]}}