{"id":10885,"date":"2017-05-03T09:04:40","date_gmt":"2017-05-03T12:04:40","guid":{"rendered":"http:\/\/actualidadadiario.com\/site\/?p=10885"},"modified":"2017-05-03T09:04:40","modified_gmt":"2017-05-03T12:04:40","slug":"bordet-convoco-a-un-debate-amplio-para-legislar-sobre-el-regimen-de-comunas","status":"publish","type":"post","link":"https:\/\/www.actualidadadiario.com\/index.php\/2017\/05\/03\/bordet-convoco-a-un-debate-amplio-para-legislar-sobre-el-regimen-de-comunas\/","title":{"rendered":"Bordet convoc\u00f3 a un debate amplio para legislar sobre el r\u00e9gimen de comunas"},"content":{"rendered":"<p><em><strong>Tras firmar convenios con 17 juntas de gobierno para la ejecuci\u00f3n de obras por casi 3 millones de pesos, el gobernador Gustavo Bordet convoc\u00f3 a un debate con \u201cun criterio amplio\u201d del proyecto de ley que enviar\u00e1 los pr\u00f3ximos d\u00edas a la Legislatura para organizar el r\u00e9gimen de comunas establecido en la Constituci\u00f3n Provincial. Adem\u00e1s, adelant\u00f3 que la semana pr\u00f3xima se remitir\u00e1 a las juntas de gobierno la primera remesa para que comiencen los trabajos programados<\/strong><\/em><\/p>\n<p>&nbsp;<\/p>\n<p>&nbsp;<\/p>\n<p>&nbsp;<\/p>\n<p>\u201cNo voy a mandar un proyecto de ley que sea taxativo, estricto, sino que se discuta, que se pueda debatir, que acepte la introducci\u00f3n de modificaciones que sean beneficiosas. Y entre todos, legisladores, Poder Ejecutivo, presidentes de juntas, intendentes, encontrar un ordenamiento que nos permita mejorar el estatus jur\u00eddico de las juntas, que permita valorizar el trabajo que se hace, que se gane en autonom\u00eda, en autarqu\u00eda, y que se democraticen nuestras instituciones\u201d, afirm\u00f3 Bordet.<\/p>\n<p>&nbsp;<\/p>\n<p>Seg\u00fan hizo notar, \u201cdesde que asumimos venimos poniendo en vigencia varios institutos que estaban previstos en la reforma de la Constituci\u00f3n de 2008. Nuestra gesti\u00f3n tiene una fuerte impronta por lograr consensos y establecer un andamiaje que nos permita mejorar la calidad institucional y democr\u00e1tica en la provincia. Entonces, esta convocatoria a discutir una ley de comunas que permita que el trabajo que realizan las distintas juntas de gobierno de la provincia tengan la retribuci\u00f3n necesarias, tenemos que darlo lo m\u00e1s temprano posible, por eso voy a estar enviando el proyecto en las pr\u00f3ximas semanas\u201d.<\/p>\n<p>&nbsp;<\/p>\n<p>El mandatario firm\u00f3 este martes, en el Sal\u00f3n de los Gobernadores, los convenios correspondientes al programa Juntas Sostenibles, con la presencia de presidentes de 17 juntas de gobierno pertenecientes a los departamentos Diamante, Paran\u00e1, Col\u00f3n, Gualeguaych\u00fa e Islas. Estuvieron, adem\u00e1s, los ministros de Planeamiento, Luis Benedetto; de Gobierno, Mauro Urribarri, y de Econom\u00eda, Hugo Ballay, y legisladores de los departamentos involucrados.<\/p>\n<p>&nbsp;<\/p>\n<p>El gobernador manifest\u00f3 que \u201ces muy gratificante poder estar firmando estos convenios con presidentes de juntas de gobierno de distintos departamentos, que significa cumplir con los compromisos que hab\u00edamos ido asumiendo para encontrar un mecanismo que permita la ejecuci\u00f3n din\u00e1mica de obras en los municipios\u201d.<\/p>\n<p>&nbsp;<\/p>\n<p>Seg\u00fan advirti\u00f3, \u201cson obras que no demandan grandes sumas, pero que tienen un impacto directo en la calidad de vida de los vecinos. El hecho de contar con veredas, con obras de alumbrado p\u00fablico, con circuitos saludable, tienen impacto en la vida de cada uno de ellos\u201d.<\/p>\n<p>&nbsp;<\/p>\n<p>Afirm\u00f3 que \u201ca este tipo de convenios los vamos a seguir rubricando en los distintos departamentos, para poder abarcar todo el territorio entrerriano. Sabemos que es un esfuerzo muy grande que se realiza todos los d\u00edas en las juntas, con los recursos que nunca son suficientes para atender las demandas de cada una de las comunidades que representan\u201d.<\/p>\n<p>&nbsp;<\/p>\n<p>En ese marco, el mandatario consider\u00f3 que m\u00e1s all\u00e1 de estas ayudas del gobierno \u201centendemos que tenemos una gran deuda con las juntas de gobierno, que es en lo que tiene que ver con el estatus jur\u00eddico\u201d.<\/p>\n<p>&nbsp;<\/p>\n<p>En ese sentido, sostuvo que \u201ctenemos que encontrar el criterio de que las juntas de gobierno se transformen en comunas\u201d, tal como se estableci\u00f3 en la Constituci\u00f3n reformada de 2008. \u201cTenemos que dar una gran discusi\u00f3n, un gran debate\u201d, dijo y reiter\u00f3 que en las pr\u00f3ximas semanas enviar\u00e1 a la Legislatura el anteproyecto de ley que le remiti\u00f3 a fines del a\u00f1o pasado el Ministerio de Gobierno.<\/p>\n<p>&nbsp;<\/p>\n<p>Al respecto, hizo notar que \u201cla comuna viene a tener pr\u00e1cticamente todas las mismas facultades que tienen los municipios, b\u00e1sicamente en su ordenamiento jur\u00eddico. Una comuna, adem\u00e1s de poder acceder a otro sistema de distribuci\u00f3n de fondos, institucionaliza lo que hoy no est\u00e1 en las juntas. Si bien anteriormente los presidentes de juntas los eleg\u00eda el gobernador, esto cambi\u00f3 y se eligen de acuerdo al resultado electoral, lo cual es justo porque representa la voluntad de cada pueblo\u201d.<\/p>\n<p>&nbsp;<\/p>\n<p>\u201cPero hay que dar un paso m\u00e1s todav\u00eda en la democratizaci\u00f3n de nuestras instituciones y estructuras. El hecho de ser comunas representa adem\u00e1s la posibilidad de percibir tasas retributivas. La percepci\u00f3n de un impuesto siempre representa la contraprestaci\u00f3n de un servicio. Hoy todas las juntas prestan servicios y a muchas empresas, algunas muy grandes, pero ese servicio, como ocurre en cualquier ciudad y le pasa a cualquier intendencia, siempre el municipio cobra por el servicio que presta. Hoy lo que est\u00e1 pasando en las juntas es que no pueden cobrar ese servicio y cada vez los vecinos demandan m\u00e1s servicios. Creo que ah\u00ed es donde se puede realizar la reforma estructural\u201d, afirm\u00f3.<\/p>\n<p>&nbsp;<\/p>\n<p>En otro orden, sobre los convenios firmados, inform\u00f3 que \u201cla semana que viene se va a remitir el primer anticipo para empezar la ejecuci\u00f3n y luego, una vez terminado, se va a ir generando el circuito para poder seguir el normal desarrollo de la obra hasta su culminaci\u00f3n. Esto tambi\u00e9n quer\u00eda dejarlo establecido porque con la firma de estos convenios es autom\u00e1tico el giro para que se comience con las obras\u201d.<\/p>\n<p>&nbsp;<\/p>\n<p>Por \u00faltimos, expres\u00f3: \u201cQuiero invitarlos y convocarlos a seguir trabajando todos los d\u00edas, poniendo como objetivos superiores los intereses que nos unen. Aqu\u00ed hay juntas y legisladores de distintos signos pol\u00edticos, entendemos que es tiempo de trabajar en esos grandes objetivos y tenemos que hacerlo todos, con el gobierno nacional, con el provincial, con los municipio, con las juntas, porque no hay otra forma de cumplir con lo que nos obligamos cuando nos presentamos a elecciones, cada uno de nosotros en el rol que nos toca\u201d.<\/p>\n<p>&nbsp;<\/p>\n<p>\u201cSeguir\u00e9 trabajando hasta el \u00faltimo d\u00eda de gesti\u00f3n, recorriendo cada junta sin importarme de qu\u00e9 color pol\u00edtico es, porque los problemas son comunes a todos y tenemos que ocuparnos en su soluci\u00f3n\u201d, finaliz\u00f3.<\/p>\n<p>&nbsp;<\/p>\n<p>&nbsp;<\/p>\n<p>&nbsp;<\/p>\n<p><strong>El programa <\/strong><\/p>\n<p>La firma de convenios en el marco del programa Juntas Sostenibles tiene como objetivo ejecutar obras de infraestructura b\u00e1sica a trav\u00e9s de las juntas de gobierno de la provincia, para lograr en forma equilibrada el desarrollo econ\u00f3mico y social de la comunidad y la protecci\u00f3n del medio ambiente. Para la ejecuci\u00f3n de este programa el gobierno provincial realizar\u00e1 una inversi\u00f3n total de 2.996.231 pesos.<\/p>\n<p>&nbsp;<\/p>\n<p>El ministro de Planeamiento, Infraestructura y Servicios, Luis Benedetto, dijo que &#8220;hoy estamos concretando el pedido que nos hizo el gobernador de buscar herramientas para obras de infraestructura en juntas de gobierno, porque sabemos las necesidades que tienen&#8221;.<\/p>\n<p>&nbsp;<\/p>\n<p>Respecto al programa, expres\u00f3 que &#8220;se trata de darles una mano en aquellas obras b\u00e1sicas de infraestructura. Nosotros convocamos a las juntas de gobierno y les pedimos darle prioridad a las necesidades para, en forma conjunta, llevarlas adelante. En ese marco, creamos un mecanismo que consiste en que los zonales de cada departamento les den el apoyo t\u00e9cnica para poder llevar adelante estas obras en las cuales podr\u00e1n disponer de un fondo&#8221;.<\/p>\n<p>&nbsp;<\/p>\n<p>Finalmente, Benedetto dijo que el programa prev\u00e9 para este a\u00f1o un presupuesto que permitir\u00eda concretar otro tipo de obras.<\/p>\n<p>&nbsp;<\/p>\n<p>&nbsp;<\/p>\n<p>&nbsp;<\/p>\n<p><strong>Satisfacci\u00f3n de las juntas de gobierno <\/strong><\/p>\n<p>Sobre estos convenios, el presidente de la junta de gobierno de San Anselmo, departamento Col\u00f3n, H\u00e9ctor Schlottaver, manifest\u00f3 que se &#8220;trata de un buen arranque&#8221; para las obras que necesita la comuna. Y agreg\u00f3: &#8220;Esperemos que todo se logre porque incluso ya tenemos otros pedidos&#8221;. Tras ello, el jefe de esa comuna, de unos 700 habitantes indic\u00f3, que el dinero recibido ser\u00e1 destinado a la compra de un terreno donde se instal\u00f3 una cancha de f\u00fatbol.<\/p>\n<p>&nbsp;<\/p>\n<p>En tanto, el presidente de la junta de gobierno de Colonia Hocker, Jos\u00e9 Luis Fabre, expres\u00f3 que los fondos que recibir\u00e1n ser\u00e1n destinados a la plaza de la localidad y a la creaci\u00f3n de un paseo saludable. &#8220;Este dinero nos viene muy bien porque los recursos de las juntas de gobierno siempre son escasos. Es una buena ayuda para nuestro pueblo&#8221;, dijo el jefe comunal, al tiempo que indic\u00f3 que tambi\u00e9n est\u00e1n trabajando junto con la Direcci\u00f3n Provincial de Vialidad en lo que respecta a los caminos.<\/p>\n<p>&nbsp;<\/p>\n<p>A su turno, el presidente de la junta de gobierno de La Clarita, Mario Devoto, mencion\u00f3 que los aportes ser\u00e1n destinados a iluminar la zona del centro c\u00edvico de la localidad que tiene aproximadamente 600 habitantes. &#8220;Con este dinero vamos a poder cubrir gran parte de la obra de iluminaci\u00f3n&#8221;, indic\u00f3.<\/p>\n<p>&nbsp;<\/p>\n<p>&nbsp;<\/p>\n<p>&nbsp;<\/p>\n<p><strong>Los aportes <\/strong><\/p>\n<p>De acuerdo a los convenios firmados, en el departamento Diamante, las juntas de gobierno de Aldea Protestante y Aldea Brasilera recibir\u00e1n cerca de medio mill\u00f3n de pesos para la ejecuci\u00f3n de cord\u00f3n cuneta. En tanto, Colonia Crespo, Sauce Montrul, Estaci\u00f3n Sosa y Pueblo Brugo, del departamento Paran\u00e1, recibir\u00e1n m\u00e1s de 600.000 pesos para la realizaci\u00f3n de veredas. Son ocho las juntas de gobierno del departamento Col\u00f3n a las que se le entregar\u00e1n fondos por m\u00e1s de un mill\u00f3n de pesos: La Clarita, San Anselmo, San Miguel y Hambis, ser\u00e1 para luminarias de alumbrado p\u00fablico; en Arroyo Bar\u00fa y Pueblo Caz\u00e9s se destinar\u00e1 para la ejecuci\u00f3n de circuitos saludables y juegos infantiles; en Liebig ser\u00e1 para veredas y en Hocker para veredas y circuitos saludables. Del departamento Islas, fueron las juntas Medanos y \u00d1ancay las que recibir\u00e1n fondos por m\u00e1s de medio mill\u00f3n de pesos para luminarias urbanas en el primer caso, y vereda en el segundo. A Estaci\u00f3n Irazusta, departamento Gualeguaych\u00fa, se le entregar\u00e1n m\u00e1s de 300.000 pesos para la ejecuci\u00f3n de veredas.<\/p>\n","protected":false},"excerpt":{"rendered":"<p>Tras firmar convenios con 17 juntas de gobierno para la ejecuci\u00f3n de obras por casi 3 millones de pesos, el gobernador Gustavo Bordet convoc\u00f3 a un debate con \u201cun criterio amplio\u201d del proyecto de ley que enviar\u00e1 los pr\u00f3ximos d\u00edas a la Legislatura para organizar el r\u00e9gimen de comunas establecido en la Constituci\u00f3n Provincial. Adem\u00e1s, adelant\u00f3 que la semana pr\u00f3xima se remitir\u00e1 a las juntas de gobierno la primera remesa para que comiencen los trabajos programados &nbsp; &nbsp; &nbsp; \u201cNo voy a mandar un proyecto de ley que sea taxativo,&#8230;<\/p>\n","protected":false},"author":3,"featured_media":10886,"comment_status":"closed","ping_status":"closed","sticky":false,"template":"","format":"standard","meta":[],"categories":[15],"tags":[],"_links":{"self":[{"href":"https:\/\/www.actualidadadiario.com\/index.php\/wp-json\/wp\/v2\/posts\/10885"}],"collection":[{"href":"https:\/\/www.actualidadadiario.com\/index.php\/wp-json\/wp\/v2\/posts"}],"about":[{"href":"https:\/\/www.actualidadadiario.com\/index.php\/wp-json\/wp\/v2\/types\/post"}],"author":[{"embeddable":true,"href":"https:\/\/www.actualidadadiario.com\/index.php\/wp-json\/wp\/v2\/users\/3"}],"replies":[{"embeddable":true,"href":"https:\/\/www.actualidadadiario.com\/index.php\/wp-json\/wp\/v2\/comments?post=10885"}],"version-history":[{"count":1,"href":"https:\/\/www.actualidadadiario.com\/index.php\/wp-json\/wp\/v2\/posts\/10885\/revisions"}],"predecessor-version":[{"id":10887,"href":"https:\/\/www.actualidadadiario.com\/index.php\/wp-json\/wp\/v2\/posts\/10885\/revisions\/10887"}],"wp:featuredmedia":[{"embeddable":true,"href":"https:\/\/www.actualidadadiario.com\/index.php\/wp-json\/wp\/v2\/media\/10886"}],"wp:attachment":[{"href":"https:\/\/www.actualidadadiario.com\/index.php\/wp-json\/wp\/v2\/media?parent=10885"}],"wp:term":[{"taxonomy":"category","embeddable":true,"href":"https:\/\/www.actualidadadiario.com\/index.php\/wp-json\/wp\/v2\/categories?post=10885"},{"taxonomy":"post_tag","embeddable":true,"href":"https:\/\/www.actualidadadiario.com\/index.php\/wp-json\/wp\/v2\/tags?post=10885"}],"curies":[{"name":"wp","href":"https:\/\/api.w.org\/{rel}","templated":true}]}}