{"id":108849,"date":"2023-10-02T12:26:49","date_gmt":"2023-10-02T15:26:49","guid":{"rendered":"https:\/\/www.actualidadadiario.com\/?p=108849"},"modified":"2023-10-02T12:26:49","modified_gmt":"2023-10-02T15:26:49","slug":"el-candidato-a-gobernador-de-mas-para-entre-rios-visitara-el-departamento-federacion","status":"publish","type":"post","link":"https:\/\/www.actualidadadiario.com\/index.php\/2023\/10\/02\/el-candidato-a-gobernador-de-mas-para-entre-rios-visitara-el-departamento-federacion\/","title":{"rendered":"El candidato a gobernador de M\u00e1s para Entre R\u00edos, visitar\u00e1 el departamento Federaci\u00f3n"},"content":{"rendered":"<p style=\"text-align: center;\"><em><strong>De cara a las elecciones generales del pr\u00f3ximo 22 de octubre, el candidato a gobernador de la provincia del frente\u00a0 M\u00e1s para Entre R\u00edos, Ad\u00e1n Bahl, llegar\u00e1 este martes al departamento Federaci\u00f3n<\/strong><\/em><\/p>\n<p>&nbsp;<\/p>\n<p>&nbsp;<\/p>\n<p>Seg\u00fan lo informado por fuentes oficiales, Bahl arribar\u00eda a las 9.30 horas a la localidad de San Jaime de la Frontera, donde su espacio lleva como candidata a intendente a la actual vicepresidente municipal, Elsa Payer.<\/p>\n<p>En esa ciudad, el actual intendente Paran\u00e1 visitar\u00e1 algunas instituciones en el Centro C\u00edvico, intercambiar\u00e1 con m\u00fasicos locales tocando el acorde\u00f3n y caminar\u00e1 hacia la sede partidaria, donde se har\u00e1 el acto pol\u00edtico.<\/p>\n<p>Luego, en horas del mediod\u00eda, Bahl visitar\u00e1 la ciudad de Chajar\u00ed y se reunir\u00e1 con la candidata a intendente, Mar\u00eda Fernanda Lalosa, y el candidato a senador, Luis Brada. En ese marco, adem\u00e1s, brindar\u00e1 una conferencia de prensa (lugar a confirmar) y mantendr\u00e1 una agenda de reuniones ya pautadas.<\/p>\n<p>Tras su paso por la vecina localidad, se dirigir\u00e1 a la ciudad de Federaci\u00f3n.<\/p>\n","protected":false},"excerpt":{"rendered":"<p>De cara a las elecciones generales del pr\u00f3ximo 22 de octubre, el candidato a gobernador de la provincia del frente\u00a0 M\u00e1s para Entre R\u00edos, Ad\u00e1n Bahl, llegar\u00e1 este martes al departamento Federaci\u00f3n &nbsp; &nbsp; Seg\u00fan lo informado por fuentes oficiales, Bahl arribar\u00eda a las 9.30 horas a la localidad de San Jaime de la Frontera, donde su espacio lleva como candidata a intendente a la actual vicepresidente municipal, Elsa Payer. En esa ciudad, el actual intendente Paran\u00e1 visitar\u00e1 algunas instituciones en el Centro C\u00edvico, intercambiar\u00e1 con m\u00fasicos locales tocando el&#8230;<\/p>\n","protected":false},"author":3,"featured_media":108850,"comment_status":"closed","ping_status":"closed","sticky":false,"template":"","format":"standard","meta":[],"categories":[15],"tags":[],"_links":{"self":[{"href":"https:\/\/www.actualidadadiario.com\/index.php\/wp-json\/wp\/v2\/posts\/108849"}],"collection":[{"href":"https:\/\/www.actualidadadiario.com\/index.php\/wp-json\/wp\/v2\/posts"}],"about":[{"href":"https:\/\/www.actualidadadiario.com\/index.php\/wp-json\/wp\/v2\/types\/post"}],"author":[{"embeddable":true,"href":"https:\/\/www.actualidadadiario.com\/index.php\/wp-json\/wp\/v2\/users\/3"}],"replies":[{"embeddable":true,"href":"https:\/\/www.actualidadadiario.com\/index.php\/wp-json\/wp\/v2\/comments?post=108849"}],"version-history":[{"count":1,"href":"https:\/\/www.actualidadadiario.com\/index.php\/wp-json\/wp\/v2\/posts\/108849\/revisions"}],"predecessor-version":[{"id":108851,"href":"https:\/\/www.actualidadadiario.com\/index.php\/wp-json\/wp\/v2\/posts\/108849\/revisions\/108851"}],"wp:featuredmedia":[{"embeddable":true,"href":"https:\/\/www.actualidadadiario.com\/index.php\/wp-json\/wp\/v2\/media\/108850"}],"wp:attachment":[{"href":"https:\/\/www.actualidadadiario.com\/index.php\/wp-json\/wp\/v2\/media?parent=108849"}],"wp:term":[{"taxonomy":"category","embeddable":true,"href":"https:\/\/www.actualidadadiario.com\/index.php\/wp-json\/wp\/v2\/categories?post=108849"},{"taxonomy":"post_tag","embeddable":true,"href":"https:\/\/www.actualidadadiario.com\/index.php\/wp-json\/wp\/v2\/tags?post=108849"}],"curies":[{"name":"wp","href":"https:\/\/api.w.org\/{rel}","templated":true}]}}