{"id":108846,"date":"2023-10-02T12:25:56","date_gmt":"2023-10-02T15:25:56","guid":{"rendered":"https:\/\/www.actualidadadiario.com\/?p=108846"},"modified":"2023-10-02T13:19:33","modified_gmt":"2023-10-02T16:19:33","slug":"federacion-se-destaco-en-la-fit-y-cerro-el-mes-con-alrededor-de-50-mil-entradas-en-termas","status":"publish","type":"post","link":"https:\/\/www.actualidadadiario.com\/index.php\/2023\/10\/02\/federacion-se-destaco-en-la-fit-y-cerro-el-mes-con-alrededor-de-50-mil-entradas-en-termas\/","title":{"rendered":"Federaci\u00f3n se destac\u00f3 en la FIT y cerr\u00f3 el mes con alrededor de 50 mil entradas en termas"},"content":{"rendered":"<p style=\"text-align: center;\"><em><strong>La ciudad de Federaci\u00f3n dej\u00f3 una impresi\u00f3n notable en la Feria Internacional del Turismo (FIT), celebrada este fin de semana en el predio rural de Palermo, con una fuerte presencia que ha resaltado el creciente atractivo tur\u00edstico de la localidad. Adem\u00e1s, las Termas de Federaci\u00f3n cerraron el mes de septiembre con cifras extraordinarias, registrando cerca de 50 mil ingresos en un mes que tradicionalmente no es de gran actividad tur\u00edstica<\/strong><\/em><\/p>\n<p>&nbsp;<\/p>\n<p>&nbsp;<\/p>\n<p>El Secretario de Turismo de la Municipalidad de Federaci\u00f3n, Carlos Miller, expres\u00f3 su satisfacci\u00f3n por el exitoso fin de semana en la FIT. Miller lider\u00f3 la delegaci\u00f3n de la ciudad y destac\u00f3 que aproximadamente 150 mil personas visitaron el stand de Federaci\u00f3n durante el evento, donde se distribuyeron m\u00e1s de 50 mil folletos y bolsas promocionales, lo que refleja un trabajo intenso y una excelente recepci\u00f3n por parte del p\u00fablico.<\/p>\n<p>Miller tambi\u00e9n destac\u00f3 el crecimiento del turismo en Federaci\u00f3n, se\u00f1alando que la ciudad se est\u00e1 consolidando cada vez m\u00e1s como un destino tur\u00edstico. Durante la FIT, se realizaron degustaciones gracias al apoyo de comercios y empresas locales, y se reconoci\u00f3 el esfuerzo del personal de la Secretar\u00eda de Turismo, que brind\u00f3 informaci\u00f3n y atenci\u00f3n al p\u00fablico durante muchas horas.<\/p>\n<p>&nbsp;<\/p>\n<p><strong>Termas<\/strong><\/p>\n<p>En cuanto a las Termas de Federaci\u00f3n, el mes de septiembre cerr\u00f3 con un total de 49,439 ingresos, una cifra impresionante considerando que septiembre no es tradicionalmente un mes de gran afluencia tur\u00edstica. Durante el \u00faltimo fin de semana del mes, se registraron 7,063 ingresos, con 2,114 visitantes el viernes, 2,435 el s\u00e1bado y 2,514 el domingo.<\/p>\n<p>Estos n\u00fameros son un claro indicativo del crecimiento y el atractivo tur\u00edstico que est\u00e1 experimentando Federaci\u00f3n, tanto a nivel nacional como internacional. La ciudad se posiciona como un destino tur\u00edstico destacado en la regi\u00f3n, ofreciendo a los visitantes una combinaci\u00f3n de belleza natural, complejo termal de renombre y una variada oferta de actividades y servicios.<\/p>\n","protected":false},"excerpt":{"rendered":"<p>La ciudad de Federaci\u00f3n dej\u00f3 una impresi\u00f3n notable en la Feria Internacional del Turismo (FIT), celebrada este fin de semana en el predio rural de Palermo, con una fuerte presencia que ha resaltado el creciente atractivo tur\u00edstico de la localidad. Adem\u00e1s, las Termas de Federaci\u00f3n cerraron el mes de septiembre con cifras extraordinarias, registrando cerca de 50 mil ingresos en un mes que tradicionalmente no es de gran actividad tur\u00edstica &nbsp; &nbsp; El Secretario de Turismo de la Municipalidad de Federaci\u00f3n, Carlos Miller, expres\u00f3 su satisfacci\u00f3n por el exitoso fin&#8230;<\/p>\n","protected":false},"author":3,"featured_media":108847,"comment_status":"closed","ping_status":"closed","sticky":false,"template":"","format":"standard","meta":[],"categories":[15],"tags":[],"_links":{"self":[{"href":"https:\/\/www.actualidadadiario.com\/index.php\/wp-json\/wp\/v2\/posts\/108846"}],"collection":[{"href":"https:\/\/www.actualidadadiario.com\/index.php\/wp-json\/wp\/v2\/posts"}],"about":[{"href":"https:\/\/www.actualidadadiario.com\/index.php\/wp-json\/wp\/v2\/types\/post"}],"author":[{"embeddable":true,"href":"https:\/\/www.actualidadadiario.com\/index.php\/wp-json\/wp\/v2\/users\/3"}],"replies":[{"embeddable":true,"href":"https:\/\/www.actualidadadiario.com\/index.php\/wp-json\/wp\/v2\/comments?post=108846"}],"version-history":[{"count":1,"href":"https:\/\/www.actualidadadiario.com\/index.php\/wp-json\/wp\/v2\/posts\/108846\/revisions"}],"predecessor-version":[{"id":108848,"href":"https:\/\/www.actualidadadiario.com\/index.php\/wp-json\/wp\/v2\/posts\/108846\/revisions\/108848"}],"wp:featuredmedia":[{"embeddable":true,"href":"https:\/\/www.actualidadadiario.com\/index.php\/wp-json\/wp\/v2\/media\/108847"}],"wp:attachment":[{"href":"https:\/\/www.actualidadadiario.com\/index.php\/wp-json\/wp\/v2\/media?parent=108846"}],"wp:term":[{"taxonomy":"category","embeddable":true,"href":"https:\/\/www.actualidadadiario.com\/index.php\/wp-json\/wp\/v2\/categories?post=108846"},{"taxonomy":"post_tag","embeddable":true,"href":"https:\/\/www.actualidadadiario.com\/index.php\/wp-json\/wp\/v2\/tags?post=108846"}],"curies":[{"name":"wp","href":"https:\/\/api.w.org\/{rel}","templated":true}]}}