{"id":108840,"date":"2023-10-02T12:22:48","date_gmt":"2023-10-02T15:22:48","guid":{"rendered":"https:\/\/www.actualidadadiario.com\/?p=108840"},"modified":"2023-10-02T12:22:48","modified_gmt":"2023-10-02T15:22:48","slug":"comenzo-la-etapa-departamental-del-senado-juvenil-entrerriano","status":"publish","type":"post","link":"https:\/\/www.actualidadadiario.com\/index.php\/2023\/10\/02\/comenzo-la-etapa-departamental-del-senado-juvenil-entrerriano\/","title":{"rendered":"Comenz\u00f3 la etapa departamental del Senado Juvenil Entrerriano"},"content":{"rendered":"<p>Con el inicio de la etapa departamental de la 31\u00aa edici\u00f3n del Senado Juvenil Entrerriano, este lunes 2 de octubre las y los estudiantes de nivel medio de toda la provincia defender\u00e1n sus proyectos en el recinto de la C\u00e1mara de Senadores de la provincia<\/p>\n<p>&nbsp;<\/p>\n<p>&nbsp;<\/p>\n<p>Son 160 las iniciativas presentadas, entre las que se destacan G\u00e9nero, Ambiente, Salud y Educaci\u00f3n, ESI, Inclusi\u00f3n y Seguridad Vial.<\/p>\n<p>Este mi\u00e9rcoles se dar\u00e1 inicio a la etapa departamental del 31\u00aa Senado Juvenil Entrerriano donde las y los estudiantes defender\u00e1n sus proyectos en el recinto de la C\u00e1mara alta. Las presentaciones ser\u00e1n transmitidas por el canal de YouTube de la C\u00e1mara de Senadores.<\/p>\n<p>En esta instancia en la cual participan todos los trabajos realizados por estudiantes del mismo departamento, cada equipo tiene la posibilidad de exponer durante diez minutos, su propuesta legislativa en el recinto. Todos los anteproyectos presentados ser\u00e1n evaluados por un jurado especializado, que podr\u00e1 hacer preguntas que considere pertinentes antes de otorgar un puntaje a cada proyecto.<\/p>\n<p>El trabajo que obtenga el mayor puntaje de la suma de la evaluaci\u00f3n escrita y oral pasar\u00e1 a la instancia provincial.<\/p>\n<p>&nbsp;<\/p>\n<p><strong>A continuaci\u00f3n se detallan las fechas con sus respectivos departamentos:<\/strong><\/p>\n<p>Lunes 2\/10 \u2013 Victoria, Diamante e Islas<\/p>\n<p>Martes 3\/10 \u2013 Concordia<\/p>\n<p>Mi\u00e9rcoles 4\/10 \u2013 Gualeguay<\/p>\n<p>Jueves 5\/10 \u2013 Gualeguaych\u00fa y Nogoy\u00e1<\/p>\n<p>Viernes 6\/10 \u2013 Federal y Federaci\u00f3n<\/p>\n<p>Lunes 9\/10 \u2013 La Paz y Feliciano<\/p>\n<p>Martes 10\/10 \u2013 Paran\u00e1 Campa\u00f1a<\/p>\n<p>Mi\u00e9rcoles 11\/10 \u2013 Paran\u00e1 Ciudad<\/p>\n<p>Jueves 12\/10 \u2013 Col\u00f3n y San Salvador<\/p>\n<p>Martes 17\/10 \u2013 Uruguay<\/p>\n<p>Mi\u00e9rcoles 18\/10 \u2013 Villaguay<\/p>\n<p>Jueves 19\/10 \u2013 Tala<\/p>\n<p>&nbsp;<\/p>\n<p><strong>El programa<\/strong><\/p>\n<p>El Senado Juvenil Entrerriano es un programa educativo no formal que brinda a las y los estudiantes de la provincia, la posibilidad de actuar en el rol de senadores, aprendiendo y poniendo en pr\u00e1ctica el ejercicio democr\u00e1tico de nuestro sistema de gobierno.<\/p>\n<p>Las actividades buscan fomentar el debate y fortalecer el compromiso y la participaci\u00f3n de las nuevas generaciones en el recinto de la C\u00e1mara alta. La pasada edici\u00f3n, 230 fueron los proyectos que las y los estudiantes impulsaron con el fin de ofrecer soluciones a sus comunidades, que al mismo tiempo, les brind\u00f3 la posibilidad de conocer las reglas de la democracia.<\/p>\n","protected":false},"excerpt":{"rendered":"<p>Con el inicio de la etapa departamental de la 31\u00aa edici\u00f3n del Senado Juvenil Entrerriano, este lunes 2 de octubre las y los estudiantes de nivel medio de toda la provincia defender\u00e1n sus proyectos en el recinto de la C\u00e1mara de Senadores de la provincia &nbsp; &nbsp; Son 160 las iniciativas presentadas, entre las que se destacan G\u00e9nero, Ambiente, Salud y Educaci\u00f3n, ESI, Inclusi\u00f3n y Seguridad Vial. Este mi\u00e9rcoles se dar\u00e1 inicio a la etapa departamental del 31\u00aa Senado Juvenil Entrerriano donde las y los estudiantes defender\u00e1n sus proyectos en&#8230;<\/p>\n","protected":false},"author":3,"featured_media":108841,"comment_status":"closed","ping_status":"closed","sticky":false,"template":"","format":"standard","meta":[],"categories":[15],"tags":[],"_links":{"self":[{"href":"https:\/\/www.actualidadadiario.com\/index.php\/wp-json\/wp\/v2\/posts\/108840"}],"collection":[{"href":"https:\/\/www.actualidadadiario.com\/index.php\/wp-json\/wp\/v2\/posts"}],"about":[{"href":"https:\/\/www.actualidadadiario.com\/index.php\/wp-json\/wp\/v2\/types\/post"}],"author":[{"embeddable":true,"href":"https:\/\/www.actualidadadiario.com\/index.php\/wp-json\/wp\/v2\/users\/3"}],"replies":[{"embeddable":true,"href":"https:\/\/www.actualidadadiario.com\/index.php\/wp-json\/wp\/v2\/comments?post=108840"}],"version-history":[{"count":1,"href":"https:\/\/www.actualidadadiario.com\/index.php\/wp-json\/wp\/v2\/posts\/108840\/revisions"}],"predecessor-version":[{"id":108842,"href":"https:\/\/www.actualidadadiario.com\/index.php\/wp-json\/wp\/v2\/posts\/108840\/revisions\/108842"}],"wp:featuredmedia":[{"embeddable":true,"href":"https:\/\/www.actualidadadiario.com\/index.php\/wp-json\/wp\/v2\/media\/108841"}],"wp:attachment":[{"href":"https:\/\/www.actualidadadiario.com\/index.php\/wp-json\/wp\/v2\/media?parent=108840"}],"wp:term":[{"taxonomy":"category","embeddable":true,"href":"https:\/\/www.actualidadadiario.com\/index.php\/wp-json\/wp\/v2\/categories?post=108840"},{"taxonomy":"post_tag","embeddable":true,"href":"https:\/\/www.actualidadadiario.com\/index.php\/wp-json\/wp\/v2\/tags?post=108840"}],"curies":[{"name":"wp","href":"https:\/\/api.w.org\/{rel}","templated":true}]}}