{"id":108837,"date":"2023-10-02T12:21:52","date_gmt":"2023-10-02T15:21:52","guid":{"rendered":"https:\/\/www.actualidadadiario.com\/?p=108837"},"modified":"2023-10-02T12:21:52","modified_gmt":"2023-10-02T15:21:52","slug":"bordet-y-bahl-hicieron-una-valoracion-sobre-el-debate-presidencial-y-respaldaron-a-massa","status":"publish","type":"post","link":"https:\/\/www.actualidadadiario.com\/index.php\/2023\/10\/02\/bordet-y-bahl-hicieron-una-valoracion-sobre-el-debate-presidencial-y-respaldaron-a-massa\/","title":{"rendered":"Bordet y Bahl hicieron una valoraci\u00f3n sobre el debate presidencial y respaldaron a Massa"},"content":{"rendered":"<p style=\"text-align: center;\"><em><strong>A trav\u00e9s de sus redes sociales, el gobernador de Entre R\u00edos se refiri\u00f3 a las declaraciones del candidato a presidente Sergio Massa y lo reconoci\u00f3 como &#8220;el \u00fanico que propuso una Argentina con producci\u00f3n y trabajo&#8221;<\/strong><\/em><\/p>\n<p>&nbsp;<\/p>\n<p>&nbsp;<\/p>\n<p>En palabras de Gustavo Bordet, Sergio Massa &#8220;fue el \u00fanico que propuso una Argentina con producci\u00f3n y trabajo&#8221; en el debate presidencial, adem\u00e1s de &#8220;un gobierno de unidad nacional, propuestas concretas y un rumbo claro y firme&#8221;.<\/p>\n<p>Mediante su cuenta de Twitter, el gobernador de Entre R\u00edos apunt\u00f3 que &#8220;a diferencia de los que proponen las recetas del pasado o el salto al vac\u00edo, Massa expresa la transformaci\u00f3n de la Argentina, con unidad, industria y crecimiento&#8221;, lo que consider\u00f3 &#8220;es el futuro&#8221;.<\/p>\n<p>Por su parte, el candidato a gobernador de la provincia por el frente M\u00e1s para Entre R\u00edos y actual intendente de la ciudad de Paran\u00e1, Ad\u00e1n Bahl, destac\u00f3 que &#8220;Sergio Massa fue muy claro hacia d\u00f3nde tiene que ir Argentina&#8221; y reconoci\u00f3 que &#8220;lo hizo con coherencia, con templanza y con tranquilidad&#8221;, algo que &#8220;es lo que necesita el pa\u00eds, mucho sentido com\u00fan, unidad y trabajo para seguir creciendo&#8221;.<\/p>\n<p>Una vez finalizado el debate, Bahl apunt\u00f3 que &#8220;se va consolidando lo que las encuestas vienen diciendo, que tanto Sergio Massa como Milei van a ir a debatir&#8221;, por lo que &#8220;un poco me da la sensaci\u00f3n que esa disputa queda muy clara en la postura de los candidatos&#8221;.<\/p>\n","protected":false},"excerpt":{"rendered":"<p>A trav\u00e9s de sus redes sociales, el gobernador de Entre R\u00edos se refiri\u00f3 a las declaraciones del candidato a presidente Sergio Massa y lo reconoci\u00f3 como &#8220;el \u00fanico que propuso una Argentina con producci\u00f3n y trabajo&#8221; &nbsp; &nbsp; En palabras de Gustavo Bordet, Sergio Massa &#8220;fue el \u00fanico que propuso una Argentina con producci\u00f3n y trabajo&#8221; en el debate presidencial, adem\u00e1s de &#8220;un gobierno de unidad nacional, propuestas concretas y un rumbo claro y firme&#8221;. Mediante su cuenta de Twitter, el gobernador de Entre R\u00edos apunt\u00f3 que &#8220;a diferencia de&#8230;<\/p>\n","protected":false},"author":3,"featured_media":108838,"comment_status":"closed","ping_status":"closed","sticky":false,"template":"","format":"standard","meta":[],"categories":[15],"tags":[],"_links":{"self":[{"href":"https:\/\/www.actualidadadiario.com\/index.php\/wp-json\/wp\/v2\/posts\/108837"}],"collection":[{"href":"https:\/\/www.actualidadadiario.com\/index.php\/wp-json\/wp\/v2\/posts"}],"about":[{"href":"https:\/\/www.actualidadadiario.com\/index.php\/wp-json\/wp\/v2\/types\/post"}],"author":[{"embeddable":true,"href":"https:\/\/www.actualidadadiario.com\/index.php\/wp-json\/wp\/v2\/users\/3"}],"replies":[{"embeddable":true,"href":"https:\/\/www.actualidadadiario.com\/index.php\/wp-json\/wp\/v2\/comments?post=108837"}],"version-history":[{"count":1,"href":"https:\/\/www.actualidadadiario.com\/index.php\/wp-json\/wp\/v2\/posts\/108837\/revisions"}],"predecessor-version":[{"id":108839,"href":"https:\/\/www.actualidadadiario.com\/index.php\/wp-json\/wp\/v2\/posts\/108837\/revisions\/108839"}],"wp:featuredmedia":[{"embeddable":true,"href":"https:\/\/www.actualidadadiario.com\/index.php\/wp-json\/wp\/v2\/media\/108838"}],"wp:attachment":[{"href":"https:\/\/www.actualidadadiario.com\/index.php\/wp-json\/wp\/v2\/media?parent=108837"}],"wp:term":[{"taxonomy":"category","embeddable":true,"href":"https:\/\/www.actualidadadiario.com\/index.php\/wp-json\/wp\/v2\/categories?post=108837"},{"taxonomy":"post_tag","embeddable":true,"href":"https:\/\/www.actualidadadiario.com\/index.php\/wp-json\/wp\/v2\/tags?post=108837"}],"curies":[{"name":"wp","href":"https:\/\/api.w.org\/{rel}","templated":true}]}}