{"id":108833,"date":"2023-09-29T12:44:54","date_gmt":"2023-09-29T15:44:54","guid":{"rendered":"https:\/\/www.actualidadadiario.com\/?p=108833"},"modified":"2023-09-29T12:44:54","modified_gmt":"2023-09-29T15:44:54","slug":"feliz-cumpleanos-mafalda-cumple-59-anos","status":"publish","type":"post","link":"https:\/\/www.actualidadadiario.com\/index.php\/2023\/09\/29\/feliz-cumpleanos-mafalda-cumple-59-anos\/","title":{"rendered":"\u00a1Feliz cumplea\u00f1os! Mafalda cumple 59 a\u00f1os"},"content":{"rendered":"<p style=\"text-align: center;\"><em><strong>La hist\u00f3rica tira creada por Quino vio la luz por primera vez el 29 de septiembre de 1964. El personaje se convirti\u00f3 en uno de los m\u00e1s queridos de Latinoam\u00e9rica<\/strong><\/em><\/p>\n<p>&nbsp;<\/p>\n<p>&nbsp;<\/p>\n<p>Hoy se cumplen 59 a\u00f1os desde la primera vez que se public\u00f3 la historieta Mafalda, el 29 de septiembre de 1964, y el aniversario puede celebrarse con el reciente estreno de Releyendo: Mafalda, una serie documental que repasa al personaje, o visitando las im\u00e1genes que muestran c\u00f3mo se ver\u00eda en la vida real, seg\u00fan la Inteligencia Artificial disponible en Midjourney.<\/p>\n<p>Creada por el dibujante y humorista gr\u00e1fico Joaqu\u00edn Salvador Lavado Tej\u00f3n, m\u00e1s conocido como &#8220;Quino&#8221;, la historieta se edit\u00f3 hasta el 25 de junio de 1973 y se tradujo a m\u00e1s de treinta idiomas. Consigui\u00f3 popularidad tanto en Latinoam\u00e9rica as\u00ed como tambi\u00e9n en Europa.<\/p>\n<p>La tira est\u00e1 protagonizada por una ni\u00f1a que se muestra preocupada por las circunstancias sociopol\u00edticas que aquejan al planeta, al tiempo que cuestiona e ironiza sobre el mundo de los mayores. Estaba ideada originalmente para una campa\u00f1a de electrodom\u00e9sticos que nunca se lanz\u00f3.<\/p>\n<p>En su primera historieta, la ni\u00f1a le pregunta a su pap\u00e1 si es &#8220;el pap\u00e1 m\u00e1s m\u00e1s bueno de todos, todos, todos los pap\u00e1s del mundo&#8221;. Ante la respuesta de su padre: &#8220;Bueno&#8230; no s\u00e9, a lo mejor hay otro pap\u00e1 mejor que yo&#8221;, Mafalda se retira indignada y afirma: &#8220;\u00a1Lo supon\u00eda!&#8221;.<\/p>\n<p>Tambi\u00e9n, en otra tira que se public\u00f3 ese d\u00eda, al intentar dibujar una casa y sufrir la rotura de la punta de su l\u00e1piz, Mafalda se queja como los adultos: &#8220;\u00a1\u00a1Esto ocurre solamente en este pa\u00eds!!&#8221;.<\/p>\n<p>&nbsp;<\/p>\n<p><strong>De que trat\u00f3 Mafalda <\/strong><\/p>\n<p>Mafalda denunciaba, a trav\u00e9s de sus dichos y acciones, la maldad, la incompetencia de la humanidad y la ingenuidad de las soluciones propuestas para los problemas mundiales, como el hambre y las guerras.<\/p>\n<p>Fue un reflejo ir\u00f3nico y humor\u00edstico de los a\u00f1os 60&#8242; en Argentina y el mundo. Hija de una madre ama de casa con sue\u00f1os frustrados de juventud y de un padre oficinista fan de las plantas, Mafalda mostr\u00f3 los vaivenes de la clase media argentina.<\/p>\n<p>En sus p\u00e1ginas se tocaban temas variados, desde la visi\u00f3n inocente, pero critica, de una ni\u00f1a reflexiva. El capitalismo, la Guerra Fr\u00eda, Vietnam, la violencia estatal y otros temas pasaban por sus tiras.<\/p>\n<p>Tanto ella como su padre, su madre Raquel, su hermano Guille, su amigo Felipe, su amigo Miguel &#8220;Miguelito&#8221; Pitti y su amiga Libertad son los personajes principales de una historieta que marc\u00f3 un hito en hist\u00f3rico.<\/p>\n<p>&nbsp;<\/p>\n<p><strong>Mafalda: Quino, la historia de su creador<\/strong><\/p>\n<p>Joaqu\u00edn Salvador Lavado Tej\u00f3n, naci\u00f3 en Mendoza un 17 de julio de 1932 y falleci\u00f3 en su provincia el 30 de septiembre de 2020, fue un humorista gr\u00e1fico e historietista argentino nacionalizado espa\u00f1ol. Mafalda fue su obra m\u00e1s conocida.<\/p>\n<p>Sus padres eran espa\u00f1oles que emigraron a Argentina. Lo apodaban &#8220;Quino&#8221; para distinguirlo de su t\u00edo, el ilustrador Joaqu\u00edn, quien fue el que despert\u00f3 su vocaci\u00f3n de dibujante a temprana edad<\/p>\n<p>En 1945, tras la muerte de su madre, empez\u00f3 a estudiar en la Escuela de Bellas Artes de Mendoza. Poco despu\u00e9s falleci\u00f3 su padre cuando \u00e9l ten\u00eda diecisiete a\u00f1os.<\/p>\n<p>Tras esto abandon\u00f3 la escuela, con la intenci\u00f3n de convertirse en autor de historietas c\u00f3micas e intent\u00f3 encontrar trabajo en distintas editoriales porte\u00f1as, pero no tuvo \u00e9xito. Despu\u00e9s de hacer el servicio militar obligatorio, en 1954 se estableci\u00f3 en Buenos Aires.<\/p>\n<p>Quino tras publicar en 1954 en algunas revistas comenz\u00f3 a hacer dibujos publicitarios. Public\u00f3 su primer libro recopilatorio, Mundo Quino, en 1963. Luego de la publicaci\u00f3n, le encargaron unas p\u00e1ginas para una campa\u00f1a de publicidad encubierta para la empresa de electrodom\u00e9sticos Mansfield, para esto cre\u00f3 inicialmente el personaje de Mafalda.<\/p>\n<p>La campa\u00f1a no lleg\u00f3 a realizarse, por lo que la primera historia de Mafalda se public\u00f3 en la revista Leopl\u00e1n, hasta llegar al semanario Primera Plana, donde se public\u00f3 regularmente. Adem\u00e1s, entre 1965 y 1967 se public\u00f3 en el diario El Mundo.<\/p>\n<p>Quino falleci\u00f3 el 30 de septiembre de 2020, tras estar internado a causa de un accidente cerebrovascular a los ochenta y ocho a\u00f1os, un d\u00eda despu\u00e9s de cumplirse cincuenta y seis a\u00f1os de la primera publicaci\u00f3n de su tira m\u00e1s emblem\u00e1tica, Mafalda.<\/p>\n","protected":false},"excerpt":{"rendered":"<p>La hist\u00f3rica tira creada por Quino vio la luz por primera vez el 29 de septiembre de 1964. El personaje se convirti\u00f3 en uno de los m\u00e1s queridos de Latinoam\u00e9rica &nbsp; &nbsp; Hoy se cumplen 59 a\u00f1os desde la primera vez que se public\u00f3 la historieta Mafalda, el 29 de septiembre de 1964, y el aniversario puede celebrarse con el reciente estreno de Releyendo: Mafalda, una serie documental que repasa al personaje, o visitando las im\u00e1genes que muestran c\u00f3mo se ver\u00eda en la vida real, seg\u00fan la Inteligencia Artificial disponible&#8230;<\/p>\n","protected":false},"author":3,"featured_media":108834,"comment_status":"closed","ping_status":"closed","sticky":false,"template":"","format":"standard","meta":[],"categories":[4],"tags":[],"_links":{"self":[{"href":"https:\/\/www.actualidadadiario.com\/index.php\/wp-json\/wp\/v2\/posts\/108833"}],"collection":[{"href":"https:\/\/www.actualidadadiario.com\/index.php\/wp-json\/wp\/v2\/posts"}],"about":[{"href":"https:\/\/www.actualidadadiario.com\/index.php\/wp-json\/wp\/v2\/types\/post"}],"author":[{"embeddable":true,"href":"https:\/\/www.actualidadadiario.com\/index.php\/wp-json\/wp\/v2\/users\/3"}],"replies":[{"embeddable":true,"href":"https:\/\/www.actualidadadiario.com\/index.php\/wp-json\/wp\/v2\/comments?post=108833"}],"version-history":[{"count":1,"href":"https:\/\/www.actualidadadiario.com\/index.php\/wp-json\/wp\/v2\/posts\/108833\/revisions"}],"predecessor-version":[{"id":108835,"href":"https:\/\/www.actualidadadiario.com\/index.php\/wp-json\/wp\/v2\/posts\/108833\/revisions\/108835"}],"wp:featuredmedia":[{"embeddable":true,"href":"https:\/\/www.actualidadadiario.com\/index.php\/wp-json\/wp\/v2\/media\/108834"}],"wp:attachment":[{"href":"https:\/\/www.actualidadadiario.com\/index.php\/wp-json\/wp\/v2\/media?parent=108833"}],"wp:term":[{"taxonomy":"category","embeddable":true,"href":"https:\/\/www.actualidadadiario.com\/index.php\/wp-json\/wp\/v2\/categories?post=108833"},{"taxonomy":"post_tag","embeddable":true,"href":"https:\/\/www.actualidadadiario.com\/index.php\/wp-json\/wp\/v2\/tags?post=108833"}],"curies":[{"name":"wp","href":"https:\/\/api.w.org\/{rel}","templated":true}]}}