{"id":108827,"date":"2023-09-29T12:43:04","date_gmt":"2023-09-29T15:43:04","guid":{"rendered":"https:\/\/www.actualidadadiario.com\/?p=108827"},"modified":"2023-09-29T12:43:04","modified_gmt":"2023-09-29T15:43:04","slug":"caso-lucio-dupuy-investigan-por-mal-desempeno-a-la-jueza-que-entrego-al-nino-a-las-asesinas","status":"publish","type":"post","link":"https:\/\/www.actualidadadiario.com\/index.php\/2023\/09\/29\/caso-lucio-dupuy-investigan-por-mal-desempeno-a-la-jueza-que-entrego-al-nino-a-las-asesinas\/","title":{"rendered":"Caso Lucio Dupuy: investigan por mal desempe\u00f1o a la jueza que entreg\u00f3 al ni\u00f1o a las asesinas"},"content":{"rendered":"<p style=\"text-align: center;\"><em><strong>Se trata de la jueza de familia de General Pico, Ana Clara P\u00e9rez Ballester. Tambi\u00e9n ser\u00e1 investigada por el mismo hecho la asesora de ni\u00f1os, ni\u00f1as y adolescentes Elisa Alejandra Cat\u00e1n<\/strong><\/em><\/p>\n<p>&nbsp;<\/p>\n<p>&nbsp;<\/p>\n<p>El jury de enjuiciamiento de La Pampa inici\u00f3 el proceso para investigar por posible mal desempe\u00f1o en su cargo a la jueza de familia de General Pico, Ana Clara P\u00e9rez Ballester, y a la asesora de ni\u00f1os, ni\u00f1as y adolescentes Elisa Alejandra Cat\u00e1n. Se trata de la magistrada que otorg\u00f3 la custodia de Lucio Dupuy a su mam\u00e1 y a la novia, quienes lo asesinaron en 2021 y fueron condenadas a cadena perpetua por el homicidio, adem\u00e1s de hechos de abuso sexual.<\/p>\n<p>El procurador general, Mario Oscar Bongianino, ser\u00e1 el encargado de definir si corresponde formular una acusaci\u00f3n contra ambas para que vayan a juicio oral y p\u00fablico. En ese sentido, el procurador cuenta con un plazo de \u200bseis d\u00edas h\u00e1biles para formular la acusaci\u00f3n. En caso de no hacerlo, el expediente se cerrar\u00e1; mientras que si la lleva adelante, las mujeres tendr\u00e1n diez d\u00edas h\u00e1biles para exponer sus defensas.<\/p>\n<p>Acto seguido, ambas partes ofrecer\u00e1n las pruebas que presentar\u00e1n en el debate, para lo que cuentan con un plazo de 15 d\u00edas. Aquellas pruebas que sean consideradas &#8220;inconducentes&#8221; pueden ser denegadas.<\/p>\n<p>El tribunal interno que juzgar\u00e1 a la magistrada estar\u00e1 integrado por el ministro del Superior Tribunal de Justicia Fabricio Luis Losi; las diputadas Mar\u00eda Silvia Larreta y Mar\u00eda Andrea Valderrama Calvo, y las abogadas Mar\u00eda Natalia Gaccio y Silvina Mar\u00eda Garro. Las sospechas est\u00e1n sobre la jueza de familia que hab\u00eda otorgado la guarda del ni\u00f1o a su mam\u00e1 pese a las advertencias hechas por la familia del padre, quienes aseguraron que le bloqueaba el contacto a \u00e9ste con el menor.<\/p>\n<p>La decisi\u00f3n de la magistrada tuvo lugar en 2020 y el crimen ocurri\u00f3 un a\u00f1o despu\u00e9s. En un inicio la familia paterna aval\u00f3 esa resoluci\u00f3n, pero lo hizo porque la madre les hac\u00eda constantemente denuncias y conflictos por la pelea en la tenencia del ni\u00f1o de cinco a\u00f1os.<\/p>\n<p>Al respecto, el jurado determinar\u00e1 si la magistrada realiz\u00f3 alguna medida de prueba antes de tomar la decisi\u00f3n de brindar la custodia a la madre, como ser el informe socio- ambiental, y si luego hubo un seguimiento de esa tenencia. La resoluci\u00f3n m\u00e1s dr\u00e1stica por parte de la Justicia podr\u00eda comprender la destituci\u00f3n de su cargo.<\/p>\n<p>&nbsp;<\/p>\n<p><strong>La Justicia confirm\u00f3 las condenas de la mam\u00e1 y la novia por la muerte de Lucio Dupuy<\/strong><\/p>\n<p>La Justicia de La Pampa confirm\u00f3 este martes 26 las condenas a prisi\u00f3n perpetua de Magdalena Esp\u00f3sito Valenti y Abigail P\u00e1ez. Son las dos mujeres condenadas por el asesinato y los abusos contra Lucio Dupuy, el nene de cinco a\u00f1os que muri\u00f3 en 2021 en Santa Rosa.<\/p>\n<p>La resoluci\u00f3n fue informada a trav\u00e9s de un comunicado en el que tambi\u00e9n dieron cuenta de un logro de la querella: los jueces del Tribunal de Impugnaci\u00f3n Penal (TIP) agravaron la figura penal por la que se conden\u00f3 a Esp\u00f3sito, madre del nene, al incorporar el abuso sexual gravemente ultrajante. Se trata de una figura que hab\u00eda sido reclamada por los familiares de la v\u00edctima, luego de que el tribunal que la condenara en primera instancia la absolviera de ese delito.<\/p>\n<p>Las condenas de la primera instancia fueron revisadas y ratificadas por la Sala A del TIP, con votos de los jueces Mauricio Piombi y Mar\u00eda Eugenia Schijvarger, quienes aceptaron todos los planteos de la fiscal\u00eda, admitieron parcialmente los de la querella y rechazaron los cuestionamientos de las defensas de las imputadas.<\/p>\n","protected":false},"excerpt":{"rendered":"<p>Se trata de la jueza de familia de General Pico, Ana Clara P\u00e9rez Ballester. Tambi\u00e9n ser\u00e1 investigada por el mismo hecho la asesora de ni\u00f1os, ni\u00f1as y adolescentes Elisa Alejandra Cat\u00e1n &nbsp; &nbsp; El jury de enjuiciamiento de La Pampa inici\u00f3 el proceso para investigar por posible mal desempe\u00f1o en su cargo a la jueza de familia de General Pico, Ana Clara P\u00e9rez Ballester, y a la asesora de ni\u00f1os, ni\u00f1as y adolescentes Elisa Alejandra Cat\u00e1n. Se trata de la magistrada que otorg\u00f3 la custodia de Lucio Dupuy a su&#8230;<\/p>\n","protected":false},"author":3,"featured_media":108828,"comment_status":"closed","ping_status":"closed","sticky":false,"template":"","format":"standard","meta":[],"categories":[4],"tags":[],"_links":{"self":[{"href":"https:\/\/www.actualidadadiario.com\/index.php\/wp-json\/wp\/v2\/posts\/108827"}],"collection":[{"href":"https:\/\/www.actualidadadiario.com\/index.php\/wp-json\/wp\/v2\/posts"}],"about":[{"href":"https:\/\/www.actualidadadiario.com\/index.php\/wp-json\/wp\/v2\/types\/post"}],"author":[{"embeddable":true,"href":"https:\/\/www.actualidadadiario.com\/index.php\/wp-json\/wp\/v2\/users\/3"}],"replies":[{"embeddable":true,"href":"https:\/\/www.actualidadadiario.com\/index.php\/wp-json\/wp\/v2\/comments?post=108827"}],"version-history":[{"count":1,"href":"https:\/\/www.actualidadadiario.com\/index.php\/wp-json\/wp\/v2\/posts\/108827\/revisions"}],"predecessor-version":[{"id":108829,"href":"https:\/\/www.actualidadadiario.com\/index.php\/wp-json\/wp\/v2\/posts\/108827\/revisions\/108829"}],"wp:featuredmedia":[{"embeddable":true,"href":"https:\/\/www.actualidadadiario.com\/index.php\/wp-json\/wp\/v2\/media\/108828"}],"wp:attachment":[{"href":"https:\/\/www.actualidadadiario.com\/index.php\/wp-json\/wp\/v2\/media?parent=108827"}],"wp:term":[{"taxonomy":"category","embeddable":true,"href":"https:\/\/www.actualidadadiario.com\/index.php\/wp-json\/wp\/v2\/categories?post=108827"},{"taxonomy":"post_tag","embeddable":true,"href":"https:\/\/www.actualidadadiario.com\/index.php\/wp-json\/wp\/v2\/tags?post=108827"}],"curies":[{"name":"wp","href":"https:\/\/api.w.org\/{rel}","templated":true}]}}