{"id":10882,"date":"2017-05-03T09:03:46","date_gmt":"2017-05-03T12:03:46","guid":{"rendered":"http:\/\/actualidadadiario.com\/site\/?p=10882"},"modified":"2017-05-03T09:03:46","modified_gmt":"2017-05-03T12:03:46","slug":"el-gobierno-ofrecio-un-235-por-ciento-de-aumento-a-los-maestros","status":"publish","type":"post","link":"https:\/\/www.actualidadadiario.com\/index.php\/2017\/05\/03\/el-gobierno-ofrecio-un-235-por-ciento-de-aumento-a-los-maestros\/","title":{"rendered":"El gobierno ofreci\u00f3 un 23,5 por ciento de aumento a los maestros"},"content":{"rendered":"<p><em><strong>En un nuevo encuentro producido en la tarde de este martes, el gobierno provincial mejor\u00f3 su oferta a los gremios docentes; la misma totaliza un 23,5 por ciento desglosado en cuatro tramos. Se mantiene abierta la negociaci\u00f3n por los d\u00edas descontados y se trabaja conjuntamente con los gremios en la modificaci\u00f3n de la Resoluci\u00f3n 2566 del Consejo General de Educaci\u00f3n (CGE)<\/strong><\/em><\/p>\n<p>&nbsp;<\/p>\n<p>&nbsp;<\/p>\n<p>&nbsp;<\/p>\n<p>La propuesta salarial presentada en esta jornada &#8220;significa el mayor esfuerzo posible que hace la administraci\u00f3n provincial, en virtud de la inquietud que provoca el desarrollo irregular del ciclo lectivo&#8221;, se\u00f1al\u00f3 el ministro de Econom\u00eda, Hugo Ballay, qui\u00e9n junto al titular del CGE, Jos\u00e9 Luis Panozzo, se encarg\u00f3 de transmitir la noticia a los representantes gremiales.<\/p>\n<p>&nbsp;<\/p>\n<p>El detalle acercado a los gremios que totaliza un 23,5 por ciento se compone de un 6 por ciento aplicado en marzo, un 4 por ciento en abril, un 7,5 por ciento a partir de julio y finalmente un 6 por ciento desde el mes de octubre. El Ministro de Econom\u00eda sostuvo que &#8220;la nueva oferta se hace respetando la decisi\u00f3n del gobernador de que si el efecto inflacionario superara estos valores durante este ejercicio, esa diferencia ser\u00e1 reconocida&#8221;.<\/p>\n<p>&nbsp;<\/p>\n<p>\u201cCreemos que es el m\u00e1ximo esfuerzo posible de la provincia y tambi\u00e9n lo hacemos porque el salario docente est\u00e1 influenciado de alguna manera por montos fijos que paga el Estado nacional y que en este caso no han tenido ning\u00fan tipo de incremento, entonces este es un esfuerzo que hacemos desde ac\u00e1, con recursos provinciales\u201d, enfatiz\u00f3 Ballay.<\/p>\n<p>&nbsp;<\/p>\n<p>Sobre los descuentos por los d\u00edas de huelga descontados explic\u00f3 que \u201cla situaci\u00f3n de los d\u00edas de paro hay que dividirla en dos: nosotros realizamos descuentos de los cinco primeros d\u00edas de paro realizados, y tenemos en suspenso los ocho d\u00edas restantes\u201d y sostuvo que forma parte de los puntos que \u201cvamos a continuar hablando con los gremios con posterioridad al cierre de la discusi\u00f3n salarial\u201d.<\/p>\n<p>&nbsp;<\/p>\n<p>Una vez finalizado el encuentro, el secretario General del Sindicato Argentino de Docentes Particulares (Sadop), Sergio Pesoa, dijo que fue \u201cuna reuni\u00f3n dentro de todo bastante positiva\u201d, y que \u201clo ofrecido por el gobierno va a pasar a ser estudio en cada sindicato de las bases en las metodolog\u00edas correspondientes. Ellos (por Agmer) tienen congreso el viernes, nosotros tenemos consejo directivo casualmente el viernes a la ma\u00f1ana&#8221;.<\/p>\n<p>&nbsp;<\/p>\n<p>En el mismo sentido, el secretario General de la Asociaci\u00f3n Gremial del Magisterio de Entre R\u00edos (Agmer), Fabi\u00e1n Peccin dijo que \u201ces una propuesta que ha superado las anteriores\u201d, que comenz\u00f3 con un \u201c18 por ciento inicial, despu\u00e9s el 21, hoy el 23,5\u201d.<\/p>\n<p>&nbsp;<\/p>\n<p>\u201cEsto ser\u00e1 analizado en todas las asambleas, en cada una de las escuelas de la provincia. El viernes ser\u00e1 el congreso de Agmer en Concepci\u00f3n del Uruguay&#8221;, indic\u00f3.<\/p>\n<p>&nbsp;<\/p>\n<p>En ese marco, Pecc\u00edn valor\u00f3 que la propuesta del gobierno tambi\u00e9n est\u00e1 \u201csujeta al avance o no de la inflaci\u00f3n y una revisi\u00f3n en caso de tener un porcentaje superior en cuanto a lo ofrecido en relaci\u00f3n a la inflaci\u00f3n\u201d.<\/p>\n<p>&nbsp;<\/p>\n<p>Por \u00faltimo, Pecc\u00edn confirm\u00f3 que la discusi\u00f3n en torno a la devoluci\u00f3n de los cinco d\u00edas descontados por paro \u201ctambi\u00e9n queda sujeto al avance de la negociaci\u00f3n. Es decir, luego de nuestros congresos, luego de que los compa\u00f1eros decidan sobre la propuesta en s\u00ed, desde el gobierno se comprometen a seguir hablando, dialogando respecto de la devoluci\u00f3n de los d\u00edas descontados que faltan y avanzar con la resoluci\u00f3n 2566 (del CGE)&#8221;.<\/p>\n","protected":false},"excerpt":{"rendered":"<p>En un nuevo encuentro producido en la tarde de este martes, el gobierno provincial mejor\u00f3 su oferta a los gremios docentes; la misma totaliza un 23,5 por ciento desglosado en cuatro tramos. Se mantiene abierta la negociaci\u00f3n por los d\u00edas descontados y se trabaja conjuntamente con los gremios en la modificaci\u00f3n de la Resoluci\u00f3n 2566 del Consejo General de Educaci\u00f3n (CGE) &nbsp; &nbsp; &nbsp; La propuesta salarial presentada en esta jornada &#8220;significa el mayor esfuerzo posible que hace la administraci\u00f3n provincial, en virtud de la inquietud que provoca el desarrollo&#8230;<\/p>\n","protected":false},"author":3,"featured_media":10883,"comment_status":"closed","ping_status":"closed","sticky":false,"template":"","format":"standard","meta":[],"categories":[9,15],"tags":[],"_links":{"self":[{"href":"https:\/\/www.actualidadadiario.com\/index.php\/wp-json\/wp\/v2\/posts\/10882"}],"collection":[{"href":"https:\/\/www.actualidadadiario.com\/index.php\/wp-json\/wp\/v2\/posts"}],"about":[{"href":"https:\/\/www.actualidadadiario.com\/index.php\/wp-json\/wp\/v2\/types\/post"}],"author":[{"embeddable":true,"href":"https:\/\/www.actualidadadiario.com\/index.php\/wp-json\/wp\/v2\/users\/3"}],"replies":[{"embeddable":true,"href":"https:\/\/www.actualidadadiario.com\/index.php\/wp-json\/wp\/v2\/comments?post=10882"}],"version-history":[{"count":1,"href":"https:\/\/www.actualidadadiario.com\/index.php\/wp-json\/wp\/v2\/posts\/10882\/revisions"}],"predecessor-version":[{"id":10884,"href":"https:\/\/www.actualidadadiario.com\/index.php\/wp-json\/wp\/v2\/posts\/10882\/revisions\/10884"}],"wp:featuredmedia":[{"embeddable":true,"href":"https:\/\/www.actualidadadiario.com\/index.php\/wp-json\/wp\/v2\/media\/10883"}],"wp:attachment":[{"href":"https:\/\/www.actualidadadiario.com\/index.php\/wp-json\/wp\/v2\/media?parent=10882"}],"wp:term":[{"taxonomy":"category","embeddable":true,"href":"https:\/\/www.actualidadadiario.com\/index.php\/wp-json\/wp\/v2\/categories?post=10882"},{"taxonomy":"post_tag","embeddable":true,"href":"https:\/\/www.actualidadadiario.com\/index.php\/wp-json\/wp\/v2\/tags?post=10882"}],"curies":[{"name":"wp","href":"https:\/\/api.w.org\/{rel}","templated":true}]}}