{"id":108816,"date":"2023-09-29T12:39:36","date_gmt":"2023-09-29T15:39:36","guid":{"rendered":"https:\/\/www.actualidadadiario.com\/?p=108816"},"modified":"2023-09-29T12:39:36","modified_gmt":"2023-09-29T15:39:36","slug":"oficializan-la-suba-de-salario-minimo-322-por-ciento-en-tres-tramos-hasta-156-mil-pesos","status":"publish","type":"post","link":"https:\/\/www.actualidadadiario.com\/index.php\/2023\/09\/29\/oficializan-la-suba-de-salario-minimo-322-por-ciento-en-tres-tramos-hasta-156-mil-pesos\/","title":{"rendered":"Oficializan la suba de salario m\u00ednimo 32,2 por ciento en tres tramos hasta 156 mil pesos"},"content":{"rendered":"<p style=\"text-align: center;\"><em><strong>En ese sentido, seg\u00fan lo dispone la resoluci\u00f3n 15 publicada en el Bolet\u00edn Oficial, &#8220;la Prestaci\u00f3n por Desempleo prevista en el art\u00edculo 118 de la Ley N\u00ba 24.013, para los trabajadores convencionados o no convencionados, ser\u00e1 equivalente a un 75% del importe neto de la mejor remuneraci\u00f3n mensual, normal y habitual del trabajador en los seis (6) meses anteriores al cese del contrato de trabajo que dio lugar a la situaci\u00f3n de desempleo&#8221;<\/strong><\/em><\/p>\n<p>&nbsp;<\/p>\n<p>&nbsp;<\/p>\n<p>El Gobierno nacional oficializ\u00f3 hoy el acuerdo alcanzado esta semana en el marco del Consejo del Salario M\u00ednimo, Vital y M\u00f3vil, en el que se aprob\u00f3 un aumento de ese ingreso para el per\u00edodo octubre-diciembre del 32,2%, por lo que a partir del pr\u00f3ximo mes esos trabajadores percibir\u00e1n un haber de 132 mil pesos, en noviembre de 146 mil y hacia fin de a\u00f1o de 156 mil pesos<\/p>\n<p>La resoluci\u00f3n 15 del Ministerio de Trabajo fue firmada por la titular de la cartera, Raquel &#8216;Kelly&#8217; Olmos y publicada hoy en el Bolet\u00edn Oficial.<\/p>\n<p>Se establece adem\u00e1s que &#8220;la Prestaci\u00f3n por Desempleo prevista en el art\u00edculo 118 de la Ley N\u00ba 24.013, para los trabajadores convencionados o no convencionados, ser\u00e1 equivalente a un 75% del importe neto de la mejor remuneraci\u00f3n mensual, normal y habitual del trabajador en los seis (6) meses anteriores al cese del contrato de trabajo que dio lugar a la situaci\u00f3n de desempleo&#8221;.<\/p>\n<p>&#8220;En ning\u00fan caso la prestaci\u00f3n mensual podr\u00e1 ser inferior al 50% del Salario M\u00ednimo Vital y M\u00f3vil vigente, ni superior al 100% del Salario M\u00ednimo Vital y M\u00f3vil vigente&#8221;, agrega el texto.<\/p>\n<p>Esta semana, sindicalistas de las tres centrales obreras y los empresarios de variadas c\u00e1maras aprobaron la propuesta de aumento de las prestaciones por seguro de desempleo, que pasar\u00e1n del 50 al 75% del importe neto de los \u00faltimos seis salarios.<\/p>\n<p>Los gremialistas de la CGT y de la CTA de los Trabajadores y las c\u00e1maras empresarias aprobaron un aumento del ingreso m\u00ednimo para el trimestre octubre-diciembre del 32,2% en tres tramos, por lo que el haber m\u00ednimo, vital y m\u00f3vil ser\u00e1 en diciembre de 156 mil pesos en relaci\u00f3n con los 118 mil pesos actuales, estipula la norma publicada hoy.<\/p>\n","protected":false},"excerpt":{"rendered":"<p>En ese sentido, seg\u00fan lo dispone la resoluci\u00f3n 15 publicada en el Bolet\u00edn Oficial, &#8220;la Prestaci\u00f3n por Desempleo prevista en el art\u00edculo 118 de la Ley N\u00ba 24.013, para los trabajadores convencionados o no convencionados, ser\u00e1 equivalente a un 75% del importe neto de la mejor remuneraci\u00f3n mensual, normal y habitual del trabajador en los seis (6) meses anteriores al cese del contrato de trabajo que dio lugar a la situaci\u00f3n de desempleo&#8221; &nbsp; &nbsp; El Gobierno nacional oficializ\u00f3 hoy el acuerdo alcanzado esta semana en el marco del Consejo&#8230;<\/p>\n","protected":false},"author":3,"featured_media":102263,"comment_status":"closed","ping_status":"closed","sticky":false,"template":"","format":"standard","meta":[],"categories":[18],"tags":[],"_links":{"self":[{"href":"https:\/\/www.actualidadadiario.com\/index.php\/wp-json\/wp\/v2\/posts\/108816"}],"collection":[{"href":"https:\/\/www.actualidadadiario.com\/index.php\/wp-json\/wp\/v2\/posts"}],"about":[{"href":"https:\/\/www.actualidadadiario.com\/index.php\/wp-json\/wp\/v2\/types\/post"}],"author":[{"embeddable":true,"href":"https:\/\/www.actualidadadiario.com\/index.php\/wp-json\/wp\/v2\/users\/3"}],"replies":[{"embeddable":true,"href":"https:\/\/www.actualidadadiario.com\/index.php\/wp-json\/wp\/v2\/comments?post=108816"}],"version-history":[{"count":1,"href":"https:\/\/www.actualidadadiario.com\/index.php\/wp-json\/wp\/v2\/posts\/108816\/revisions"}],"predecessor-version":[{"id":108817,"href":"https:\/\/www.actualidadadiario.com\/index.php\/wp-json\/wp\/v2\/posts\/108816\/revisions\/108817"}],"wp:featuredmedia":[{"embeddable":true,"href":"https:\/\/www.actualidadadiario.com\/index.php\/wp-json\/wp\/v2\/media\/102263"}],"wp:attachment":[{"href":"https:\/\/www.actualidadadiario.com\/index.php\/wp-json\/wp\/v2\/media?parent=108816"}],"wp:term":[{"taxonomy":"category","embeddable":true,"href":"https:\/\/www.actualidadadiario.com\/index.php\/wp-json\/wp\/v2\/categories?post=108816"},{"taxonomy":"post_tag","embeddable":true,"href":"https:\/\/www.actualidadadiario.com\/index.php\/wp-json\/wp\/v2\/tags?post=108816"}],"curies":[{"name":"wp","href":"https:\/\/api.w.org\/{rel}","templated":true}]}}