{"id":108813,"date":"2023-09-29T12:38:50","date_gmt":"2023-09-29T15:38:50","guid":{"rendered":"https:\/\/www.actualidadadiario.com\/?p=108813"},"modified":"2023-09-29T12:38:50","modified_gmt":"2023-09-29T15:38:50","slug":"aseguran-que-solo-un-triunfo-de-bullrich-evita-la-ruptura-de-juntos","status":"publish","type":"post","link":"https:\/\/www.actualidadadiario.com\/index.php\/2023\/09\/29\/aseguran-que-solo-un-triunfo-de-bullrich-evita-la-ruptura-de-juntos\/","title":{"rendered":"Aseguran que solo un triunfo de Bullrich evita la ruptura de Juntos"},"content":{"rendered":"<p style=\"text-align: center;\"><strong><em>Larreta y los radicales ya decidieron que no acompa\u00f1ar\u00e1n un pedido de Macri a votar por Milei, si el ballotage es contra Massa<\/em><\/strong><\/p>\n<p>&nbsp;<\/p>\n<p>&nbsp;<\/p>\n<p>En la c\u00fapula de Juntos crece la convicci\u00f3n que Patricia Bullrich est\u00e1 afuera del ballotage. Las \u00faltimas encuestas la ubican entre 3,5 y 5 puntos debajo de Sergio Massa. Faltan tres semanas para la elecci\u00f3n y la coincidencia es que se trata de una distancia posible de descontar, pero dif\u00edcil. &#8220;Cuatro puntos es un mont\u00f3n&#8221;, se sincer\u00f3 uno de los dirigentes m\u00e1s importantes de esa fuerza.<\/p>\n<p>La elecci\u00f3n que enfrenta la ex ministra de Seguridad es por lejos la m\u00e1s importante en la historia de esta coalici\u00f3n opositora. Nunca estuvo tan cerca de la ruptura. Una ruptura que s\u00f3lo un triunfo de Bullrich podr\u00eda evitar. De esa dimensi\u00f3n es la responsabilidad que carga.<\/p>\n<p>Si Bullrich sale tercera y queda afuera de la segunda vuelta, la ruptura de Juntos es inevitable. Si Bullrich entra a la segunda vuelta y pierde con Milei, tambi\u00e9n se quebrar\u00e1 la coalici\u00f3n opositora, s\u00f3lo que un poco m\u00e1s tarde. La raz\u00f3n que explica esta ecuaci\u00f3n se llama Mauricio Macri.<\/p>\n<p>Todo el esfuerzo de la prensa amiga de Bullrich por mostrar a Macri como distanciado de Milei es comprensible, pero no refleja la realidad. El ex presidente mantiene su doble juego y se ve como el gran power broker tanto si gana su candidata oficial como el libertario. S\u00f3lo un triunfo de Massa lo deja fuera de juego y esto se vincula con la deriva rupturista de Juntos.<\/p>\n<p>El doble juego del ex presidente est\u00e1 generando una tensi\u00f3n extrema con Bullrich. Macri se resiste con excusas varias a atacar de frente a Milei, como le pide su ex ministra. La relaci\u00f3n entre ambos no es f\u00e1cil. Macri est\u00e1 molesto porque Bullrich no le ofrece un rol claro en la campa\u00f1a y en su eventual gobierno. Y Bullrich se enoja por los gui\u00f1os a Milei, al mismo tiempo que por momentos se subordina a extremos innecesarios como cuando le permiti\u00f3 a Macri dar el discurso de cierre la noche de su triunfo sobre Larreta.<\/p>\n<p>Pero veamos los escenarios de ruptura. Si Bullrich queda afuera del ballotage, lo natural es que luego de la elecci\u00f3n se re\u00fana la mesa nacional de Juntos y fije su postura pol\u00edtica frente a la segunda vuelta. &#8220;No imagines un comunicado de unidad, esa reuni\u00f3n, si es que ocurre, puede terminar en una ruptura&#8221;, anticip\u00f3 un dirigente de la coalici\u00f3n opositora que habla con todos los sectores.<\/p>\n<p>En Juntos descuentan que en un escenario de ballotage Milei-Massa, Macri va a pronunciarse en favor del libertario. Es l\u00f3gico, es su pasaporte de regreso al poder. El problema es que Horacio Rodr\u00edguez Larreta ya avis\u00f3 que en ese caso no acompa\u00f1ar\u00e1 la decisi\u00f3n, lo mismo que buena parte del radicalismo e incluso algunos dirigentes del PRO como Diego Santilli, Mar\u00eda Eugenia Vidal y Emilio Monz\u00f3.<\/p>\n<p>&#8220;La duda es que har\u00eda Patricia, pero ella est\u00e1 muy mal con Milei y con mucha tensi\u00f3n con Macri&#8221;, agreg\u00f3 otro de los l\u00edderes de Juntos. El libertario y la ex ministra ya cruzaron la frontera de los ataques personales con acusaciones hasta de des\u00f3rdenes mentales. Por eso, la decisi\u00f3n de Macri de validar al libertario como una buena opci\u00f3n para la Argentina mete a Juntos en un problema estructural, que se traslada al d\u00eda despu\u00e9s de la segunda vuelta.<\/p>\n<p>Si Milei se impone a Massa o Bullrich y es electo presidente, la coalici\u00f3n opositora enfrenta la misma encrucijada que en el ballotage.<\/p>\n<p>Macri buscar\u00e1 en erigirse en sost\u00e9n pol\u00edtico de un gobierno que comenzar\u00e1 con pocos legisladores y casi sin gobernadores ni intendentes propios. &#8220;El problema no es s\u00f3lo que le va a meter gente en el Poder Ejecutivo, el tema m\u00e1s delicado es que va a tratar que los bloques parlamentarios lo acompa\u00f1en&#8221;, explic\u00f3 uno de los dirigentes consultados.<\/p>\n<p>Eso significa que esos bloques, integrados en un porcentaje alto por radicales, deber\u00edan convertir en leyes la agenda extrema de Milei, que -por ejemplo- plantea el cierre del Banco Central y el reemplazo de la moneda argentina por el d\u00f3lar. Bastante traum\u00e1tico para una UCR que viene procesando con dificultad el giro a la derecha dura de Macri.<\/p>\n<p>Estamos as\u00ed ante dos l\u00edneas muy claras y antag\u00f3nicas. Macri que propone integrarse, apoyar, el gobierno de Milei y avanzar con su agenda de reformas ultra liberales. Mientras que el sector que acompa\u00f1\u00f3 a Larreta ya se prepara para &#8220;reagruparse&#8221; luego de la elecci\u00f3n y plantarse como una oposici\u00f3n de centro a Milei, en la expectativa de un fracaso de su gobierno, que permita a las opciones &#8220;razonables&#8221; recuperar atractivo en la sociedad.<\/p>\n<p>Este escenario es el que explica la energ\u00eda de Massa en medio de una catarata de p\u00e9simas noticias econ\u00f3micas, con todos los indicadores detonados. Puede ser que sea incansable, pero sobre todo ve la oportunidad de ser el gran candidato del centro en la segunda vuelta, y si pierde, quedar con un volumen de votos que le permita sumarse a la discusi\u00f3n de una oposici\u00f3n, que por primera vez desde la recuperaci\u00f3n democr\u00e1tica, podr\u00eda encontrar a peronistas y radicales compartiendo el llano.<\/p>\n","protected":false},"excerpt":{"rendered":"<p>Larreta y los radicales ya decidieron que no acompa\u00f1ar\u00e1n un pedido de Macri a votar por Milei, si el ballotage es contra Massa &nbsp; &nbsp; En la c\u00fapula de Juntos crece la convicci\u00f3n que Patricia Bullrich est\u00e1 afuera del ballotage. Las \u00faltimas encuestas la ubican entre 3,5 y 5 puntos debajo de Sergio Massa. Faltan tres semanas para la elecci\u00f3n y la coincidencia es que se trata de una distancia posible de descontar, pero dif\u00edcil. &#8220;Cuatro puntos es un mont\u00f3n&#8221;, se sincer\u00f3 uno de los dirigentes m\u00e1s importantes de esa&#8230;<\/p>\n","protected":false},"author":3,"featured_media":108814,"comment_status":"closed","ping_status":"closed","sticky":false,"template":"","format":"standard","meta":[],"categories":[18],"tags":[],"_links":{"self":[{"href":"https:\/\/www.actualidadadiario.com\/index.php\/wp-json\/wp\/v2\/posts\/108813"}],"collection":[{"href":"https:\/\/www.actualidadadiario.com\/index.php\/wp-json\/wp\/v2\/posts"}],"about":[{"href":"https:\/\/www.actualidadadiario.com\/index.php\/wp-json\/wp\/v2\/types\/post"}],"author":[{"embeddable":true,"href":"https:\/\/www.actualidadadiario.com\/index.php\/wp-json\/wp\/v2\/users\/3"}],"replies":[{"embeddable":true,"href":"https:\/\/www.actualidadadiario.com\/index.php\/wp-json\/wp\/v2\/comments?post=108813"}],"version-history":[{"count":1,"href":"https:\/\/www.actualidadadiario.com\/index.php\/wp-json\/wp\/v2\/posts\/108813\/revisions"}],"predecessor-version":[{"id":108815,"href":"https:\/\/www.actualidadadiario.com\/index.php\/wp-json\/wp\/v2\/posts\/108813\/revisions\/108815"}],"wp:featuredmedia":[{"embeddable":true,"href":"https:\/\/www.actualidadadiario.com\/index.php\/wp-json\/wp\/v2\/media\/108814"}],"wp:attachment":[{"href":"https:\/\/www.actualidadadiario.com\/index.php\/wp-json\/wp\/v2\/media?parent=108813"}],"wp:term":[{"taxonomy":"category","embeddable":true,"href":"https:\/\/www.actualidadadiario.com\/index.php\/wp-json\/wp\/v2\/categories?post=108813"},{"taxonomy":"post_tag","embeddable":true,"href":"https:\/\/www.actualidadadiario.com\/index.php\/wp-json\/wp\/v2\/tags?post=108813"}],"curies":[{"name":"wp","href":"https:\/\/api.w.org\/{rel}","templated":true}]}}