{"id":108810,"date":"2023-09-29T12:37:57","date_gmt":"2023-09-29T15:37:57","guid":{"rendered":"https:\/\/www.actualidadadiario.com\/?p=108810"},"modified":"2023-09-29T12:37:57","modified_gmt":"2023-09-29T15:37:57","slug":"javier-milei-se-prepara-para-el-debate-presidencial-guardado-de-la-escena-publica","status":"publish","type":"post","link":"https:\/\/www.actualidadadiario.com\/index.php\/2023\/09\/29\/javier-milei-se-prepara-para-el-debate-presidencial-guardado-de-la-escena-publica\/","title":{"rendered":"Javier Milei se prepara para el debate presidencial &#8220;guardado&#8221; de la escena p\u00fablica"},"content":{"rendered":"<p style=\"text-align: center;\"><em><strong>El candidato presidencial de La libertad Avanza tuvo su \u00faltima actividad proselitista p\u00fablica el lunes, cuando encabez\u00f3 una caravana en el distrito bonaerense de San Mart\u00edn junto a la candidata a gobernadora Carolina P\u00edparo<\/strong><\/em><\/p>\n<p>&nbsp;<\/p>\n<p>&nbsp;<\/p>\n<p>El diputado nacional y candidato presidencial de La libertad Avanza (LLA), Javier Milei, prepara su presentaci\u00f3n en el debate presidencial de este domingo junto a sus asesores econ\u00f3micos y sin apariciones p\u00fablicas previstas para el resto de esta semana, cuando faltan 24 d\u00edas d\u00edas para los comicios nacionales de octubre.<\/p>\n<p>Su \u00faltima actividad proselitista p\u00fablica fue el lunes cuando encabez\u00f3 una caravana en el distrito bonaerense de San Mart\u00edn, junto a la candidata a gobernadora Carolina P\u00edparo, donde volvi\u00f3 a a exhibir una motosierra como s\u00edmbolo de los &#8220;recortes&#8221; en el sector p\u00fablico que tiene planeado aplicar en caso de llegar a ser electo y reiter\u00f3 sus consignas contra el Estado.<\/p>\n<p>El mi\u00e9rcoles, decidi\u00f3 cancelar una entrevista prevista con el canal CNN en Espa\u00f1ol, seg\u00fan cont\u00f3 p\u00fablicamente el periodista Fernando del Rinc\u00f3n, que hab\u00eda viajado especialmente a Buenos Aires para entrevistarlo.<\/p>\n<p>&#8220;Una situaci\u00f3n muy peculiar con Javier Milei. Me confirm\u00f3 una entrevista, y me la reconfirm\u00f3 antes de llegar a Buenos Aires. Ven\u00edamos con tranquilidad y menos de un d\u00eda antes se cancela, misteriosamente. Algo dec\u00eda su equipo de que lo iban a guardar 10 d\u00edas, \u00bfEs por seguridad, por salud o porque no quieren arriesgar los puntos?&#8221;, se pregunt\u00f3 el mi\u00e9rcoles Del Rinc\u00f3n durante su programa en CNN en Espa\u00f1ol.<\/p>\n<p>Tras la caravana del lunes en San Mart\u00edn, Milei no hizo m\u00e1s declaraciones p\u00fablicas, pero se mantiene muy activo en sus redes sociales, donde repostea mensajes de otros usuarios u opina sobre distintos temas, como la performance de su candidato a jefe de gobierno porte\u00f1o, Ramiro Marra, en el debate celebrado el mi\u00e9rcoles.<\/p>\n<p>Este jueves, el candidato sufri\u00f3 un rev\u00e9s por parte del Fondo Monetario Internacional (FMI), quien se distanci\u00f3 de la propuesta del candidato de La Libertad Avanza (LLA) de dolarizar la econom\u00eda argentina, se\u00f1alando que para ello se &#8220;requiere de pasos previos importantes&#8221; y que no representa &#8220;algo que reemplace una pol\u00edtica macroecon\u00f3mica s\u00f3lida&#8221;, seg\u00fan afirm\u00f3 la portavoz del organismo, Julie Kozack, en una conferencia de prensa en Washington.<\/p>\n<p>&nbsp;<\/p>\n<p><strong>Centrado en el debate<\/strong><\/p>\n<p>Seg\u00fan confirmaron desde La Libertad Avanza, Milei se encuentra abocado estos d\u00edas a preparar el primer debate presidencial que se realizar\u00e1 este domingo en la Universidad Nacional de Santiago del Estero. Lo hace acompa\u00f1ado de sus asesores econ\u00f3micos Dar\u00edo Epstein, Carlos Rodr\u00edguez y Emilio Ocampo y con su probable jefe de Gabinete en caso de ganar las elecciones, Nicol\u00e1s Posse.<\/p>\n<p>Con ellos enfoca y delinea las propuestas sobre el primer eje de del debate del domingo, que ser\u00e1 la econom\u00eda.<\/p>\n<p>En declaraciones a radio La Red, Marra dijo este jueves que Milei busca &#8220;definir&#8221; en el debate &#8220;los dos puntos que le faltan para ganar en primera vuelta&#8221; el 22 de octubre, luego de ser el candidato m\u00e1s votado en las PASO de agosto.<\/p>\n<p>&#8220;S\u00e9 de las capacidades de Javier y del equipo que lo est\u00e1 ayudando. Lo voy a acompa\u00f1ar el domingo pero no lo estoy ayudando en el debate&#8221;, explic\u00f3 Marra la ma\u00f1ana. de este jueves<\/p>\n<p>El domingo, el libertario buscar\u00e1 enfrentar a sus oponentes y tomar\u00e1 como principal contrincante al ministro de Econom\u00eda y candidato presidencial de Uni\u00f3n por la Patria (UxP) Sergio Massa con qui\u00e9n ya dijo que &#8220;ir\u00e1 a un ballotage&#8221; seg\u00fan las encuestas que manejan en La Libertad Avanza.<\/p>\n<p>Adem\u00e1s, se espera que Milei profundice el discurso de minimizar las chances de Juntos por el Cambio (JxC) repitiendo la idea de que &#8220;est\u00e1n terceros c\u00f3modos&#8221; en las preferencias del electorado para el 22 de octubre.<\/p>\n<p>&nbsp;<\/p>\n<p><strong>DDHH y Educaci\u00f3n<\/strong><\/p>\n<p>Desde LLA confirmaron que la diputada nacional y candidata a vicepresidenta Victoria Villarruel -qui\u00e9n tom\u00f3 centralidad en el debate de Vicepresidentes que se dio la semana pasada en el canal Todo Noticias- tambi\u00e9n forma parte del equipo que asiste a Milei para el debate y lo asesora particularmente en materia de derechos humanos, que es otro de los ejes tem\u00e1ticos que se tratar\u00e1n el domingo.<\/p>\n<p>Ese fue uno de los temas centrales que Villarruel debi\u00f3 responder la semana pasada en el debate de los vicepresidentes; en particular su relaci\u00f3n con exmilitares condenados por delitos de lesa humanidad y su reivindicaci\u00f3n de la \u00faltima dictadura militar.<\/p>\n<p>Sobre educaci\u00f3n, el tercer tema del debate del domingo, Milei se prepara con la ayuda de Sandra Petovello, candidata a diputada por la provincia de Buenos Aires y quien ocupar\u00eda el cargo de ministra de Capital Humano, en caso de un resultado electoral favorable. Tambi\u00e9n con Mart\u00edn Krause, el eventual secretario en Educaci\u00f3n ya que el candidato propone sacarle el status de ministerio a esa cartera.<\/p>\n<p>Seg\u00fan fuentes de LLA, en el equipo de preparaci\u00f3n tambi\u00e9n est\u00e1 la hermana de Milei, Karina, armadora central en la campa\u00f1a electoral.<\/p>\n<p>Junto a su equipo de asesores, Milei viajar\u00e1 el s\u00e1bado a Santiago del Estero: ese d\u00eda se espera que los cinco candidatos concurran al Centro de Convenciones Provincial Forum, que depende de la Universidad Nacional de Santiago, para participar de una puesta a punto de c\u00e1mara en el escenario donde debatir\u00e1n el domingo desde las 21 y durante dos horas.<\/p>\n<p>Para la semana pr\u00f3xima, Milei ya desisti\u00f3 tambi\u00e9n de participar del tradicional Coloquio de Idea que se desarrollar\u00e1 en la ciudad balnearia de Mar del Plata, entre el mi\u00e9rcoles y el viernes.<\/p>\n<p>El domingo 8 ser\u00e1 el turno del segundo debate presidencial obligatorio, en este caso a realizarse en la Facultad de Derecho de la Universidad de Buenos Aires (UBA), en el barrio porte\u00f1o de Recoleta.<\/p>\n","protected":false},"excerpt":{"rendered":"<p>El candidato presidencial de La libertad Avanza tuvo su \u00faltima actividad proselitista p\u00fablica el lunes, cuando encabez\u00f3 una caravana en el distrito bonaerense de San Mart\u00edn junto a la candidata a gobernadora Carolina P\u00edparo &nbsp; &nbsp; El diputado nacional y candidato presidencial de La libertad Avanza (LLA), Javier Milei, prepara su presentaci\u00f3n en el debate presidencial de este domingo junto a sus asesores econ\u00f3micos y sin apariciones p\u00fablicas previstas para el resto de esta semana, cuando faltan 24 d\u00edas d\u00edas para los comicios nacionales de octubre. Su \u00faltima actividad proselitista&#8230;<\/p>\n","protected":false},"author":3,"featured_media":108811,"comment_status":"closed","ping_status":"closed","sticky":false,"template":"","format":"standard","meta":[],"categories":[18],"tags":[],"_links":{"self":[{"href":"https:\/\/www.actualidadadiario.com\/index.php\/wp-json\/wp\/v2\/posts\/108810"}],"collection":[{"href":"https:\/\/www.actualidadadiario.com\/index.php\/wp-json\/wp\/v2\/posts"}],"about":[{"href":"https:\/\/www.actualidadadiario.com\/index.php\/wp-json\/wp\/v2\/types\/post"}],"author":[{"embeddable":true,"href":"https:\/\/www.actualidadadiario.com\/index.php\/wp-json\/wp\/v2\/users\/3"}],"replies":[{"embeddable":true,"href":"https:\/\/www.actualidadadiario.com\/index.php\/wp-json\/wp\/v2\/comments?post=108810"}],"version-history":[{"count":1,"href":"https:\/\/www.actualidadadiario.com\/index.php\/wp-json\/wp\/v2\/posts\/108810\/revisions"}],"predecessor-version":[{"id":108812,"href":"https:\/\/www.actualidadadiario.com\/index.php\/wp-json\/wp\/v2\/posts\/108810\/revisions\/108812"}],"wp:featuredmedia":[{"embeddable":true,"href":"https:\/\/www.actualidadadiario.com\/index.php\/wp-json\/wp\/v2\/media\/108811"}],"wp:attachment":[{"href":"https:\/\/www.actualidadadiario.com\/index.php\/wp-json\/wp\/v2\/media?parent=108810"}],"wp:term":[{"taxonomy":"category","embeddable":true,"href":"https:\/\/www.actualidadadiario.com\/index.php\/wp-json\/wp\/v2\/categories?post=108810"},{"taxonomy":"post_tag","embeddable":true,"href":"https:\/\/www.actualidadadiario.com\/index.php\/wp-json\/wp\/v2\/tags?post=108810"}],"curies":[{"name":"wp","href":"https:\/\/api.w.org\/{rel}","templated":true}]}}