{"id":108807,"date":"2023-09-29T12:32:55","date_gmt":"2023-09-29T15:32:55","guid":{"rendered":"https:\/\/www.actualidadadiario.com\/?p=108807"},"modified":"2023-09-29T12:37:02","modified_gmt":"2023-09-29T15:37:02","slug":"devolucion-del-iva-diputados-avanzara-con-un-dictamen-la-semana-que-viene","status":"publish","type":"post","link":"https:\/\/www.actualidadadiario.com\/index.php\/2023\/09\/29\/devolucion-del-iva-diputados-avanzara-con-un-dictamen-la-semana-que-viene\/","title":{"rendered":"Devoluci\u00f3n del IVA: Diputados avanzar\u00e1 con un dictamen la semana que viene"},"content":{"rendered":"<p style=\"text-align: center;\"><em><strong>Diputados trataron en comisi\u00f3n el proyecto que el Gobierno envi\u00f3 este lunes al Congreso para establecer por ley la devoluci\u00f3n del IVA<\/strong><\/em><\/p>\n<p>&nbsp;<\/p>\n<p>&nbsp;<\/p>\n<p>La Comisi\u00f3n de Presupuesto y Hacienda de la C\u00e1mara de Diputados inici\u00f3 este jueves el tratamiento del proyecto enviado por el Poder Ejecutivo para establecer por ley las compras sin el impuesto al valor agregado (IVA) en productos de la canasta b\u00e1sica para sectores con menores ingresos. Fue en una reuni\u00f3n informativa que cont\u00f3 con la presencia de funcionarios nacionales y en la que los legisladores avanzaron con el armado de un dictamen que podr\u00eda consensuarse la semana que viene.<\/p>\n<p>De la reuni\u00f3n de la comisi\u00f3n que preside el oficialista Carlos Heller, que se realiz\u00f3 en el Anexo C de la c\u00e1mara baja, participaron el titular de la Administraci\u00f3n Federal de Ingresos P\u00fablicos (AFIP), Carlos Castagneto; la subsecretaria de Ingresos P\u00fablicos, Claudia Balestrini, y el director general de Aduanas, Guillermo Michel.<\/p>\n<p>Heller anticip\u00f3 en el comienzo de la reuni\u00f3n que durante el encuentro no se emitir\u00eda dictamen y que se avanzar\u00eda en el despacho en las pr\u00f3ximas semanas, al destacar la intenci\u00f3n del oficialismo de &#8220;empezar cuanto antes a conversar de cuestiones de tratamiento del proyecto&#8221;.<\/p>\n<p>&nbsp;<\/p>\n<p><strong>Los funcionarios defendieron el proyecto &#8220;Compre sin IVA&#8221;<\/strong><\/p>\n<p>Al exponer ante los Diputados, Castagneto precis\u00f3 que &#8220;m\u00e1s de 10.700.000 personas han entrado a comprar, a partir de esta medida que tiene gran aceptaci\u00f3n de la poblaci\u00f3n&#8221;, y dijo que &#8220;es fundamental utilizar el ticket porque nos da una trazabilidad en la comercializaci\u00f3n con tarjeta de d\u00e9bito o c\u00f3digo QR&#8221;.<\/p>\n<p>A su turno, Michel record\u00f3 que en 2002 &#8220;se aprob\u00f3 un esquema para reducci\u00f3n del costo fiscal sobre el IVA de la canasta alimentaria con el entonces ministro Roberto Lavagna pero no funcion\u00f3 porque no se materializ\u00f3 en una baja del costo impositivo&#8221;. Adem\u00e1s, destac\u00f3 que luego &#8220;se estableci\u00f3 un reintegro de 5 puntos del IVA para consumo con d\u00e9bito que alcanz\u00f3 a todos los bienes excepto combustibles, que funcion\u00f3 muy bien hasta diciembre 2016 cuando el exministro (Nicol\u00e1s) Dujovne lo sac\u00f3&#8221;.<\/p>\n<p>Balestrini, por su parte, dijo que el objetivo del proyecto es &#8220;eliminar este impacto que puede tener la carga tributaria para aumentar capacidad de compra para determinados sectores, cuyos ingresos son destinados mayormente al consumo de productos de mayor necesidad&#8221;, y sostuvo que con esta iniciativa se busca que la medida &#8220;se instale como una verdadera pol\u00edtica p\u00fablica&#8221;.<\/p>\n<p>Al responder preguntas, Castagneto precis\u00f3 que &#8220;no hay exclusi\u00f3n en la devoluci\u00f3n del IVA&#8221;, y puso de relieve que esta medida &#8220;va a producir que muchos supermercados y comercios de cercan\u00eda van a facturar mucho m\u00e1s; lo estamos viendo en la facturaci\u00f3n, los tickets, para hacer que todos los impuestos sean progresivos&#8221;. &#8220;En este proyecto de ley no solamente se incluyen las tarjetas de d\u00e9bito, sino tambi\u00e9n las tarjetas de cr\u00e9dito y medios electr\u00f3nicos de pago, esto es importante porque es una ampliaci\u00f3n del r\u00e9gimen&#8221;, precis\u00f3 a su turno Balestrini.<\/p>\n<p>Desde JxC, el diputado nacional de Evoluci\u00f3n Radical Alejandro Cacace dijo estar de acuerdo con el reintegro del IVA en lugar de la reducci\u00f3n de esa al\u00edcuota, y consult\u00f3 a los funcionarios por qu\u00e9 se excluy\u00f3 a los trabajadores informales de la medida. En tanto, el diputado de la Coalici\u00f3n C\u00edvica Juan Manuel L\u00f3pez hizo referencia a las &#8220;separatas&#8221; del Presupuesto 2024 enviado por el Poder Ejecutivo, y cuestion\u00f3 la existencia de un supuesto acuerdo entre el ministro de Econom\u00eda, Sergio Massa, y el diputado y candidato de LLA, Javier Milei, para tratar &#8220;despu\u00e9s de las elecciones&#8221; la ley de leyes.<\/p>\n<p>A trav\u00e9s de Heller el oficialismo neg\u00f3 que se tratara de &#8220;un acuerdo&#8221;, pero el titular del bloque de Uni\u00f3n por la Patria, Germ\u00e1n Mart\u00ednez, propuso ir avanzando con reuniones informales para analizar el tema, a la vez que se mostr\u00f3 dispuesto a hacer las modificaciones que los diputados crean pertinentes sobre el proyecto &#8220;Compre sin IVA&#8221;.<\/p>\n<p>Antes, Mart\u00ednez hab\u00eda puesto de relieve que &#8220;hay coincidencia en la justicia de la medida y a d\u00f3nde apunta, as\u00ed como con el mecanismo de reintegro y la manera de instrumentar la medida. Ojal\u00e1 que nos permita poder avanzar&#8221;, manifest\u00f3.<\/p>\n<p>La intenci\u00f3n del oficialismo -que tiene mayor\u00eda de integrantes (24 sobre 49) en la comisi\u00f3n de Presupuesto, y con s\u00f3lo sumar un aliado se asegurar\u00eda el dictamen- es darle media sanci\u00f3n al proyecto durante octubre.<\/p>\n<p>&nbsp;<\/p>\n<p><strong>Devoluci\u00f3n del IVA: los detalles del proyecto<\/strong><\/p>\n<p>El proyecto enviado por el Ejecutivo a la C\u00e1mara de Diputados detalla en su art\u00edculo 1 a los beneficiarios de la devoluci\u00f3n:<\/p>\n<ul>\n<li>Jubilados<\/li>\n<li>Quienes cobren asignaciones por fallecimiento y pensiones no contributivas, en un monto mensual que no exceder\u00e1 seis haberes m\u00ednimos garantizados<\/li>\n<li>Beneficiarios de asignaciones universales por hijo para protecci\u00f3n social<\/li>\n<li>Benficiarias por embarazo para protecci\u00f3n social<\/li>\n<li>Trabajadores que presten servicios remunerados en relaci\u00f3n de dependencia, siempre y cuando el ingreso mensual no supere la suma equivalente a seis veces el Salario M\u00ednimo, Vital y M\u00f3vil (SMVM)<\/li>\n<\/ul>\n<p>El art\u00edculo 4, por su parte, establece el l\u00edmite del reintegro: &#8220;El reintegro mensual previsto en el presente Programa no podr\u00e1 superar el 21% del valor de la Canasta B\u00e1sica Alimentaria para un hogar tipo 2, vigente en cada mes&#8221;.<\/p>\n<p>El texto enviado al Congreso tambi\u00e9n incluye las compras de bienes en el marco de la Tarjeta Alimentar o de las tarjetas emitidas a beneficiarias y beneficiarios del Programa Nacional de Inclusi\u00f3n Socio-Productiva y Desarrollo Local-Potenciar Trabajo.<\/p>\n<p>La normativa propone tambi\u00e9n ampliar las formas de pago a las tarjetas de cr\u00e9dito o tarjetas que operen bajo la modalidad de Pago Electr\u00f3nico Inmediato (PEI) o d\u00e9bito en cuenta a trav\u00e9s de QR.<\/p>\n","protected":false},"excerpt":{"rendered":"<p>Diputados trataron en comisi\u00f3n el proyecto que el Gobierno envi\u00f3 este lunes al Congreso para establecer por ley la devoluci\u00f3n del IVA &nbsp; &nbsp; La Comisi\u00f3n de Presupuesto y Hacienda de la C\u00e1mara de Diputados inici\u00f3 este jueves el tratamiento del proyecto enviado por el Poder Ejecutivo para establecer por ley las compras sin el impuesto al valor agregado (IVA) en productos de la canasta b\u00e1sica para sectores con menores ingresos. Fue en una reuni\u00f3n informativa que cont\u00f3 con la presencia de funcionarios nacionales y en la que los legisladores&#8230;<\/p>\n","protected":false},"author":3,"featured_media":108808,"comment_status":"closed","ping_status":"closed","sticky":false,"template":"","format":"standard","meta":[],"categories":[18],"tags":[],"_links":{"self":[{"href":"https:\/\/www.actualidadadiario.com\/index.php\/wp-json\/wp\/v2\/posts\/108807"}],"collection":[{"href":"https:\/\/www.actualidadadiario.com\/index.php\/wp-json\/wp\/v2\/posts"}],"about":[{"href":"https:\/\/www.actualidadadiario.com\/index.php\/wp-json\/wp\/v2\/types\/post"}],"author":[{"embeddable":true,"href":"https:\/\/www.actualidadadiario.com\/index.php\/wp-json\/wp\/v2\/users\/3"}],"replies":[{"embeddable":true,"href":"https:\/\/www.actualidadadiario.com\/index.php\/wp-json\/wp\/v2\/comments?post=108807"}],"version-history":[{"count":1,"href":"https:\/\/www.actualidadadiario.com\/index.php\/wp-json\/wp\/v2\/posts\/108807\/revisions"}],"predecessor-version":[{"id":108809,"href":"https:\/\/www.actualidadadiario.com\/index.php\/wp-json\/wp\/v2\/posts\/108807\/revisions\/108809"}],"wp:featuredmedia":[{"embeddable":true,"href":"https:\/\/www.actualidadadiario.com\/index.php\/wp-json\/wp\/v2\/media\/108808"}],"wp:attachment":[{"href":"https:\/\/www.actualidadadiario.com\/index.php\/wp-json\/wp\/v2\/media?parent=108807"}],"wp:term":[{"taxonomy":"category","embeddable":true,"href":"https:\/\/www.actualidadadiario.com\/index.php\/wp-json\/wp\/v2\/categories?post=108807"},{"taxonomy":"post_tag","embeddable":true,"href":"https:\/\/www.actualidadadiario.com\/index.php\/wp-json\/wp\/v2\/tags?post=108807"}],"curies":[{"name":"wp","href":"https:\/\/api.w.org\/{rel}","templated":true}]}}