{"id":108800,"date":"2023-09-29T12:34:32","date_gmt":"2023-09-29T15:34:32","guid":{"rendered":"https:\/\/www.actualidadadiario.com\/?p=108800"},"modified":"2023-09-29T12:34:32","modified_gmt":"2023-09-29T15:34:32","slug":"una-por-una-las-leyes-de-la-maratonica-sesion-en-el-senado","status":"publish","type":"post","link":"https:\/\/www.actualidadadiario.com\/index.php\/2023\/09\/29\/una-por-una-las-leyes-de-la-maratonica-sesion-en-el-senado\/","title":{"rendered":"Una por una, las leyes de la marat\u00f3nica sesi\u00f3n en el Senado"},"content":{"rendered":"<p style=\"text-align: center;\"><em><strong>La modificaci\u00f3n del Impuesto a las Ganancias, la reforma de la Ley de Alquileres, la creaci\u00f3n de cinco universidades nacionales, los programas Progresar y el de pubertad precoz, la promoci\u00f3n de la producci\u00f3n org\u00e1nica, la atenci\u00f3n a pacientes ante la muerte perinatal, y el ingreso y salida de tropas para ejercicios combinados, fueron parte de la sesi\u00f3n especial de la C\u00e1mara alta<\/strong><\/em><\/p>\n<p>&nbsp;<\/p>\n<p>&nbsp;<\/p>\n<p>El Senado sancion\u00f3 una serie de leyes, entre las que se destacan la que modifica el Impuesto a las Ganancias, el proyecto que reforma la Ley de Alquileres, y la creaci\u00f3n de cinco universidades nacionales. A continuaci\u00f3n, el detalle de todas las otras normas aprobadas.<\/p>\n<p>&nbsp;<\/p>\n<ul>\n<li><strong>Programa de Becas Educativas Progresar<\/strong><\/li>\n<\/ul>\n<p>El Senado de la Naci\u00f3n convirti\u00f3 en ley al Programa de Respaldo a Estudiantes de Argentina (Progresar), que otorga becas para lograr la reinserci\u00f3n educativa de j\u00f3venes entre 16 y 30 a\u00f1os con el fin de acompa\u00f1ar la finalizaci\u00f3n de los estudios en educaci\u00f3n media, superior y formaci\u00f3n profesional.<\/p>\n<p>De acuerdo con el texto, los beneficiarios del Programa deber\u00e1n acreditar regularidad en una instituci\u00f3n educativa o a cursos o centros de formaci\u00f3n acreditados por el programa, adem\u00e1s de realizar un control anual de salud y de los ingresos del grupo familiar, que no deben ser superiores a tres salarios m\u00ednimos.<\/p>\n<p>Seg\u00fan se inform\u00f3 en el plenario, el Plan Progresar se inici\u00f3 en 2014 con 90 mil j\u00f3venes y, desde entonces, fue ampliando el n\u00famero de sus beneficiarios a 500 mil en 2018, 1 mill\u00f3n 700 mil en 2022 y m\u00e1s de dos millones en este a\u00f1o.<\/p>\n<p>El Programa, tal como funciona en la actualidad, destina el 54 por ciento de sus becas al nivel obligatorio, el 24 por ciento para el nivel superior y el 15 por ciento para el nivel universitario. La autoridad de aplicaci\u00f3n, que es el Ministerio de Educaci\u00f3n, tiene la potestad de ampliar el universo de beneficiarios entre los 15 y los 35 a\u00f1os. Los que aspiren a obtener la beca deben mantener la regularidad en sus estudios, que no los abandonen y que se comprueben resultados favorables en el proceso de ense\u00f1anza.<\/p>\n<p>&nbsp;<\/p>\n<ul>\n<li><strong>Programa de Pubertad Precoz<\/strong><\/li>\n<\/ul>\n<p>Fue convertido en ley un proyecto que establece la creaci\u00f3n del Programa Pubertad Precoz (PPP), que propone -entre otras cuestiones- avanzar en el acceso gratuito del diagn\u00f3stico, la asistencia y la provisi\u00f3n de la medicaci\u00f3n y generar protocolos de actuaci\u00f3n.<\/p>\n<p>El proyecto define que la Pubertad Precoz &#8220;es una condici\u00f3n que lleva a los ni\u00f1os a adquirir, en forma temprana, caracteres sexuales secundarios. La pubertad precoz central provoca problemas en la estatura, en el desarrollo de los huesos y en el de los dientes&#8221;.<\/p>\n<p>&#8220;Estos cambios hormonales generan no s\u00f3lo problemas f\u00edsicos, sino que tambi\u00e9n influyen en el aspecto psicol\u00f3gico y en las relaciones sociales de las ni\u00f1as y ni\u00f1os que padecen PPC (Pubertad Precoz Central). La maduraci\u00f3n f\u00edsica temprana respecto del resto de sus pares genera en la mayor\u00eda de los casos sentimientos de angustia, verg\u00fcenza y timidez lo que conlleva, con mucha frecuencia, a un retraimiento que afecta la personalidad de los menores&#8221;, establece la iniciativa.<\/p>\n<p>Adem\u00e1s, agreg\u00f3 que &#8220;estas ni\u00f1as y ni\u00f1os pueden ser v\u00edctimas de pr\u00e1cticas de acoso f\u00edsico, verbal o psicol\u00f3gico, de forma continuada, sufriendo un trato vejatorio y descalificador con el fin de desestabilizarlos ps\u00edquicamente (bullying)&#8221; y que &#8220;la detecci\u00f3n temprana de la PPC, permite la realizaci\u00f3n oportuna de un tratamiento que detendr\u00e1 el progreso del desarrollo sexual en edades tempranas&#8221;.<\/p>\n<p>&#8220;El tratamiento es seguro y efectivo, y consiste en la prescripci\u00f3n de medicamentos -an\u00e1logos de la gonadotrofina- que detienen la secreci\u00f3n de hormonas sexuales para retrasar la pubertad. Estos medicamentos son muy costosos, inicialmente los efectores de salud s\u00f3lo reconoc\u00edan un 40% o 50% y en la mayor\u00eda directamente no los cubr\u00edan&#8221;, precisa el proyecto.<\/p>\n<p>En ese sentido, puntualiza que &#8220;a trav\u00e9s del reclamo de padres, asociaciones que trabajan sobre esta enfermedad y varias presentaciones que se realizaron desde este Congreso, se ha logrado la inclusi\u00f3n del tratamiento para la PPC -con an\u00e1logos de las gonadotrofinas- en el PMO (Programa M\u00e9dico Obligatorio) a trav\u00e9s de la Resoluci\u00f3n del Ministerio de Salud 3437\/21&#8221;.<\/p>\n<p>&nbsp;<\/p>\n<ul>\n<li><strong>Promoci\u00f3n de la producci\u00f3n org\u00e1nica<\/strong><\/li>\n<\/ul>\n<p>El Senado aprob\u00f3 y convirti\u00f3 en ley un proyecto de promoci\u00f3n a la producci\u00f3n y elaboraci\u00f3n de productos org\u00e1nicos, que busca dar estabilidad y previsibilidad al sector por un plazo de 10 a\u00f1os, y que contempla diversos beneficios fiscales para emprendimientos de empresas peque\u00f1as y medianas.<\/p>\n<p>La iniciativa establece la creaci\u00f3n de un r\u00e9gimen de promoci\u00f3n a la producci\u00f3n y elaboraci\u00f3n de productos org\u00e1nicos por un plazo de diez a\u00f1os, con beneficios impositivos y un certificado de cr\u00e9dito fiscal, entre otros puntos.<\/p>\n<p>El texto dice que podr\u00e1n ser beneficiarios del plan los productores y elaboradores -alcanzados por la ley de Producci\u00f3n Ecol\u00f3gica, Biol\u00f3gica u Org\u00e1nica- que acrediten al menos un a\u00f1o de permanencia y cuya factura m\u00e1xima se ubique en los par\u00e1metros establecidos para las empresas medianas.<\/p>\n<p>Tambi\u00e9n se faculta a la Administraci\u00f3n Federal de Ingresos P\u00fablicos (AFIP) a crear un certificado promocional a los efectos de la operatividad del presente r\u00e9gimen.<\/p>\n<p>Uno de los puntos claves referidos al financiamiento establece que la Jefatura de Gabinete podr\u00e1 realizar las asignaciones necesarias para cumplir la ley por la suma equivalente a 12.500 m\u00f3dulos que en la actualidad ascienden a $ 100 millones.<\/p>\n<p>&nbsp;<\/p>\n<ul>\n<li><strong>Atenci\u00f3n a pacientes ante la muerte perinatal<\/strong><\/li>\n<\/ul>\n<p>El Senado aprob\u00f3 y convirti\u00f3 en ley de manera un\u00e1nime, el proyecto llegado en revisi\u00f3n de Diputados que fija los procedimientos m\u00e9dico-asistenciales para la atenci\u00f3n de mujeres y personas gestantes frente a la muerte perinatal.<\/p>\n<p>La iniciativa define a la muerte perinatal como aquellas que se producen entre la semana 22 hasta 7 d\u00edas despu\u00e9s del nacimiento de la criatura.<\/p>\n<p>El texto del proyecto se\u00f1ala que todas las obras sociales, las entidades de medicina prepaga, como as\u00ed tambi\u00e9n todos aquellos agentes que brinden servicios m\u00e9dicos asistenciales a sus afiliados, independientemente de la figura jur\u00eddica que posean, tendr\u00e1n a su cargo con car\u00e1cter obligatorio instrumentar las medidas y ejecutar los cambios necesarios para garantizar el cumplimiento de la ley.<\/p>\n<p>&#8220;Las mujeres y personas gestantes tendr\u00e1n derecho a recibir informaci\u00f3n suficiente y adecuada; un trato respetuoso, individual y personalizado; tomar contacto con el cuerpo sin vida, teniendo la opci\u00f3n de hacerlo acompa\u00f1adas por un psic\u00f3logo; tomar conocimiento fehaciente de las causas que originaron el deceso; recibir informaci\u00f3n sobre lactancia, m\u00e9todos de inhibici\u00f3n y\/o donaci\u00f3n de \u00e9sta&#8221;; entre otros&#8221;, agrega el articulado.<\/p>\n<p>&nbsp;<\/p>\n<ul>\n<li><strong>Ingreso y salida de tropas para ejercicios combinados<\/strong><\/li>\n<\/ul>\n<p>La C\u00e1mara de Senadores aprob\u00f3 y convirti\u00f3 en ley, un proyecto enviado por el Poder Ejecutivo que solicita al Parlamento autorizaci\u00f3n para la entrada de tropas extranjeras al territorio nacional y la salida de las fuerzas nacionales para participar de pr\u00e1cticas contempladas en el programa de ejercitaciones combinadas.<\/p>\n<p>El proyecto del Poder Ejecutivo que establece la autorizaci\u00f3n para el ingreso y egreso de tropas indica que &#8220;la pr\u00e1ctica de ejercicios combinados de este tipo es una herramienta fundamental que permite robustecer el adiestramiento&#8221; y &#8220;entrenamiento del personal de las Fuerzas Armadas, profundizar el acercamiento y el conocimiento mutuo con las Fuerzas Armadas de otros pa\u00edses&#8221;.<\/p>\n<p>En esa l\u00ednea destaca que se trata &#8220;en s\u00ed misma una medida de confianza mutua, as\u00ed como incrementar la interoperabilidad con las fuerzas militares de otros pa\u00edses, aumentando la eficacia a la hora de llevar adelante alguna operaci\u00f3n futura&#8221;.<\/p>\n<p>Los ejercicios son Acurx II; Alasur III; &#8220;Fraterno IV; &#8220;Inalaf V; &#8220;Passex VI; &#8220;Unitas VII; &#8220;Viekaren VIII; y &#8220;Cruzex&#8221;, que tendr\u00e1n lugar dentro y fuera del territorio nacional, en el marco del Programa de Ejercitaciones Combinadas correspondiente al per\u00edodo comprendido entre el 1\u00b0 de septiembre de 2023 y el 31 de agosto de 2024.<\/p>\n<p>Seg\u00fan se explica en el texto del proyecto, del total de las ejercitaciones mencionadas, &#8220;cuatro son de car\u00e1cter multilateral, tres tienen car\u00e1cter bilateral y una, de oportunidad&#8221; y sostuvo que &#8220;uno de ellos (&#8216;Viekaren&#8217;) plantea la atenci\u00f3n a una situaci\u00f3n de emergencia o cat\u00e1strofe y seis &#8216;Acrux&#8217;, &#8216;Atlasur&#8217;, &#8216;Fraterno&#8217;, &#8216;Inalaf&#8217;, &#8216;Unitas&#8217; y &#8216;Cruzex&#8217;), una ejercitaci\u00f3n en el marco de una hipot\u00e9tica misi\u00f3n de la organizaci\u00f3n de las Naciones Unidas&#8221;.<\/p>\n<p>&#8220;Adicionalmente, el ejercicio &#8220;Atlasur&#8221; resulta una buena oportunidad para compartir experiencias y promover v\u00ednculos allende nuestra regi\u00f3n por realizarse con la armada de la Rep\u00fablica de Sud\u00e1frica&#8221;, se\u00f1al\u00f3 el texto que lleva la firma del ministro de Defensa, Jorge Taiana.<\/p>\n","protected":false},"excerpt":{"rendered":"<p>La modificaci\u00f3n del Impuesto a las Ganancias, la reforma de la Ley de Alquileres, la creaci\u00f3n de cinco universidades nacionales, los programas Progresar y el de pubertad precoz, la promoci\u00f3n de la producci\u00f3n org\u00e1nica, la atenci\u00f3n a pacientes ante la muerte perinatal, y el ingreso y salida de tropas para ejercicios combinados, fueron parte de la sesi\u00f3n especial de la C\u00e1mara alta &nbsp; &nbsp; El Senado sancion\u00f3 una serie de leyes, entre las que se destacan la que modifica el Impuesto a las Ganancias, el proyecto que reforma la Ley&#8230;<\/p>\n","protected":false},"author":3,"featured_media":108801,"comment_status":"closed","ping_status":"closed","sticky":false,"template":"","format":"standard","meta":[],"categories":[18],"tags":[],"_links":{"self":[{"href":"https:\/\/www.actualidadadiario.com\/index.php\/wp-json\/wp\/v2\/posts\/108800"}],"collection":[{"href":"https:\/\/www.actualidadadiario.com\/index.php\/wp-json\/wp\/v2\/posts"}],"about":[{"href":"https:\/\/www.actualidadadiario.com\/index.php\/wp-json\/wp\/v2\/types\/post"}],"author":[{"embeddable":true,"href":"https:\/\/www.actualidadadiario.com\/index.php\/wp-json\/wp\/v2\/users\/3"}],"replies":[{"embeddable":true,"href":"https:\/\/www.actualidadadiario.com\/index.php\/wp-json\/wp\/v2\/comments?post=108800"}],"version-history":[{"count":1,"href":"https:\/\/www.actualidadadiario.com\/index.php\/wp-json\/wp\/v2\/posts\/108800\/revisions"}],"predecessor-version":[{"id":108802,"href":"https:\/\/www.actualidadadiario.com\/index.php\/wp-json\/wp\/v2\/posts\/108800\/revisions\/108802"}],"wp:featuredmedia":[{"embeddable":true,"href":"https:\/\/www.actualidadadiario.com\/index.php\/wp-json\/wp\/v2\/media\/108801"}],"wp:attachment":[{"href":"https:\/\/www.actualidadadiario.com\/index.php\/wp-json\/wp\/v2\/media?parent=108800"}],"wp:term":[{"taxonomy":"category","embeddable":true,"href":"https:\/\/www.actualidadadiario.com\/index.php\/wp-json\/wp\/v2\/categories?post=108800"},{"taxonomy":"post_tag","embeddable":true,"href":"https:\/\/www.actualidadadiario.com\/index.php\/wp-json\/wp\/v2\/tags?post=108800"}],"curies":[{"name":"wp","href":"https:\/\/api.w.org\/{rel}","templated":true}]}}