{"id":108794,"date":"2023-09-29T12:32:01","date_gmt":"2023-09-29T15:32:01","guid":{"rendered":"https:\/\/www.actualidadadiario.com\/?p=108794"},"modified":"2023-09-29T12:32:01","modified_gmt":"2023-09-29T15:32:01","slug":"compre-sin-iva-ya-se-devolvieron-casi-20-mil-millones-de-pesos","status":"publish","type":"post","link":"https:\/\/www.actualidadadiario.com\/index.php\/2023\/09\/29\/compre-sin-iva-ya-se-devolvieron-casi-20-mil-millones-de-pesos\/","title":{"rendered":"Compre sin IVA: ya se devolvieron casi 20 mil millones de pesos"},"content":{"rendered":"<p style=\"text-align: center;\"><em><strong>M\u00e1s de 12 millones de personas fueron las que vieron impactado el beneficio en sus cuentas<\/strong><\/em><\/p>\n<p>&nbsp;<\/p>\n<p>&nbsp;<\/p>\n<p>El programa Compre sin IVA ya devolvi\u00f3 $ 19.531 millones a 12.299.512 personas en operaciones realizadas hasta el 28 de septiembre, seg\u00fan informaron fuentes oficiales.<\/p>\n<p>Dicho beneficio reintegra el 21% en las compras realizadas en comercios que vendan alimentos, productos farmac\u00e9uticos, y de aseo personal y limpieza.<\/p>\n<p>El plan tiene como objetivo amortiguar la suba de precios que se produjo luego de la devaluaci\u00f3n del 14 de agosto que desat\u00f3 una nueva escalada inflacionaria.<\/p>\n<p>El Gobierno pretende que esta medida se convierta en una pol\u00edtica de Estado y envi\u00f3 al Congreso Nacional un proyecto de ley para que se mantenga en el tiempo.<\/p>\n<p>Un estudio de la Oficina de Presupuesto de Congreso Nacional (OPC) precis\u00f3 que el costo fiscal de una medida de este estilo para el a\u00f1o 2024 ser\u00eda de 1,01% del PBI.<\/p>\n","protected":false},"excerpt":{"rendered":"<p>M\u00e1s de 12 millones de personas fueron las que vieron impactado el beneficio en sus cuentas &nbsp; &nbsp; El programa Compre sin IVA ya devolvi\u00f3 $ 19.531 millones a 12.299.512 personas en operaciones realizadas hasta el 28 de septiembre, seg\u00fan informaron fuentes oficiales. Dicho beneficio reintegra el 21% en las compras realizadas en comercios que vendan alimentos, productos farmac\u00e9uticos, y de aseo personal y limpieza. El plan tiene como objetivo amortiguar la suba de precios que se produjo luego de la devaluaci\u00f3n del 14 de agosto que desat\u00f3 una nueva&#8230;<\/p>\n","protected":false},"author":3,"featured_media":107066,"comment_status":"closed","ping_status":"closed","sticky":false,"template":"","format":"standard","meta":[],"categories":[2],"tags":[],"_links":{"self":[{"href":"https:\/\/www.actualidadadiario.com\/index.php\/wp-json\/wp\/v2\/posts\/108794"}],"collection":[{"href":"https:\/\/www.actualidadadiario.com\/index.php\/wp-json\/wp\/v2\/posts"}],"about":[{"href":"https:\/\/www.actualidadadiario.com\/index.php\/wp-json\/wp\/v2\/types\/post"}],"author":[{"embeddable":true,"href":"https:\/\/www.actualidadadiario.com\/index.php\/wp-json\/wp\/v2\/users\/3"}],"replies":[{"embeddable":true,"href":"https:\/\/www.actualidadadiario.com\/index.php\/wp-json\/wp\/v2\/comments?post=108794"}],"version-history":[{"count":1,"href":"https:\/\/www.actualidadadiario.com\/index.php\/wp-json\/wp\/v2\/posts\/108794\/revisions"}],"predecessor-version":[{"id":108795,"href":"https:\/\/www.actualidadadiario.com\/index.php\/wp-json\/wp\/v2\/posts\/108794\/revisions\/108795"}],"wp:featuredmedia":[{"embeddable":true,"href":"https:\/\/www.actualidadadiario.com\/index.php\/wp-json\/wp\/v2\/media\/107066"}],"wp:attachment":[{"href":"https:\/\/www.actualidadadiario.com\/index.php\/wp-json\/wp\/v2\/media?parent=108794"}],"wp:term":[{"taxonomy":"category","embeddable":true,"href":"https:\/\/www.actualidadadiario.com\/index.php\/wp-json\/wp\/v2\/categories?post=108794"},{"taxonomy":"post_tag","embeddable":true,"href":"https:\/\/www.actualidadadiario.com\/index.php\/wp-json\/wp\/v2\/tags?post=108794"}],"curies":[{"name":"wp","href":"https:\/\/api.w.org\/{rel}","templated":true}]}}