{"id":108785,"date":"2023-09-29T12:29:03","date_gmt":"2023-09-29T15:29:03","guid":{"rendered":"https:\/\/www.actualidadadiario.com\/?p=108785"},"modified":"2023-09-29T12:29:03","modified_gmt":"2023-09-29T15:29:03","slug":"sequia-extienden-la-emergencia-agropecuaria-en-rio-negro-santa-fe-y-la-pampa","status":"publish","type":"post","link":"https:\/\/www.actualidadadiario.com\/index.php\/2023\/09\/29\/sequia-extienden-la-emergencia-agropecuaria-en-rio-negro-santa-fe-y-la-pampa\/","title":{"rendered":"Sequ\u00eda: extienden la emergencia agropecuaria en R\u00edo Negro, Santa Fe y La Pampa"},"content":{"rendered":"<p style=\"text-align: center;\"><em><strong>As\u00ed lo dispuso el Ministerio de Econom\u00eda, a partir de una serie de resoluciones publicadas en el Bolet\u00edn Oficial<\/strong><\/em><\/p>\n<p>&nbsp;<\/p>\n<p>&nbsp;<\/p>\n<p>El Ministerio de Econom\u00eda declar\u00f3 el estado de emergencia y\/o desastre agropecuario en R\u00edo Negro, y lo prorrog\u00f3 en Santa Fe y La Pampa, a ra\u00edz de la sequ\u00eda que afecta a esas provincias. La decisi\u00f3n se formaliz\u00f3 a trav\u00e9s de tres resoluciones, publicadas este viernes en el Bolet\u00edn Oficial.<\/p>\n<p>En el caso de R\u00edo Negro, la declaraci\u00f3n beneficia a las explotaciones ganaderas bovinas, ovinas y caprinas y se extiende desde el 1\u00b0 de junio del 2023 y hasta el 1\u00b0 de junio del 2024, en los Departamentos de Adolfo Alsina, Avellaneda, Conesa, El Cuy, General Roca y Pichi Mahuida.<\/p>\n<p>En La Pampa, la pr\u00f3rroga es hasta este s\u00e1bado y alcanza a las explotaciones agr\u00edcolas ganaderas afectadas por la sequ\u00eda, mientras que en Santa Fe es hasta el 31 de marzo de 2024 para quienes desarrollen sus actividades productivas en cualquiera de los departamentos de esa provincia.<\/p>\n<p>Las fechas de finalizaci\u00f3n del estado de emergencia y\/desastre coincide con la finalizaci\u00f3n del ciclo productivo para las explotaciones agropecuarias, de acuerdo con el texto oficial.<\/p>\n<p>En todos los casos, para poder acogerse a los beneficios que acuerda la Ley N\u00b0 26.509 (de emergencia agropecuaria) los productores afectados deber\u00e1n presentar certificado extendido por la autoridad competente de la provincia, en el que conste que sus predios o explotaciones se encuentran comprendidos en los casos previstos en esa norma.<\/p>\n<p>Por su parte, los Gobiernos provinciales deber\u00e1n remitir a la Comisi\u00f3n Nacional de Emergencias y Desastres Agropecuarios el listado de los productores afectados, acompa\u00f1ando copia del certificado de emergencia emitido por la autoridad provincial competente.<\/p>\n<p>Seg\u00fan lo dispuesto, las instituciones bancarias nacionales, oficiales o mixtas y la AFIP &#8220;arbitrar\u00e1n los medios necesarios para que los productores resoluci\u00f3n gocen de los beneficios previstos&#8221; en aquella Ley.<\/p>\n","protected":false},"excerpt":{"rendered":"<p>As\u00ed lo dispuso el Ministerio de Econom\u00eda, a partir de una serie de resoluciones publicadas en el Bolet\u00edn Oficial &nbsp; &nbsp; El Ministerio de Econom\u00eda declar\u00f3 el estado de emergencia y\/o desastre agropecuario en R\u00edo Negro, y lo prorrog\u00f3 en Santa Fe y La Pampa, a ra\u00edz de la sequ\u00eda que afecta a esas provincias. La decisi\u00f3n se formaliz\u00f3 a trav\u00e9s de tres resoluciones, publicadas este viernes en el Bolet\u00edn Oficial. En el caso de R\u00edo Negro, la declaraci\u00f3n beneficia a las explotaciones ganaderas bovinas, ovinas y caprinas y se&#8230;<\/p>\n","protected":false},"author":3,"featured_media":99186,"comment_status":"closed","ping_status":"closed","sticky":false,"template":"","format":"standard","meta":[],"categories":[2],"tags":[],"_links":{"self":[{"href":"https:\/\/www.actualidadadiario.com\/index.php\/wp-json\/wp\/v2\/posts\/108785"}],"collection":[{"href":"https:\/\/www.actualidadadiario.com\/index.php\/wp-json\/wp\/v2\/posts"}],"about":[{"href":"https:\/\/www.actualidadadiario.com\/index.php\/wp-json\/wp\/v2\/types\/post"}],"author":[{"embeddable":true,"href":"https:\/\/www.actualidadadiario.com\/index.php\/wp-json\/wp\/v2\/users\/3"}],"replies":[{"embeddable":true,"href":"https:\/\/www.actualidadadiario.com\/index.php\/wp-json\/wp\/v2\/comments?post=108785"}],"version-history":[{"count":1,"href":"https:\/\/www.actualidadadiario.com\/index.php\/wp-json\/wp\/v2\/posts\/108785\/revisions"}],"predecessor-version":[{"id":108786,"href":"https:\/\/www.actualidadadiario.com\/index.php\/wp-json\/wp\/v2\/posts\/108785\/revisions\/108786"}],"wp:featuredmedia":[{"embeddable":true,"href":"https:\/\/www.actualidadadiario.com\/index.php\/wp-json\/wp\/v2\/media\/99186"}],"wp:attachment":[{"href":"https:\/\/www.actualidadadiario.com\/index.php\/wp-json\/wp\/v2\/media?parent=108785"}],"wp:term":[{"taxonomy":"category","embeddable":true,"href":"https:\/\/www.actualidadadiario.com\/index.php\/wp-json\/wp\/v2\/categories?post=108785"},{"taxonomy":"post_tag","embeddable":true,"href":"https:\/\/www.actualidadadiario.com\/index.php\/wp-json\/wp\/v2\/tags?post=108785"}],"curies":[{"name":"wp","href":"https:\/\/api.w.org\/{rel}","templated":true}]}}