{"id":108781,"date":"2023-09-29T12:27:22","date_gmt":"2023-09-29T15:27:22","guid":{"rendered":"https:\/\/www.actualidadadiario.com\/?p=108781"},"modified":"2023-09-29T12:27:22","modified_gmt":"2023-09-29T15:27:22","slug":"covid-19-piden-que-10-millones-de-argentinos-vuelvan-a-vacunarse","status":"publish","type":"post","link":"https:\/\/www.actualidadadiario.com\/index.php\/2023\/09\/29\/covid-19-piden-que-10-millones-de-argentinos-vuelvan-a-vacunarse\/","title":{"rendered":"Covid-19: piden que 10 millones de argentinos vuelvan a vacunarse"},"content":{"rendered":"<p style=\"text-align: center;\"><em><strong>Este pedido impulsado por el Ministerio de Salud de la Naci\u00f3n est\u00e1 focalizado en evitar cuadros severos y el riesgo de hospitalizaci\u00f3n<\/strong><\/em><\/p>\n<p>&nbsp;<\/p>\n<p>&nbsp;<\/p>\n<p>El Ministerio de Salud de la Naci\u00f3n confirm\u00f3 que m\u00e1s de 10 millones de ciudadanos argentinos mayores de 50 a\u00f1os no recibieron ninguna dosis de refuerzo contra el Covid-19 desde hace 6 meses, por lo que deben volver a vacunarse para poder mantener la protecci\u00f3n.<\/p>\n<p>Este pedido est\u00e1 focalizado en evitar cuadros severos y el riesgo de hospitalizaci\u00f3n ante una reca\u00edda.<\/p>\n<p>\u201cM\u00e1s all\u00e1 de que las personas puedan contar con el esquema primario completo, la estrategia de refuerzo de vacunas contra la COVID-19 es fundamental para mantener una protecci\u00f3n adecuada a fin de prevenir complicaciones, hospitalizaciones y muertes por esta enfermedad\u201d, precisaron desde la cartera sanitaria.<\/p>\n<p>&nbsp;<\/p>\n<p><strong>Un aumento considerable de casos de Covid-19 en Argentina<\/strong><\/p>\n<p>Los casos positivos de Covid-19 informados en la Argentina se incrementaron durante el \u00faltimo mes casi un 120 por ciento, por lo que volvieron a encenderse las alarmas sanitarias.<\/p>\n<p>Seg\u00fan el Ministerio de la Salud de la Naci\u00f3n, en la semana del 21 al 27 de agosto los casos reportados eran 1.480, pero del 11 al 17 de septiembre se notificaron 3.187 casos, es decir con un crecimiento superior al 100 por ciento.<\/p>\n<p>Los investigadores relacionan el incremento de casos de coronavirus con la circulaci\u00f3n de la nueva variante subvariante EG.5.<\/p>\n<p>Aunque por el momento la curva de positivos es menor a los conocidos en pleno r\u00e9cord de casos de 2021 y principios de 2022, las autoridades advirtieron que las personas deben seguir vacun\u00e1ndose contra el coronavirus.<\/p>\n<p>Con respecto a los internados, se comunic\u00f3 que tambi\u00e9n hubo un aumento de camas utilizadas para positivos de Covid-19: &#8220;En las semanas epidemiol\u00f3gicas (SE31-37), el promedio de casos continu\u00f3 con tendencia ascendente, alcanzando 206 notificaciones por semana&#8221;, indica el bolet\u00edn epidemiol\u00f3gico de la cartera.<\/p>\n<p>Esta semana comenz\u00f3 a verse una disminuci\u00f3n en los casos relacionada a la \u00e9poca del a\u00f1o y a pesar de esta notificaci\u00f3n sostienen la necesidad de inocularse para combatir el virus.<\/p>\n<p>&#8220;Es fundamental aumentar las coberturas de vacunaci\u00f3n, tanto contra el Covid como contra la gripe, especialmente en poblaciones vulnerables&#8221;, indic\u00f3 la epidemi\u00f3loga del Ministerio de Salud, Anal\u00eda Rearte.<\/p>\n<p>Las \u00faltimas recomendaciones de la cartera sanitaria y del Consejo Federal de Salud indican que todas las personas a partir de los seis meses de edad deben contar con al menos el esquema primario completo y un refuerzo aplicado en los \u00faltimos seis meses.<\/p>\n<p>Para las personas sanas, consideradas de riesgo bajo, se aconseja una dosis de refuerzo anual; y se considera que las personas de 50 a\u00f1os o mayores, las personas gestantes y las que tienen inmunocompromiso a partir de los seis meses de vida est\u00e1n en riesgo alto de padecer Covid grave, por lo que deben aplicarse una dosis de refuerzo a los seis meses desde la \u00faltima dosis aplicada y continuar con la misma periodicidad.<\/p>\n","protected":false},"excerpt":{"rendered":"<p>Este pedido impulsado por el Ministerio de Salud de la Naci\u00f3n est\u00e1 focalizado en evitar cuadros severos y el riesgo de hospitalizaci\u00f3n &nbsp; &nbsp; El Ministerio de Salud de la Naci\u00f3n confirm\u00f3 que m\u00e1s de 10 millones de ciudadanos argentinos mayores de 50 a\u00f1os no recibieron ninguna dosis de refuerzo contra el Covid-19 desde hace 6 meses, por lo que deben volver a vacunarse para poder mantener la protecci\u00f3n. Este pedido est\u00e1 focalizado en evitar cuadros severos y el riesgo de hospitalizaci\u00f3n ante una reca\u00edda. \u201cM\u00e1s all\u00e1 de que las&#8230;<\/p>\n","protected":false},"author":3,"featured_media":108704,"comment_status":"closed","ping_status":"closed","sticky":false,"template":"","format":"standard","meta":[],"categories":[9],"tags":[],"_links":{"self":[{"href":"https:\/\/www.actualidadadiario.com\/index.php\/wp-json\/wp\/v2\/posts\/108781"}],"collection":[{"href":"https:\/\/www.actualidadadiario.com\/index.php\/wp-json\/wp\/v2\/posts"}],"about":[{"href":"https:\/\/www.actualidadadiario.com\/index.php\/wp-json\/wp\/v2\/types\/post"}],"author":[{"embeddable":true,"href":"https:\/\/www.actualidadadiario.com\/index.php\/wp-json\/wp\/v2\/users\/3"}],"replies":[{"embeddable":true,"href":"https:\/\/www.actualidadadiario.com\/index.php\/wp-json\/wp\/v2\/comments?post=108781"}],"version-history":[{"count":1,"href":"https:\/\/www.actualidadadiario.com\/index.php\/wp-json\/wp\/v2\/posts\/108781\/revisions"}],"predecessor-version":[{"id":108782,"href":"https:\/\/www.actualidadadiario.com\/index.php\/wp-json\/wp\/v2\/posts\/108781\/revisions\/108782"}],"wp:featuredmedia":[{"embeddable":true,"href":"https:\/\/www.actualidadadiario.com\/index.php\/wp-json\/wp\/v2\/media\/108704"}],"wp:attachment":[{"href":"https:\/\/www.actualidadadiario.com\/index.php\/wp-json\/wp\/v2\/media?parent=108781"}],"wp:term":[{"taxonomy":"category","embeddable":true,"href":"https:\/\/www.actualidadadiario.com\/index.php\/wp-json\/wp\/v2\/categories?post=108781"},{"taxonomy":"post_tag","embeddable":true,"href":"https:\/\/www.actualidadadiario.com\/index.php\/wp-json\/wp\/v2\/tags?post=108781"}],"curies":[{"name":"wp","href":"https:\/\/api.w.org\/{rel}","templated":true}]}}