{"id":108776,"date":"2023-09-29T10:18:44","date_gmt":"2023-09-29T13:18:44","guid":{"rendered":"https:\/\/www.actualidadadiario.com\/?p=108776"},"modified":"2023-09-29T10:18:44","modified_gmt":"2023-09-29T13:18:44","slug":"manana-comienza-el-pago-al-personal-activo-y-pasivo-del-estado-provincial","status":"publish","type":"post","link":"https:\/\/www.actualidadadiario.com\/index.php\/2023\/09\/29\/manana-comienza-el-pago-al-personal-activo-y-pasivo-del-estado-provincial\/","title":{"rendered":"Ma\u00f1ana comienza el pago al personal activo y pasivo del Estado provincial"},"content":{"rendered":"<p style=\"text-align: center;\"><em><strong>El s\u00e1bado 30 de septiembre comienza el pago al personal activo y pasivo de la administraci\u00f3n p\u00fablica entrerriana que incluye el incremento del 18,9 por ciento en sus haberes. En lo que va del a\u00f1o, el aumento salarial de la provincia acumula un 104 por ciento<\/strong><\/em><\/p>\n<p>&nbsp;<\/p>\n<p>&nbsp;<\/p>\n<p>El ministro de Econom\u00eda, Hugo Ballay, dio a conocer este mi\u00e9rcoles que el s\u00e1bado 30 de septiembre comenzar\u00e1 el cronograma de pagos para las y los trabajadores, activos y pasivos, del Estado entrerriano. \u201cSe liquidar\u00e1 el aumento del 18,9 por ciento sobre los haberes de septiembre acordado en las reuniones paritarias con los gremios estatales y docentes\u201d, record\u00f3.<\/p>\n<p>En ese marco, el titular de la cartera econ\u00f3mica resalt\u00f3 que \u201ceste incremento adem\u00e1s de contener el porcentaje necesario para poner a los salarios de los trabajadores por encima de la inflaci\u00f3n, incluye un ocho por ciento de adelanto con respecto a la inflaci\u00f3n de septiembre, lo cual era un reclamo de los gremios\u201d.<\/p>\n<p>Por \u00faltimo, Ballay record\u00f3 que \u201cel aumento salarial que otorgamos en la provincia en lo que va del a\u00f1o representa un acumulado del 104 por ciento, contra una inflaci\u00f3n acumulada del 80,2 por ciento\u201d. Adem\u00e1s, \u201clas paritarias siguen abiertas con el objetivo de llegar a nuevos acuerdos que permitan proteger el ingreso del personal docente, enfermeros y enfermeras, polic\u00edas y de las y los trabajadores de la provincia\u201d, concluy\u00f3.<\/p>\n<p>&nbsp;<\/p>\n<p><strong>Cronograma<\/strong><\/p>\n<p><strong>S\u00e1bado 30 de septiembre:<\/strong> Haberes de hasta 200.000 pesos.<\/p>\n<p><strong>Martes 3 de octubre:<\/strong> haberes desde 200.001 a 300.000 pesos.<\/p>\n<p><strong>Mi\u00e9rcoles 4 de octubre:<\/strong> haberes desde 300.001 a 390.000 pesos.<\/p>\n<p><strong>Jueves 5 de octubre:<\/strong> haberes desde 390.001 a 515.000 pesos.<\/p>\n<p><strong>Viernes 6 de octubre:<\/strong> haberes superiores a 515.000 pesos.<\/p>\n","protected":false},"excerpt":{"rendered":"<p>El s\u00e1bado 30 de septiembre comienza el pago al personal activo y pasivo de la administraci\u00f3n p\u00fablica entrerriana que incluye el incremento del 18,9 por ciento en sus haberes. En lo que va del a\u00f1o, el aumento salarial de la provincia acumula un 104 por ciento &nbsp; &nbsp; El ministro de Econom\u00eda, Hugo Ballay, dio a conocer este mi\u00e9rcoles que el s\u00e1bado 30 de septiembre comenzar\u00e1 el cronograma de pagos para las y los trabajadores, activos y pasivos, del Estado entrerriano. \u201cSe liquidar\u00e1 el aumento del 18,9 por ciento sobre&#8230;<\/p>\n","protected":false},"author":3,"featured_media":104897,"comment_status":"closed","ping_status":"closed","sticky":false,"template":"","format":"standard","meta":[],"categories":[9,15],"tags":[],"_links":{"self":[{"href":"https:\/\/www.actualidadadiario.com\/index.php\/wp-json\/wp\/v2\/posts\/108776"}],"collection":[{"href":"https:\/\/www.actualidadadiario.com\/index.php\/wp-json\/wp\/v2\/posts"}],"about":[{"href":"https:\/\/www.actualidadadiario.com\/index.php\/wp-json\/wp\/v2\/types\/post"}],"author":[{"embeddable":true,"href":"https:\/\/www.actualidadadiario.com\/index.php\/wp-json\/wp\/v2\/users\/3"}],"replies":[{"embeddable":true,"href":"https:\/\/www.actualidadadiario.com\/index.php\/wp-json\/wp\/v2\/comments?post=108776"}],"version-history":[{"count":1,"href":"https:\/\/www.actualidadadiario.com\/index.php\/wp-json\/wp\/v2\/posts\/108776\/revisions"}],"predecessor-version":[{"id":108777,"href":"https:\/\/www.actualidadadiario.com\/index.php\/wp-json\/wp\/v2\/posts\/108776\/revisions\/108777"}],"wp:featuredmedia":[{"embeddable":true,"href":"https:\/\/www.actualidadadiario.com\/index.php\/wp-json\/wp\/v2\/media\/104897"}],"wp:attachment":[{"href":"https:\/\/www.actualidadadiario.com\/index.php\/wp-json\/wp\/v2\/media?parent=108776"}],"wp:term":[{"taxonomy":"category","embeddable":true,"href":"https:\/\/www.actualidadadiario.com\/index.php\/wp-json\/wp\/v2\/categories?post=108776"},{"taxonomy":"post_tag","embeddable":true,"href":"https:\/\/www.actualidadadiario.com\/index.php\/wp-json\/wp\/v2\/tags?post=108776"}],"curies":[{"name":"wp","href":"https:\/\/api.w.org\/{rel}","templated":true}]}}